{"id":1849,"date":"2013-12-16T13:11:50","date_gmt":"2013-12-16T16:11:50","guid":{"rendered":"https:\/\/ciclovida.ufpr.br\/?p=1849"},"modified":"2013-12-16T13:11:50","modified_gmt":"2013-12-16T16:11:50","slug":"conheca-bicicletas-inteligentes-que-prometem-facilitar-a-vida-dos-ciclistas","status":"publish","type":"post","link":"https:\/\/ciclovida.ufpr.br\/?p=1849","title":{"rendered":"Conhe\u00e7a bicicletas inteligentes que prometem facilitar a vida dos ciclistas"},"content":{"rendered":"<p>Por <a href=\"http:\/\/www.hypeness.com.br\/2013\/12\/conheca-bicicletas-inteligentes-que-prometem-facilitar-a-vida-dos-ciclistas\/\">Hypeness<\/a><\/p>\n<p>\u00c9 um fato que as preocupa\u00e7\u00f5es com a polui\u00e7\u00e3o produzida pelo excesso de carros est\u00e3o aumentando. E talvez o passo seguinte seja facilitar a vida dos ciclistas e incentivar as pessoas a usar a bike como meio de transporte preferencial. Por isso s\u00e3o importantes projetos como o da <a href=\"http:\/\/senseable.mit.edu\/copenhagenwheel\/\" target=\"_blank\">Roda de Copenhague<\/a> e o da <a href=\"http:\/\/www.flykly.com\/\" target=\"_blank\">FlyKy<\/a>. Est\u00e1 na hora de conhec\u00ea-los.<\/p>\n<p>Um dos argumentos utilizados contra o uso da bicicleta pra ir, por exemplo, para o trabalho (e com raz\u00e3o) \u00e9 que, muitas vezes, o caminho obriga a esfor\u00e7os. E esfor\u00e7os acabam em suor. E chegar pingando ao trabalho n\u00e3o s\u00f3 n\u00e3o \u00e9 a coisa mais profissional que se pode fazer, como \u00e9 bem desconfort\u00e1vel.<\/p>\n<p>A <strong>Copenhaguen Wheel<\/strong>, ou <a href=\"https:\/\/www.facebook.com\/copenhagenwheel\" target=\"_blank\">Roda de Copenhague<\/a>, \u00e9 um equipamento que transforma qualquer bicicleta numa bicicleta inteligente. Ela \u00e9 basicamente uma roda traseira que aproveita a energia que vai acumulando nas descidas ou nas freadas pra acionar um motor quando for necess\u00e1rio aquele empurr\u00e3o. \u00c9 como se ela aprendesse como voc\u00ea pedala e o ajudasse sempre que preciso.<\/p>\n<p>Pra melhorar, ela funciona com um aplicativo para smartphone que permite ter estat\u00edsticas do passeio, monitorar o seu desempenho ou mostrar as condi\u00e7\u00f5es clim\u00e1ticas ou de tr\u00e1fego na cidade. D\u00e1 uma olhada no v\u00eddeo e nas fotos:<\/p>\n<p><iframe loading=\"lazy\" src=\"\/\/www.youtube.com\/embed\/S7y3qIQu3Gc\" height=\"315\" width=\"560\" allowfullscreen=\"\" frameborder=\"0\"><\/iframe><\/p>\n<p><a href=\"https:\/\/ciclovida.ufpr.br\/wp-content\/uploads\/2013\/12\/CopenhaguenWheel1.jpg\"><img loading=\"lazy\" decoding=\"async\" class=\"alignleft size-medium wp-image-1850\" alt=\"CopenhaguenWheel1\" src=\"https:\/\/ciclovida.ufpr.br\/wp-content\/uploads\/2013\/12\/CopenhaguenWheel1-300x199.jpg\" width=\"300\" height=\"199\" srcset=\"https:\/\/ciclovida.ufpr.br\/wp-content\/uploads\/2013\/12\/CopenhaguenWheel1-300x199.jpg 300w, https:\/\/ciclovida.ufpr.br\/wp-content\/uploads\/2013\/12\/CopenhaguenWheel1.jpg 628w\" sizes=\"auto, (max-width: 300px) 100vw, 300px\" \/><\/a>\u00a0 <a href=\"https:\/\/ciclovida.ufpr.br\/wp-content\/uploads\/2013\/12\/CopenhaguenWheel3.jpg\"><img loading=\"lazy\" decoding=\"async\" class=\"alignleft size-medium wp-image-1852\" alt=\"CopenhaguenWheel3\" src=\"https:\/\/ciclovida.ufpr.br\/wp-content\/uploads\/2013\/12\/CopenhaguenWheel3-300x199.jpg\" width=\"300\" height=\"199\" srcset=\"https:\/\/ciclovida.ufpr.br\/wp-content\/uploads\/2013\/12\/CopenhaguenWheel3-300x199.jpg 300w, https:\/\/ciclovida.ufpr.br\/wp-content\/uploads\/2013\/12\/CopenhaguenWheel3.jpg 628w\" sizes=\"auto, (max-width: 300px) 100vw, 300px\" \/><\/a> <a href=\"https:\/\/ciclovida.ufpr.br\/wp-content\/uploads\/2013\/12\/CopenhaguenWheel7.jpg\"><img loading=\"lazy\" decoding=\"async\" class=\"alignleft size-medium wp-image-1853\" alt=\"CopenhaguenWheel7\" src=\"https:\/\/ciclovida.ufpr.br\/wp-content\/uploads\/2013\/12\/CopenhaguenWheel7-300x225.jpg\" width=\"300\" height=\"225\" srcset=\"https:\/\/ciclovida.ufpr.br\/wp-content\/uploads\/2013\/12\/CopenhaguenWheel7-300x225.jpg 300w, https:\/\/ciclovida.ufpr.br\/wp-content\/uploads\/2013\/12\/CopenhaguenWheel7.jpg 628w\" sizes=\"auto, (max-width: 300px) 100vw, 300px\" \/><\/a> <a href=\"https:\/\/ciclovida.ufpr.br\/wp-content\/uploads\/2013\/12\/CopenhaguenWheel8.jpg\"><img loading=\"lazy\" decoding=\"async\" class=\"alignleft size-medium wp-image-1854\" alt=\"CopenhaguenWheel8\" src=\"https:\/\/ciclovida.ufpr.br\/wp-content\/uploads\/2013\/12\/CopenhaguenWheel8-300x180.jpg\" width=\"300\" height=\"180\" srcset=\"https:\/\/ciclovida.ufpr.br\/wp-content\/uploads\/2013\/12\/CopenhaguenWheel8-300x180.jpg 300w, https:\/\/ciclovida.ufpr.br\/wp-content\/uploads\/2013\/12\/CopenhaguenWheel8.jpg 628w\" sizes=\"auto, (max-width: 300px) 100vw, 300px\" \/><\/a><\/p>\n<p>&nbsp;<\/p>\n<p>&nbsp;<\/p>\n<p>&nbsp;<\/p>\n<p>&nbsp;<\/p>\n<p>&nbsp;<\/p>\n<p>Na pegada da anterior, a <a href=\"http:\/\/www.flykly.com\/\" target=\"_blank\">FlyKly<\/a> \u00e9 uma caixa acoplada na roda traseira que se adapta a todos os quadros de bicicleta. O receptor capta energia no momento em que voc\u00ea come\u00e7a a pedalar, pra depois a usar e otimizar conforme as necessidades. O motor pode ajudar o ciclista a chegar a <strong>25 km\/h<\/strong>, caso o tempo tamb\u00e9m seja um problema.<\/p>\n<p>Com conex\u00e3o via bluetooth 4.0 com iOS\/Android\/Pebble, o aparelho pode ser montado em rodas com 26\u2033 ou 29\u2033 e ainda tem o diferencial da seguran\u00e7a: a <strong>trava remota<\/strong> \u00e9 um sistema que permite travar remotamente, como o nome indica, as rodas e impedir que ela saia do lugar em caso de roubo.<\/p>\n<p>Abaixo as fotos da FlyKly.<\/p>\n<p><a href=\"https:\/\/ciclovida.ufpr.br\/wp-content\/uploads\/2013\/12\/FlyKly1.jpg\"><img loading=\"lazy\" decoding=\"async\" class=\"alignleft size-medium wp-image-1856\" alt=\"FlyKly1\" src=\"https:\/\/ciclovida.ufpr.br\/wp-content\/uploads\/2013\/12\/FlyKly1-300x200.jpg\" width=\"300\" height=\"200\" srcset=\"https:\/\/ciclovida.ufpr.br\/wp-content\/uploads\/2013\/12\/FlyKly1-300x200.jpg 300w, https:\/\/ciclovida.ufpr.br\/wp-content\/uploads\/2013\/12\/FlyKly1.jpg 628w\" sizes=\"auto, (max-width: 300px) 100vw, 300px\" \/><\/a> <a href=\"https:\/\/ciclovida.ufpr.br\/wp-content\/uploads\/2013\/12\/FlyKly2.jpg\"><img loading=\"lazy\" decoding=\"async\" class=\"alignleft size-medium wp-image-1857\" alt=\"FlyKly2\" src=\"https:\/\/ciclovida.ufpr.br\/wp-content\/uploads\/2013\/12\/FlyKly2-300x199.jpg\" width=\"300\" height=\"199\" srcset=\"https:\/\/ciclovida.ufpr.br\/wp-content\/uploads\/2013\/12\/FlyKly2-300x199.jpg 300w, https:\/\/ciclovida.ufpr.br\/wp-content\/uploads\/2013\/12\/FlyKly2.jpg 628w\" sizes=\"auto, (max-width: 300px) 100vw, 300px\" \/><\/a> <a href=\"https:\/\/ciclovida.ufpr.br\/wp-content\/uploads\/2013\/12\/FlyKly6.jpg\"><img loading=\"lazy\" decoding=\"async\" class=\"alignleft size-medium wp-image-1858\" alt=\"FlyKly6\" src=\"https:\/\/ciclovida.ufpr.br\/wp-content\/uploads\/2013\/12\/FlyKly6-300x200.jpg\" width=\"300\" height=\"200\" srcset=\"https:\/\/ciclovida.ufpr.br\/wp-content\/uploads\/2013\/12\/FlyKly6-300x200.jpg 300w, https:\/\/ciclovida.ufpr.br\/wp-content\/uploads\/2013\/12\/FlyKly6.jpg 628w\" sizes=\"auto, (max-width: 300px) 100vw, 300px\" \/><\/a> <a href=\"https:\/\/ciclovida.ufpr.br\/wp-content\/uploads\/2013\/12\/FlyKly7.jpg\"><img loading=\"lazy\" decoding=\"async\" class=\"alignleft size-medium wp-image-1859\" alt=\"FlyKly7\" src=\"https:\/\/ciclovida.ufpr.br\/wp-content\/uploads\/2013\/12\/FlyKly7-300x131.jpg\" width=\"300\" height=\"131\" srcset=\"https:\/\/ciclovida.ufpr.br\/wp-content\/uploads\/2013\/12\/FlyKly7-300x131.jpg 300w, https:\/\/ciclovida.ufpr.br\/wp-content\/uploads\/2013\/12\/FlyKly7.jpg 628w\" sizes=\"auto, (max-width: 300px) 100vw, 300px\" \/><\/a> <a href=\"https:\/\/ciclovida.ufpr.br\/wp-content\/uploads\/2013\/12\/FlyKly9.jpg\"><img loading=\"lazy\" decoding=\"async\" class=\"alignleft size-medium wp-image-1860\" alt=\"FlyKly9\" src=\"https:\/\/ciclovida.ufpr.br\/wp-content\/uploads\/2013\/12\/FlyKly9-300x199.jpg\" width=\"300\" height=\"199\" srcset=\"https:\/\/ciclovida.ufpr.br\/wp-content\/uploads\/2013\/12\/FlyKly9-300x199.jpg 300w, https:\/\/ciclovida.ufpr.br\/wp-content\/uploads\/2013\/12\/FlyKly9.jpg 628w\" sizes=\"auto, (max-width: 300px) 100vw, 300px\" \/><\/a> <a href=\"https:\/\/ciclovida.ufpr.br\/wp-content\/uploads\/2013\/12\/FlyKly11.jpg\"><img loading=\"lazy\" decoding=\"async\" class=\"alignleft size-medium wp-image-1861\" alt=\"FlyKly11\" src=\"https:\/\/ciclovida.ufpr.br\/wp-content\/uploads\/2013\/12\/FlyKly11-300x187.jpg\" width=\"300\" height=\"187\" srcset=\"https:\/\/ciclovida.ufpr.br\/wp-content\/uploads\/2013\/12\/FlyKly11-300x187.jpg 300w, https:\/\/ciclovida.ufpr.br\/wp-content\/uploads\/2013\/12\/FlyKly11.jpg 628w\" sizes=\"auto, (max-width: 300px) 100vw, 300px\" \/><\/a> <a href=\"https:\/\/ciclovida.ufpr.br\/wp-content\/uploads\/2013\/12\/FlyKly13.jpg\"><img loading=\"lazy\" decoding=\"async\" class=\"alignleft size-medium wp-image-1862\" alt=\"FlyKly13\" src=\"https:\/\/ciclovida.ufpr.br\/wp-content\/uploads\/2013\/12\/FlyKly13-300x199.jpg\" width=\"300\" height=\"199\" srcset=\"https:\/\/ciclovida.ufpr.br\/wp-content\/uploads\/2013\/12\/FlyKly13-300x199.jpg 300w, https:\/\/ciclovida.ufpr.br\/wp-content\/uploads\/2013\/12\/FlyKly13.jpg 628w\" sizes=\"auto, (max-width: 300px) 100vw, 300px\" \/><\/a><\/p>\n","protected":false},"excerpt":{"rendered":"<p>Por Hypeness \u00c9 um fato que as preocupa\u00e7\u00f5es com a polui\u00e7\u00e3o produzida pelo excesso de carros est\u00e3o aumentando. E talvez o passo seguinte seja facilitar a vida dos ciclistas e [&hellip;]<\/p>\n","protected":false},"author":5,"featured_media":0,"comment_status":"open","ping_status":"open","sticky":false,"template":"","format":"standard","meta":{"_uag_custom_page_level_css":"","ngg_post_thumbnail":0,"footnotes":""},"categories":[1],"tags":[],"class_list":["post-1849","post","type-post","status-publish","format-standard","hentry","category-noticias"],"gutentor_comment":7,"featured_image_src":"","featured_image_src_square":false,"author_info":{"display_name":"paulabianchi","author_link":"https:\/\/ciclovida.ufpr.br\/?author=5"},"rbea_author_info":{"display_name":"paulabianchi","author_link":"https:\/\/ciclovida.ufpr.br\/?author=5"},"rbea_excerpt_info":"Por Hypeness \u00c9 um fato que as preocupa\u00e7\u00f5es com a polui\u00e7\u00e3o produzida pelo excesso de carros est\u00e3o aumentando. E talvez o passo seguinte seja facilitar a vida dos ciclistas e [&hellip;]","category_list":"<a href=\"https:\/\/ciclovida.ufpr.br\/?cat=1\" rel=\"category\">Not\u00edcias<\/a>","comments_num":"0 comments","uagb_featured_image_src":{"full":false,"thumbnail":false,"medium":false,"medium_large":false,"large":false,"1536x1536":false,"2048x2048":false,"post-thumbnail":false,"twentytwenty-fullscreen":false},"uagb_author_info":{"display_name":"paulabianchi","author_link":"https:\/\/ciclovida.ufpr.br\/?author=5"},"uagb_comment_info":7,"uagb_excerpt":"Por Hypeness \u00c9 um fato que as preocupa\u00e7\u00f5es com a polui\u00e7\u00e3o produzida pelo excesso de carros est\u00e3o aumentando. E talvez o passo seguinte seja facilitar a vida dos ciclistas e [&hellip;]","wps_subtitle":"","_links":{"self":[{"href":"https:\/\/ciclovida.ufpr.br\/index.php?rest_route=\/wp\/v2\/posts\/1849","targetHints":{"allow":["GET"]}}],"collection":[{"href":"https:\/\/ciclovida.ufpr.br\/index.php?rest_route=\/wp\/v2\/posts"}],"about":[{"href":"https:\/\/ciclovida.ufpr.br\/index.php?rest_route=\/wp\/v2\/types\/post"}],"author":[{"embeddable":true,"href":"https:\/\/ciclovida.ufpr.br\/index.php?rest_route=\/wp\/v2\/users\/5"}],"replies":[{"embeddable":true,"href":"https:\/\/ciclovida.ufpr.br\/index.php?rest_route=%2Fwp%2Fv2%2Fcomments&post=1849"}],"version-history":[{"count":2,"href":"https:\/\/ciclovida.ufpr.br\/index.php?rest_route=\/wp\/v2\/posts\/1849\/revisions"}],"predecessor-version":[{"id":1863,"href":"https:\/\/ciclovida.ufpr.br\/index.php?rest_route=\/wp\/v2\/posts\/1849\/revisions\/1863"}],"wp:attachment":[{"href":"https:\/\/ciclovida.ufpr.br\/index.php?rest_route=%2Fwp%2Fv2%2Fmedia&parent=1849"}],"wp:term":[{"taxonomy":"category","embeddable":true,"href":"https:\/\/ciclovida.ufpr.br\/index.php?rest_route=%2Fwp%2Fv2%2Fcategories&post=1849"},{"taxonomy":"post_tag","embeddable":true,"href":"https:\/\/ciclovida.ufpr.br\/index.php?rest_route=%2Fwp%2Fv2%2Ftags&post=1849"}],"curies":[{"name":"wp","href":"https:\/\/api.w.org\/{rel}","templated":true}]}}