{"id":181,"date":"2011-07-11T18:21:15","date_gmt":"2011-07-11T21:21:15","guid":{"rendered":"https:\/\/ciclovida.ufpr.br\/?p=181"},"modified":"2011-07-11T18:21:15","modified_gmt":"2011-07-11T21:21:15","slug":"ciclovida-participa-da-fundacao-da-cicloiguacu","status":"publish","type":"post","link":"https:\/\/ciclovida.ufpr.br\/?p=181","title":{"rendered":"CICLOVIDA participa da funda\u00e7\u00e3o da CICLOIGUA\u00c7U"},"content":{"rendered":"<p style=\"text-align: justify;\"><span style=\"color: #808080;\"><a href=\"http:\/\/www.bicicleteiros.com.br\/wp-content\/uploads\/2011\/05\/Acai.jpg\"><img loading=\"lazy\" decoding=\"async\" class=\"aligncenter size-full wp-image-552\" title=\"Acai\" src=\"http:\/\/www.bicicleteiros.com.br\/wp-content\/uploads\/2011\/05\/Acai.jpg\" alt=\"\" width=\"800\" height=\"540\" \/><\/a><\/span>Curitiba, que na propaganda \u00e9 a Capital Ecol\u00f3gica, no dia a dia de quem precisa se locomover j\u00e1 se tornou a Capital do Caos Motorizado &#8211; segundo o censo do IBGE 2010, Curitiba \u00e9 a capital com maior n\u00famero de ve\u00edculos por habitante. O transporte coletivo que no passado j\u00e1 foi considerado modelo, hoje obsoleto e um dos mais caros do Brasil, atende precariamente seus usu\u00e1rios.<\/p>\n<p style=\"text-align: justify;\">\u00c9 nesta realidade que nasce a Associa\u00e7\u00e3o de Ciclistas do Alto Igua\u00e7u, com mais de 50 associados assinando a ata de funda\u00e7\u00e3o, em ato ocorrido neste domingo, dia 22 de maio, \u00e0s 16 horas no Solar do Bar\u00e3o. Data que marca tamb\u00e9m o encerramento da exposi\u00e7\u00e3o <a title=\"Arte, Bicicleta e Mobilidade\" href=\"http:\/\/artebicicletamobilidade.wordpress.com\/\" target=\"_blank\">MOB <\/a>&#8211; Arte, Bicicleta e Mobilidade.<\/p>\n<div class=\"mceTemp\" style=\"text-align: justify;\">\n<dl id=\"attachment_553\" class=\"wp-caption alignleft\" style=\"width: 235px;\">\n<dt class=\"wp-caption-dt\"><a href=\"http:\/\/www.bicicleteiros.com.br\/wp-content\/uploads\/2011\/05\/pla.jpg\"><img loading=\"lazy\" decoding=\"async\" class=\"size-medium wp-image-553\" title=\"pla\" src=\"http:\/\/www.bicicleteiros.com.br\/wp-content\/uploads\/2011\/05\/pla-225x300.jpg\" alt=\"\" width=\"225\" height=\"300\" \/><\/a><\/dt>\n<dd class=\"wp-caption-dd\">Pl\u00e1, o Cantor das Bicicletas, mais um ilustre fundador da Associa\u00e7\u00e3o de Ciclistas do Alto Igua\u00e7u<\/dd>\n<\/dl>\n<\/div>\n<p style=\"text-align: justify;\">A Associa\u00e7\u00e3o tem sua origem num movimento coletivo e espont\u00e2neo, a <a title=\"Bicicletada Curitiba\" href=\"http:\/\/bicicletadacuritiba.wordpress.com\/\" target=\"_blank\">Bicicletada<\/a>, dela saem seus principais idealizadores. Jaques Brand, um deles, em seu animado discurso destacou a import\u00e2ncia da Bicicletada enquanto embri\u00e3o da Associa\u00e7\u00e3o. J\u00e1 Tiago Assun\u00e7\u00e3o, advogado e mestre em Educa\u00e7\u00e3o, destaca o papel cultural e de conscientiza\u00e7\u00e3o que a entidade ir\u00e1 desenvolver, ele que ser\u00e1 um dos coordenadores do N\u00facleo de Educa\u00e7\u00e3o. Carlos Bellotto, coordenador do Ciclovida da UFPR, pautou uma primeira grande a\u00e7\u00e3o: divulgar de maneira ostensiva o Artigo 58 do C\u00f3digo de Tr\u00e2nsito que determina a prefer\u00eancia das bicicletas em vias que n\u00e3o existam ciclovias ou ciclofaixas.<\/p>\n<p style=\"text-align: justify;\">Vale destacar que em recente <a title=\"SIPS Mobilidade Urbana\" href=\"http:\/\/www.ipea.gov.br\/portal\/images\/stories\/PDFs\/SIPS\/110504_sips_mobilidadeurbana.pdf\" target=\"_blank\">pesquisa do IPEA<\/a> &#8211; Instituto de Pesquisa Econ\u00f4mica Aplicada &#8211; s\u00e3o apresentados dados que se referem a uma m\u00e9dia nacional das grandes cidades, nela apenas 1,64% das pessoas utilizam a bicicleta para seus deslocamentos di\u00e1rios. Este n\u00famero poderia ser significativamente maior se houvessem vias para bicicletas e uma cultura de respeito aos ciclistas.<\/p>\n<figure id=\"attachment_575\" aria-describedby=\"caption-attachment-575\" style=\"width: 225px\" class=\"wp-caption alignright\"><a href=\"http:\/\/www.bicicleteiros.com.br\/wp-content\/uploads\/2011\/05\/JaquesBrand4.jpg\"><img loading=\"lazy\" decoding=\"async\" class=\"size-medium wp-image-575\" title=\"JaquesBrand\" src=\"http:\/\/www.bicicleteiros.com.br\/wp-content\/uploads\/2011\/05\/JaquesBrand4-225x300.jpg\" alt=\"\" width=\"225\" height=\"300\" \/><\/a><figcaption id=\"caption-attachment-575\" class=\"wp-caption-text\">Jaques Brand, um dos pioneiros do cicloativismo em Curitiba<\/figcaption><\/figure>\n<p>Como destaca Jorge Brand<em>, &#8220;a Associa\u00e7\u00e3o tem por objetivo fomentar a Cultura da bicicleta e tamb\u00e9m servir de um canal de di\u00e1logo com o poder p\u00fablico da cidade&#8221;. <\/em>Refor\u00e7ando esta ideia, o poeta e organizador dos tr\u00e2mites legais da Associa\u00e7\u00e3o, Rodolfo Jaruga, falou da import\u00e2ncia e significado que a entidade traz \u00e0 luta por melhores condi\u00e7\u00f5es para os ciclistas.<\/p>\n<p style=\"text-align: justify;\">Na pr\u00f3xima sexta-feira, dia 27 \u00e0s 19 horas na reitoria da UFPR, acontecer\u00e1 mais uma reuni\u00e3o na qual ser\u00e1 finalizado o Estatuto e tamb\u00e9m composta a diretoria. Todos os ciclistas que tiverem interesse em participar e contribuir est\u00e3o convidados. S\u00e1bado (28\/05) pela manh\u00e3, como em todo \u00faltimo s\u00e1bado do m\u00eas, acontece a <a href=\"http:\/\/bicicletadacuritiba.wordpress.com\/2011\/05\/13\/reuniao-da-associacao-de-ciclistas-musica-para-sair-da-bolha\/\" target=\"_blank\">BICICLETADA<\/a>, concentra\u00e7\u00e3o \u00e0s 10h no p\u00e1tio da UFPR, de onde os ciclistas saem em passeio pelas principais ruas do centro de Curitiba.<\/p>\n","protected":false},"excerpt":{"rendered":"<p>Curitiba, que na propaganda \u00e9 a Capital Ecol\u00f3gica, no dia a dia de quem precisa se locomover j\u00e1 se tornou a Capital do Caos Motorizado &#8211; segundo o censo do [&hellip;]<\/p>\n","protected":false},"author":2,"featured_media":0,"comment_status":"open","ping_status":"open","sticky":false,"template":"","format":"standard","meta":{"_uag_custom_page_level_css":"","ngg_post_thumbnail":0,"footnotes":""},"categories":[1],"tags":[10,11,12],"class_list":["post-181","post","type-post","status-publish","format-standard","hentry","category-noticias","tag-associacao-dos-ciclistas-do-alto-iguacu","tag-bicicletada","tag-ciclovida"],"gutentor_comment":2,"featured_image_src":"","featured_image_src_square":false,"author_info":{"display_name":"Ciclovida","author_link":"https:\/\/ciclovida.ufpr.br\/?author=2"},"rbea_author_info":{"display_name":"Ciclovida","author_link":"https:\/\/ciclovida.ufpr.br\/?author=2"},"rbea_excerpt_info":"Curitiba, que na propaganda \u00e9 a Capital Ecol\u00f3gica, no dia a dia de quem precisa se locomover j\u00e1 se tornou a Capital do Caos Motorizado &#8211; segundo o censo do [&hellip;]","category_list":"<a href=\"https:\/\/ciclovida.ufpr.br\/?cat=1\" rel=\"category\">Not\u00edcias<\/a>","comments_num":"0 comments","uagb_featured_image_src":{"full":false,"thumbnail":false,"medium":false,"medium_large":false,"large":false,"1536x1536":false,"2048x2048":false,"post-thumbnail":false,"twentytwenty-fullscreen":false},"uagb_author_info":{"display_name":"Ciclovida","author_link":"https:\/\/ciclovida.ufpr.br\/?author=2"},"uagb_comment_info":2,"uagb_excerpt":"Curitiba, que na propaganda \u00e9 a Capital Ecol\u00f3gica, no dia a dia de quem precisa se locomover j\u00e1 se tornou a Capital do Caos Motorizado &#8211; segundo o censo do [&hellip;]","wps_subtitle":"","_links":{"self":[{"href":"https:\/\/ciclovida.ufpr.br\/index.php?rest_route=\/wp\/v2\/posts\/181","targetHints":{"allow":["GET"]}}],"collection":[{"href":"https:\/\/ciclovida.ufpr.br\/index.php?rest_route=\/wp\/v2\/posts"}],"about":[{"href":"https:\/\/ciclovida.ufpr.br\/index.php?rest_route=\/wp\/v2\/types\/post"}],"author":[{"embeddable":true,"href":"https:\/\/ciclovida.ufpr.br\/index.php?rest_route=\/wp\/v2\/users\/2"}],"replies":[{"embeddable":true,"href":"https:\/\/ciclovida.ufpr.br\/index.php?rest_route=%2Fwp%2Fv2%2Fcomments&post=181"}],"version-history":[{"count":2,"href":"https:\/\/ciclovida.ufpr.br\/index.php?rest_route=\/wp\/v2\/posts\/181\/revisions"}],"predecessor-version":[{"id":183,"href":"https:\/\/ciclovida.ufpr.br\/index.php?rest_route=\/wp\/v2\/posts\/181\/revisions\/183"}],"wp:attachment":[{"href":"https:\/\/ciclovida.ufpr.br\/index.php?rest_route=%2Fwp%2Fv2%2Fmedia&parent=181"}],"wp:term":[{"taxonomy":"category","embeddable":true,"href":"https:\/\/ciclovida.ufpr.br\/index.php?rest_route=%2Fwp%2Fv2%2Fcategories&post=181"},{"taxonomy":"post_tag","embeddable":true,"href":"https:\/\/ciclovida.ufpr.br\/index.php?rest_route=%2Fwp%2Fv2%2Ftags&post=181"}],"curies":[{"name":"wp","href":"https:\/\/api.w.org\/{rel}","templated":true}]}}