{"id":1791,"date":"2013-10-31T10:52:23","date_gmt":"2013-10-31T13:52:23","guid":{"rendered":"https:\/\/ciclovida.ufpr.br\/?p=1791"},"modified":"2013-10-30T21:55:32","modified_gmt":"2013-10-31T00:55:32","slug":"rapaz-holandes-e-repugnado-pelos-estados-unidos-mas-tem-um-otimo-ponto","status":"publish","type":"post","link":"https:\/\/ciclovida.ufpr.br\/?p=1791","title":{"rendered":"Rapaz holand\u00eas \u00e9 repugnado pelos Estados Unidos mas tem um \u00f3timo ponto!"},"content":{"rendered":"<p>Por <a href=\"http:\/\/www.upworthy.com\/a-dutch-guy-is-disgusted-by-america-but-he-has-a-hell-of-a-point?g=2\">UPWORTHY<\/a><\/p>\n<p>&nbsp;<\/p>\n<p><span>Al\u00e9m de ser capaz de oferecer o melhor reprimenda de todos os tempos, a conclus\u00e3o deste ciclista holand\u00eas \u00e9 inescapavelmente precisa: os Estados Unidos n\u00e3o levam bicicletas s\u00e9rio.\u00a0<\/span><span>Se algu\u00e9m a\u00ed v\u00ea uma desvantagem para os americanos andarem mais de bicicleta, por favor me esclare\u00e7a.\u00a0<\/span><span>Se voc\u00ea precisar de mim, eu vou ser o \u00fanico apresentado firmemente debaixo de um pneu de caminh\u00e3o.<\/span><\/p>\n<p>&nbsp;<\/p>\n<p>&nbsp;<\/p>\n<p><iframe loading=\"lazy\" src=\"\/\/www.youtube.com\/embed\/m2THe_10dYs\" height=\"315\" width=\"560\" allowfullscreen=\"\" frameborder=\"0\"><\/iframe><\/p>\n","protected":false},"excerpt":{"rendered":"<p>Por UPWORTHY &nbsp; Al\u00e9m de ser capaz de oferecer o melhor reprimenda de todos os tempos, a conclus\u00e3o deste ciclista holand\u00eas \u00e9 inescapavelmente precisa: os Estados Unidos n\u00e3o levam bicicletas [&hellip;]<\/p>\n","protected":false},"author":5,"featured_media":0,"comment_status":"open","ping_status":"open","sticky":false,"template":"","format":"standard","meta":{"_uag_custom_page_level_css":"","ngg_post_thumbnail":0,"footnotes":""},"categories":[1],"tags":[],"class_list":["post-1791","post","type-post","status-publish","format-standard","hentry","category-noticias"],"gutentor_comment":9,"featured_image_src":"","featured_image_src_square":false,"author_info":{"display_name":"paulabianchi","author_link":"https:\/\/ciclovida.ufpr.br\/?author=5"},"rbea_author_info":{"display_name":"paulabianchi","author_link":"https:\/\/ciclovida.ufpr.br\/?author=5"},"rbea_excerpt_info":"Por UPWORTHY &nbsp; Al\u00e9m de ser capaz de oferecer o melhor reprimenda de todos os tempos, a conclus\u00e3o deste ciclista holand\u00eas \u00e9 inescapavelmente precisa: os Estados Unidos n\u00e3o levam bicicletas [&hellip;]","category_list":"<a href=\"https:\/\/ciclovida.ufpr.br\/?cat=1\" rel=\"category\">Not\u00edcias<\/a>","comments_num":"0 comments","uagb_featured_image_src":{"full":false,"thumbnail":false,"medium":false,"medium_large":false,"large":false,"1536x1536":false,"2048x2048":false,"post-thumbnail":false,"twentytwenty-fullscreen":false},"uagb_author_info":{"display_name":"paulabianchi","author_link":"https:\/\/ciclovida.ufpr.br\/?author=5"},"uagb_comment_info":9,"uagb_excerpt":"Por UPWORTHY &nbsp; Al\u00e9m de ser capaz de oferecer o melhor reprimenda de todos os tempos, a conclus\u00e3o deste ciclista holand\u00eas \u00e9 inescapavelmente precisa: os Estados Unidos n\u00e3o levam bicicletas [&hellip;]","wps_subtitle":"","_links":{"self":[{"href":"https:\/\/ciclovida.ufpr.br\/index.php?rest_route=\/wp\/v2\/posts\/1791","targetHints":{"allow":["GET"]}}],"collection":[{"href":"https:\/\/ciclovida.ufpr.br\/index.php?rest_route=\/wp\/v2\/posts"}],"about":[{"href":"https:\/\/ciclovida.ufpr.br\/index.php?rest_route=\/wp\/v2\/types\/post"}],"author":[{"embeddable":true,"href":"https:\/\/ciclovida.ufpr.br\/index.php?rest_route=\/wp\/v2\/users\/5"}],"replies":[{"embeddable":true,"href":"https:\/\/ciclovida.ufpr.br\/index.php?rest_route=%2Fwp%2Fv2%2Fcomments&post=1791"}],"version-history":[{"count":2,"href":"https:\/\/ciclovida.ufpr.br\/index.php?rest_route=\/wp\/v2\/posts\/1791\/revisions"}],"predecessor-version":[{"id":1793,"href":"https:\/\/ciclovida.ufpr.br\/index.php?rest_route=\/wp\/v2\/posts\/1791\/revisions\/1793"}],"wp:attachment":[{"href":"https:\/\/ciclovida.ufpr.br\/index.php?rest_route=%2Fwp%2Fv2%2Fmedia&parent=1791"}],"wp:term":[{"taxonomy":"category","embeddable":true,"href":"https:\/\/ciclovida.ufpr.br\/index.php?rest_route=%2Fwp%2Fv2%2Fcategories&post=1791"},{"taxonomy":"post_tag","embeddable":true,"href":"https:\/\/ciclovida.ufpr.br\/index.php?rest_route=%2Fwp%2Fv2%2Ftags&post=1791"}],"curies":[{"name":"wp","href":"https:\/\/api.w.org\/{rel}","templated":true}]}}