{"id":1784,"date":"2013-10-30T21:50:27","date_gmt":"2013-10-31T00:50:27","guid":{"rendered":"https:\/\/ciclovida.ufpr.br\/?p=1784"},"modified":"2013-10-30T21:50:27","modified_gmt":"2013-10-31T00:50:27","slug":"em-quase-todos-os-paises-europeu-bicicletas-estao-vendendo-mais-do-que-carros","status":"publish","type":"post","link":"https:\/\/ciclovida.ufpr.br\/?p=1784","title":{"rendered":"Em quase todos os pa\u00edses europeu, bicicletas est\u00e3o vendendo mais do que carros"},"content":{"rendered":"<p>Por <a href=\"http:\/\/www.npr.org\/blogs\/parallels\/2013\/10\/24\/240493422\/in-most-every-european-country-bikes-are-outselling-cars\">NPR<\/a><\/p>\n<p style=\"text-align: center;\"><a href=\"https:\/\/ciclovida.ufpr.br\/wp-content\/uploads\/2013\/10\/181170680_wide-020fe99ccdfa9bb7d5dc5681953ad19baf7c8edf-s40-c85.jpg\"><img loading=\"lazy\" decoding=\"async\" class=\"aligncenter  wp-image-1785\" alt=\"181170680_wide-020fe99ccdfa9bb7d5dc5681953ad19baf7c8edf-s40-c85\" src=\"https:\/\/ciclovida.ufpr.br\/wp-content\/uploads\/2013\/10\/181170680_wide-020fe99ccdfa9bb7d5dc5681953ad19baf7c8edf-s40-c85.jpg\" width=\"574\" height=\"322\" srcset=\"https:\/\/ciclovida.ufpr.br\/wp-content\/uploads\/2013\/10\/181170680_wide-020fe99ccdfa9bb7d5dc5681953ad19baf7c8edf-s40-c85.jpg 1120w, https:\/\/ciclovida.ufpr.br\/wp-content\/uploads\/2013\/10\/181170680_wide-020fe99ccdfa9bb7d5dc5681953ad19baf7c8edf-s40-c85-300x168.jpg 300w, https:\/\/ciclovida.ufpr.br\/wp-content\/uploads\/2013\/10\/181170680_wide-020fe99ccdfa9bb7d5dc5681953ad19baf7c8edf-s40-c85-1024x575.jpg 1024w\" sizes=\"auto, (max-width: 574px) 100vw, 574px\" \/><\/a><\/p>\n<p style=\"text-align: center;\">\n<p><span>Sabemos que os europeus amam suas bicicletas &#8211; pense em\u00a0<\/span><a href=\"http:\/\/www.huffingtonpost.com\/2012\/01\/03\/amsterdam-bike-culture-model_n_1182002.html\" target=\"_blank\"><span>Amsterdam<\/span><\/a><span>\u00a0ou\u00a0<\/span><a href=\"http:\/\/www.copenhagenize.com\/2011\/01\/old-school-parisian-bicycle-culture.html\" target=\"_blank\"><span>Paris<\/span><\/a><span><span>\u00a0.\u00a0<\/span><span>Dinamarca\u00a0<\/span><\/span><span><a href=\"http:\/\/www.npr.org\/2012\/09\/01\/160386904\/in-bike-friendly-copenhagen-highways-for-cyclists\" target=\"_blank\">ainda tem estradas<\/a>\u00a0<\/span><span>especificamente para os ciclistas.<\/span><\/p>\n<p><span>Na verdade, no in\u00edcio deste m\u00eas,\u00a0<\/span><a href=\"http:\/\/www.npr.org\/blogs\/parallels\/2013\/10\/06\/229287871\/car-centric-spain-begins-to-embrace-the-bicycle\" target=\"_blank\"><span>da NPR Lauren Frayer relatou que a Espanha<\/span><\/a><span>\u00a0, que h\u00e1 muito tempo tem um caso de amor com os carros, est\u00e1 abra\u00e7ando a bicicleta: Pela primeira vez na hist\u00f3ria, Lauren observou, bicicletas venderam mais que os carros no pa\u00eds.<\/span><\/p>\n<p><span><span><a href=\"https:\/\/ciclovida.ufpr.br\/wp-content\/uploads\/2013\/10\/new-passenger-car-and-bicycle-sales-2012-_chartbuilder_custom-52ce0e51cc669b1c7267930f2f65dda1c5ceb3ba-s3-c85.png\"><img loading=\"lazy\" decoding=\"async\" class=\"alignleft size-medium wp-image-1786\" alt=\"new-passenger-car-and-bicycle-sales-2012-_chartbuilder_custom-52ce0e51cc669b1c7267930f2f65dda1c5ceb3ba-s3-c85\" src=\"https:\/\/ciclovida.ufpr.br\/wp-content\/uploads\/2013\/10\/new-passenger-car-and-bicycle-sales-2012-_chartbuilder_custom-52ce0e51cc669b1c7267930f2f65dda1c5ceb3ba-s3-c85-187x300.png\" width=\"187\" height=\"300\" srcset=\"https:\/\/ciclovida.ufpr.br\/wp-content\/uploads\/2013\/10\/new-passenger-car-and-bicycle-sales-2012-_chartbuilder_custom-52ce0e51cc669b1c7267930f2f65dda1c5ceb3ba-s3-c85-187x300.png 187w, https:\/\/ciclovida.ufpr.br\/wp-content\/uploads\/2013\/10\/new-passenger-car-and-bicycle-sales-2012-_chartbuilder_custom-52ce0e51cc669b1c7267930f2f65dda1c5ceb3ba-s3-c85.png 462w\" sizes=\"auto, (max-width: 187px) 100vw, 187px\" \/><\/a>Mas isso est\u00e1 se tornando um fen\u00f4meno em todo o Continente.\u00a0<\/span><span>Mais bicicletas foram vendidas na\u00a0<\/span><\/span><a href=\"http:\/\/www.telegraph.co.uk\/finance\/newsbysector\/transport\/9581180\/More-bikes-sold-than-cars-in-Italy-for-first-time-since-WW2.html\" target=\"_blank\"><span>It\u00e1lia<\/span><\/a><span>\u00a0do que carros &#8211; pela primeira vez desde a Segunda Guerra Mundial.<\/span><\/p>\n<p><span>Isto levou-nos a olhar para os n\u00fameros em todos os 27 Estados membros da Uni\u00e3o Europeia, tanto para\u00a0<\/span><a href=\"http:\/\/www.acea.be\/news\/news_detail\/new_vehicle_registrations_by_country\/\" target=\"_blank\"><span>carros<\/span><\/a><span>\u00a0e\u00a0<\/span><a href=\"http:\/\/issuu.com\/coliped\/docs\/european_bicycle_market___industry_\/21?e=1475043\/5326982\" target=\"_blank\"><span>bicicletas<\/span><\/a><span><span>\u00a0.<\/span><span>Registros de carros novos para Chipre e Malta n\u00e3o estavam dispon\u00edveis, de modo que os levou para fora da compara\u00e7\u00e3o.<\/span><\/span><\/p>\n<p><span><span>Eis o que encontramos: as vendas de bicicletas ultrapassaram as vendas de carros novos no ano passado em cada um desses pa\u00edses, com excep\u00e7\u00e3o da B\u00e9lgica e do Luxemburgo.\u00a0<\/span><span>Os cinco principais pa\u00edses de vendas de bicicletas podem ser vistos no top chart.<\/span><\/span><\/p>\n<p><span><span>Decidimos aprofundar um pouco mais sobre os n\u00fameros e ver qual desses pa\u00edses tiveram as maiores taxas de propriedade bicicleta-to-car.\u00a0<\/span><span>Esses estados podem ser vistos na segunda tabela.<\/span><\/span><\/p>\n<p><span>Ent\u00e3o, o que explica os n\u00fameros?<\/span><\/p>\n<p><span>Partes dos dados pode ser explicada pela queda nas\u00a0<\/span><a href=\"http:\/\/www.npr.org\/2011\/10\/26\/141712554\/athenians-take-to-bicycles-to-ride-out-crisis\" target=\"_blank\"><span>vendas de autom\u00f3veis<\/span><\/a><span><span>\u00a0na Europa.\u00a0<\/span><span>As vendas de carros atingiram uma baixa<\/span><\/span><a href=\"http:\/\/www.cnbc.com\/id\/100893088\" target=\"_blank\"><span>\u00a0de 20 anos<\/span><\/a><span>\u00a0no in\u00edcio deste ano. N<\/span><a href=\"http:\/\/www.reuters.com\/article\/2013\/10\/16\/us-europe-autos-idUSBRE99F0AI20131016\" target=\"_blank\"><span>\u00fameros mais recentes <\/span><\/a><span>mostraram que eles estavam se recuperando.<\/span><\/p>\n<p><span><a href=\"https:\/\/ciclovida.ufpr.br\/wp-content\/uploads\/2013\/10\/where-bikes-outsold-cars-the-most-in-2012_chartbuilder_custom-a15dd9600ccb70ba6a2fd894c74f28ae95e0ab39-s3-c85.png\"><img loading=\"lazy\" decoding=\"async\" class=\"size-medium wp-image-1787 alignleft\" alt=\"where-bikes-outsold-cars-the-most-in-2012_chartbuilder_custom-a15dd9600ccb70ba6a2fd894c74f28ae95e0ab39-s3-c85\" src=\"https:\/\/ciclovida.ufpr.br\/wp-content\/uploads\/2013\/10\/where-bikes-outsold-cars-the-most-in-2012_chartbuilder_custom-a15dd9600ccb70ba6a2fd894c74f28ae95e0ab39-s3-c85-187x300.png\" width=\"187\" height=\"300\" srcset=\"https:\/\/ciclovida.ufpr.br\/wp-content\/uploads\/2013\/10\/where-bikes-outsold-cars-the-most-in-2012_chartbuilder_custom-a15dd9600ccb70ba6a2fd894c74f28ae95e0ab39-s3-c85-187x300.png 187w, https:\/\/ciclovida.ufpr.br\/wp-content\/uploads\/2013\/10\/where-bikes-outsold-cars-the-most-in-2012_chartbuilder_custom-a15dd9600ccb70ba6a2fd894c74f28ae95e0ab39-s3-c85.png 462w\" sizes=\"auto, (max-width: 187px) 100vw, 187px\" \/><\/a>Esse decl\u00ednio coincidiu com a recess\u00e3o mundial, que atingiu\u00a0<\/span><span><a href=\"http:\/\/www.npr.org\/blogs\/thetwo-way\/2013\/08\/14\/211936547\/is-europes-recession-really-over-its-too-soon-to-say\" target=\"_blank\">as economias europeias em um momento particularmente<\/a>\u00a0dif\u00edcil<\/span><span>\u00a0, embora haja\u00a0<\/span><a href=\"http:\/\/www.npr.org\/templates\/story\/story.php?storyId=240291615\" target=\"_blank\"><span>sinais de<\/span><\/a><span>\u00a0que podem estar se recuperando.<\/span><\/p>\n<p><span><span>Os EUA tem se sa\u00eddo muito melhor.\u00a0<\/span><span>No m\u00eas passado, as vendas de carros saltaram para\u00a0<\/span><\/span><a href=\"http:\/\/www.npr.org\/2013\/09\/05\/219177446\/business-news\" target=\"_blank\"><span>n\u00edveis pr\u00e9-recess\u00e3o<\/span><\/a><span><span>\u00a0.\u00a0<\/span><span>Mas as montadoras americanas enfrentam outro problema:\u00a0<\/span><\/span><a href=\"http:\/\/www.motortrend.com\/features\/auto_news\/2012\/1208_why_young_people_are_driving_less\/\" target=\"_blank\"><span>Millennials n\u00e3o est\u00e3o interessados \u200b\u200bem comprar carros<\/span><\/a><span><span>\u00a0.\u00a0<\/span><span>As vendas de bicicletas, por outro lado, s\u00e3o\u00a0<\/span><\/span><a href=\"http:\/\/nbda.com\/articles\/industry-overview-2012-pg34.htm\" target=\"_blank\"><span>s\u00f3lidas<\/span><\/a><span>\u00a0.<\/span><\/p>\n","protected":false},"excerpt":{"rendered":"<p>Por NPR Sabemos que os europeus amam suas bicicletas &#8211; pense em\u00a0Amsterdam\u00a0ou\u00a0Paris\u00a0.\u00a0Dinamarca\u00a0ainda tem estradas\u00a0especificamente para os ciclistas. Na verdade, no in\u00edcio deste m\u00eas,\u00a0da NPR Lauren Frayer relatou que a Espanha\u00a0, [&hellip;]<\/p>\n","protected":false},"author":5,"featured_media":0,"comment_status":"open","ping_status":"open","sticky":false,"template":"","format":"standard","meta":{"_uag_custom_page_level_css":"","ngg_post_thumbnail":0,"footnotes":""},"categories":[1],"tags":[],"class_list":["post-1784","post","type-post","status-publish","format-standard","hentry","category-noticias"],"gutentor_comment":268,"featured_image_src":"","featured_image_src_square":false,"author_info":{"display_name":"paulabianchi","author_link":"https:\/\/ciclovida.ufpr.br\/?author=5"},"rbea_author_info":{"display_name":"paulabianchi","author_link":"https:\/\/ciclovida.ufpr.br\/?author=5"},"rbea_excerpt_info":"Por NPR Sabemos que os europeus amam suas bicicletas &#8211; pense em\u00a0Amsterdam\u00a0ou\u00a0Paris\u00a0.\u00a0Dinamarca\u00a0ainda tem estradas\u00a0especificamente para os ciclistas. Na verdade, no in\u00edcio deste m\u00eas,\u00a0da NPR Lauren Frayer relatou que a Espanha\u00a0, [&hellip;]","category_list":"<a href=\"https:\/\/ciclovida.ufpr.br\/?cat=1\" rel=\"category\">Not\u00edcias<\/a>","comments_num":"0 comments","uagb_featured_image_src":{"full":false,"thumbnail":false,"medium":false,"medium_large":false,"large":false,"1536x1536":false,"2048x2048":false,"post-thumbnail":false,"twentytwenty-fullscreen":false},"uagb_author_info":{"display_name":"paulabianchi","author_link":"https:\/\/ciclovida.ufpr.br\/?author=5"},"uagb_comment_info":268,"uagb_excerpt":"Por NPR Sabemos que os europeus amam suas bicicletas &#8211; pense em\u00a0Amsterdam\u00a0ou\u00a0Paris\u00a0.\u00a0Dinamarca\u00a0ainda tem estradas\u00a0especificamente para os ciclistas. Na verdade, no in\u00edcio deste m\u00eas,\u00a0da NPR Lauren Frayer relatou que a Espanha\u00a0, [&hellip;]","wps_subtitle":"","_links":{"self":[{"href":"https:\/\/ciclovida.ufpr.br\/index.php?rest_route=\/wp\/v2\/posts\/1784","targetHints":{"allow":["GET"]}}],"collection":[{"href":"https:\/\/ciclovida.ufpr.br\/index.php?rest_route=\/wp\/v2\/posts"}],"about":[{"href":"https:\/\/ciclovida.ufpr.br\/index.php?rest_route=\/wp\/v2\/types\/post"}],"author":[{"embeddable":true,"href":"https:\/\/ciclovida.ufpr.br\/index.php?rest_route=\/wp\/v2\/users\/5"}],"replies":[{"embeddable":true,"href":"https:\/\/ciclovida.ufpr.br\/index.php?rest_route=%2Fwp%2Fv2%2Fcomments&post=1784"}],"version-history":[{"count":3,"href":"https:\/\/ciclovida.ufpr.br\/index.php?rest_route=\/wp\/v2\/posts\/1784\/revisions"}],"predecessor-version":[{"id":1790,"href":"https:\/\/ciclovida.ufpr.br\/index.php?rest_route=\/wp\/v2\/posts\/1784\/revisions\/1790"}],"wp:attachment":[{"href":"https:\/\/ciclovida.ufpr.br\/index.php?rest_route=%2Fwp%2Fv2%2Fmedia&parent=1784"}],"wp:term":[{"taxonomy":"category","embeddable":true,"href":"https:\/\/ciclovida.ufpr.br\/index.php?rest_route=%2Fwp%2Fv2%2Fcategories&post=1784"},{"taxonomy":"post_tag","embeddable":true,"href":"https:\/\/ciclovida.ufpr.br\/index.php?rest_route=%2Fwp%2Fv2%2Ftags&post=1784"}],"curies":[{"name":"wp","href":"https:\/\/api.w.org\/{rel}","templated":true}]}}