{"id":1759,"date":"2013-10-16T19:20:35","date_gmt":"2013-10-16T22:20:35","guid":{"rendered":"https:\/\/ciclovida.ufpr.br\/?p=1759"},"modified":"2013-10-16T19:20:35","modified_gmt":"2013-10-16T22:20:35","slug":"para-haddad-privilegiar-o-carro-e-como-privatizar-sao-paulo","status":"publish","type":"post","link":"https:\/\/ciclovida.ufpr.br\/?p=1759","title":{"rendered":"Para Haddad, privilegiar o carro \u00e9 como privatizar S\u00e3o Paulo"},"content":{"rendered":"<p>Por <a href=\"http:\/\/www1.folha.uol.com.br\/cotidiano\/2013\/10\/1353935-haddad-diz-que-esperava-perder-apoio-com-faixas-exclusivas-de-onibus.shtml#articleNew\">Folha<\/a><\/p>\n<p>O uso irrespons\u00e1vel do carro e sua supremacia em detrimento a outros meios de transporte s\u00e3o os maiores erros no direcionamento das pol\u00edticas p\u00fablicas para o tr\u00e2nsito paulistano. A cr\u00edtica \u00e9 do prefeito de S\u00e3o Paulo, Fernando Haddad (PT), ao abrir na manh\u00e3 desta quarta-feira (9) o primeiro dia do F\u00f3rum de Mobilidade Urbana da\u00a0<b>Folha<\/b>.<\/p>\n<p style=\"text-align: center;\"><a href=\"https:\/\/ciclovida.ufpr.br\/wp-content\/uploads\/2013\/10\/325010-970x600-1.jpeg\"><img loading=\"lazy\" decoding=\"async\" class=\"aligncenter  wp-image-1760\" alt=\"325010-970x600-1\" src=\"https:\/\/ciclovida.ufpr.br\/wp-content\/uploads\/2013\/10\/325010-970x600-1.jpeg\" width=\"524\" height=\"324\" \/><\/a><\/p>\n<p><a href=\"http:\/\/www1.folha.uol.com.br\/especial\/2013\/mobilidadeurbana\/\"><b>Veja o especial sobre mobilidade urbana<\/b><\/a><\/p>\n<p>Para ele, a sensa\u00e7\u00e3o \u00e9 de que toda a superf\u00edcie da cidade foi privatizada com a escolha do meio de transporte classificada por ele como &#8216;indigesta&#8217;. &#8220;Todo investimento vi\u00e1rio de S\u00e3o Paulo teve o carro como benefici\u00e1rio direto. As marginais s\u00e3o prova disso&#8221;, analisou.<\/p>\n<p>Ele tamb\u00e9m analisou sua principal bandeira no que diz respeito ao transporte p\u00fablico: as faixas exclusivas de \u00f4nibus. Haddad afirmou que acreditava que fosse perder apoio. Mas isso n\u00e3o aconteceu, segundo ele pr\u00f3prio.<\/p>\n<p>&#8220;Estou muito otimista com o futuro de S\u00e3o Paulo&#8221;, disse o prefeito no audit\u00f3rio do Tucarena, na zona oeste da cidade.<\/p>\n<p>Para o prefeito, S\u00e3o Paulo tem uma malha vi\u00e1ria significativa, mas n\u00e3o h\u00e1 espa\u00e7o para todos os ve\u00edculos particulares. &#8220;O problema n\u00e3o \u00e9 todo mundo ter carro. O problema \u00e9 o modo de usar&#8221;, afirma. &#8220;Os meios vi\u00e1rios d\u00e3o foco demais no carro como meio de transporte. Toda a superf\u00edcie de S\u00e3o Paulo \u00e9 privada&#8221;, analisa.<\/p>\n<p>A maioria das faixas exclusivas de \u00f4nibus foram implantadas pela gest\u00e3o de Haddad ap\u00f3s o in\u00edcio da onda de protestos que derrubou o pre\u00e7o da tarifa, em junho. Inicialmente, a meta era fazer 150 km at\u00e9 2016. Ap\u00f3s os protestos, passou para 220 km e j\u00e1 foi superada: a cidade atingiu 224,6 km de faixas com essa \u00faltima a\u00e7\u00e3o.<\/p>\n<p>Cada uma das faixas implantadas tem hor\u00e1rio de ativa\u00e7\u00e3o diferenciado de acordo com as caracter\u00edsticas do vi\u00e1rio onde foi implantada. Os corredores de \u00f4nibus possuem regras diferentes &#8211;tamb\u00e9m s\u00e3o compartilhados com os t\u00e1xis em qualquer dia e hor\u00e1rio, desde que o ve\u00edculo esteja com passageiro e n\u00e3o usem pel\u00edculas escuras nos vidros.<\/p>\n<p>Ele citou o legado de Curitiba que, na d\u00e9cada de 1970, criou o sistema de corredores exclusivos para \u00f4nibus articulados, o BRT e revolucionou o ir e vir dos curitibanos.<\/p>\n<p>&#8220;N\u00f3s exportamos para o mundo inteiro [tecnologia de transporte] e n\u00e3o exportamos essa mesma tecnologia para outras cidades&#8221;, disse.<\/p>\n","protected":false},"excerpt":{"rendered":"<p>Por Folha O uso irrespons\u00e1vel do carro e sua supremacia em detrimento a outros meios de transporte s\u00e3o os maiores erros no direcionamento das pol\u00edticas p\u00fablicas para o tr\u00e2nsito paulistano. [&hellip;]<\/p>\n","protected":false},"author":5,"featured_media":0,"comment_status":"open","ping_status":"open","sticky":false,"template":"","format":"standard","meta":{"_uag_custom_page_level_css":"","ngg_post_thumbnail":0,"footnotes":""},"categories":[1],"tags":[],"class_list":["post-1759","post","type-post","status-publish","format-standard","hentry","category-noticias"],"gutentor_comment":12,"featured_image_src":"","featured_image_src_square":false,"author_info":{"display_name":"paulabianchi","author_link":"https:\/\/ciclovida.ufpr.br\/?author=5"},"rbea_author_info":{"display_name":"paulabianchi","author_link":"https:\/\/ciclovida.ufpr.br\/?author=5"},"rbea_excerpt_info":"Por Folha O uso irrespons\u00e1vel do carro e sua supremacia em detrimento a outros meios de transporte s\u00e3o os maiores erros no direcionamento das pol\u00edticas p\u00fablicas para o tr\u00e2nsito paulistano. [&hellip;]","category_list":"<a href=\"https:\/\/ciclovida.ufpr.br\/?cat=1\" rel=\"category\">Not\u00edcias<\/a>","comments_num":"0 comments","uagb_featured_image_src":{"full":false,"thumbnail":false,"medium":false,"medium_large":false,"large":false,"1536x1536":false,"2048x2048":false,"post-thumbnail":false,"twentytwenty-fullscreen":false},"uagb_author_info":{"display_name":"paulabianchi","author_link":"https:\/\/ciclovida.ufpr.br\/?author=5"},"uagb_comment_info":12,"uagb_excerpt":"Por Folha O uso irrespons\u00e1vel do carro e sua supremacia em detrimento a outros meios de transporte s\u00e3o os maiores erros no direcionamento das pol\u00edticas p\u00fablicas para o tr\u00e2nsito paulistano. [&hellip;]","wps_subtitle":"","_links":{"self":[{"href":"https:\/\/ciclovida.ufpr.br\/index.php?rest_route=\/wp\/v2\/posts\/1759","targetHints":{"allow":["GET"]}}],"collection":[{"href":"https:\/\/ciclovida.ufpr.br\/index.php?rest_route=\/wp\/v2\/posts"}],"about":[{"href":"https:\/\/ciclovida.ufpr.br\/index.php?rest_route=\/wp\/v2\/types\/post"}],"author":[{"embeddable":true,"href":"https:\/\/ciclovida.ufpr.br\/index.php?rest_route=\/wp\/v2\/users\/5"}],"replies":[{"embeddable":true,"href":"https:\/\/ciclovida.ufpr.br\/index.php?rest_route=%2Fwp%2Fv2%2Fcomments&post=1759"}],"version-history":[{"count":1,"href":"https:\/\/ciclovida.ufpr.br\/index.php?rest_route=\/wp\/v2\/posts\/1759\/revisions"}],"predecessor-version":[{"id":1761,"href":"https:\/\/ciclovida.ufpr.br\/index.php?rest_route=\/wp\/v2\/posts\/1759\/revisions\/1761"}],"wp:attachment":[{"href":"https:\/\/ciclovida.ufpr.br\/index.php?rest_route=%2Fwp%2Fv2%2Fmedia&parent=1759"}],"wp:term":[{"taxonomy":"category","embeddable":true,"href":"https:\/\/ciclovida.ufpr.br\/index.php?rest_route=%2Fwp%2Fv2%2Fcategories&post=1759"},{"taxonomy":"post_tag","embeddable":true,"href":"https:\/\/ciclovida.ufpr.br\/index.php?rest_route=%2Fwp%2Fv2%2Ftags&post=1759"}],"curies":[{"name":"wp","href":"https:\/\/api.w.org\/{rel}","templated":true}]}}