{"id":1749,"date":"2013-09-29T19:52:53","date_gmt":"2013-09-29T22:52:53","guid":{"rendered":"https:\/\/ciclovida.ufpr.br\/?p=1749"},"modified":"2013-09-29T19:52:53","modified_gmt":"2013-09-29T22:52:53","slug":"sanepar-inaugura-bicicletario-na-sede-em-curitiba","status":"publish","type":"post","link":"https:\/\/ciclovida.ufpr.br\/?p=1749","title":{"rendered":"Sanepar inaugura biciclet\u00e1rio na sede em Curitiba"},"content":{"rendered":"<p>Por <a href=\"http:\/\/www.aen.pr.gov.br\/modules\/noticias\/article.php?storyid=76939&amp;tit=Sanepar-inaugura-bicicletario-na-sede-em-Curitiba\">Ag\u00eancia de Not\u00edcias do Paran\u00e1<\/a><\/p>\n<p>&nbsp;<\/p>\n<p>A Companhia de Saneamento do Paran\u00e1 (Sanepar) inaugurou nesta sexta-feira (27) seu biciclet\u00e1rio na sede, em Curitiba. A obra faz parte de um projeto interno chamado Ecociclo, que desenvolve atividades para incentivar o uso da bicicleta como meio de transporte entre os empregados da Companhia. A a\u00e7\u00e3o tamb\u00e9m integra o CicloParan\u00e1, do Governo do Estado, que apoia e promove a\u00e7\u00f5es de incentivo \u00e0 ado\u00e7\u00e3o de h\u00e1bitos saud\u00e1veis, como o uso da bicicleta.<\/p>\n<p>\u201cCom o biciclet\u00e1rio queremos dar melhores condi\u00e7\u00f5es para que o empregado venha trabalhar de bicicleta e, assim, adote h\u00e1bitos saud\u00e1veis e contribua para a redu\u00e7\u00e3o da polui\u00e7\u00e3o e de problemas no tr\u00e2nsito. \u00c9 uma forma simb\u00f3lica de dizer ao empregado para praticar sa\u00fade e de reconhecer a bicicleta como um meio eficiente e sustent\u00e1vel de transporte. Faremos um invent\u00e1rio para mensurar a contribui\u00e7\u00e3o do biciclet\u00e1rio em rela\u00e7\u00e3o \u00e0 redu\u00e7\u00e3o da emiss\u00e3o de g\u00e1s carb\u00f4nico\u201d, diz o diretor de Meio Ambiente, P\u00e9ricles Weber.<\/p>\n<p>Criado pelo arquiteto da Sanepar, Marcelo Gaspar Figueiredo, o biciclet\u00e1rio tem uma \u00e1rea coberta de 80 m\u00b2, com capacidade de acomoda\u00e7\u00e3o de at\u00e9 60 bicicletas. \u201cA expectativa \u00e9 que o biciclet\u00e1rio da sede seja um \u00edcone representativo do posicionamento ambiental da Sanepar e um marco na mobilidade dos empregados da Companhia\u201d, explica o diretor de Investimentos da Sanepar, Jo\u00e3o Martinho Cleto Reis J\u00fanior.<\/p>\n<p>Ciclista h\u00e1 quatro meses, o empregado Juarez Fernandes Siqueira ficou contente com o biciclet\u00e1rio. \u201cFui \u00e0 inaugura\u00e7\u00e3o e gostei muito. Deixei minha bicicleta l\u00e1 porque senti seguran\u00e7a e vi que a cobertura vai proteg\u00ea-la. Minha bicicleta \u00e9 nova e eu tenho muito cuidado com ela\u201d, diz. Antes, Juarez ia ao trabalho de carro, gastando entre 20 e 40 minutos para fazer os cinco quil\u00f4metros de dist\u00e2ncia entre sua casa e a Sanepar. \u201cAgora fa\u00e7o com tranquilidade em 20 minutos esse trajeto, n\u00e3o fico preso no tr\u00e2nsito, n\u00e3o me incomodo se o estacionamento est\u00e1 cheio ou n\u00e3o e fa\u00e7o exerc\u00edcio ao ar livre. Melhorou minha sa\u00fade e quero come\u00e7ar a pedalar tamb\u00e9m nos fins de semana\u201d, explica. Juarez \u00e9 motorista na Sanepar h\u00e1 oito anos.<\/p>\n<p>O evento foi realizado em comemora\u00e7\u00e3o ao m\u00eas da bicicleta, institu\u00eddo pela lei estadual 316\/12. O autor do projeto de lei, deputado Raska Rodrigues, esteve presente na inaugura\u00e7\u00e3o, e disse que com o biciclet\u00e1rio a Sanepar d\u00e1 a primeira pedalada e incentiva outras empresas a tamb\u00e9m fazerem o mesmo. \u201cO uso da bicicleta \u00e9 parte de uma mudan\u00e7a cultural, para a qual o apoio das empresas \u00e9 fundamental\u201d.<\/p>\n<p>Na inaugura\u00e7\u00e3o tamb\u00e9m estiveram presentes representantes de outras institui\u00e7\u00f5es que incentivam o uso da bicicleta, como a Celepar e a Universidade Federal do Paran\u00e1 (UFPR). \u201cAinda n\u00e3o temos um biciclet\u00e1rio como este da Sanepar. Vim para conhecer, tirar fotos e levar a experi\u00eancia para meus colegas\u201d, diz o analista de inform\u00e1tica da Celepar, Luis Patr\u00edcio, articulador para o uso da bicicleta na sua empresa. Entusiasta da ideia, ele usa a bicicleta todos os dias, inclusive para levar os filhos pequenos (de dois e tr\u00eas anos) para a escola, em cadeirinhas pr\u00f3prias.<\/p>\n<p>O coordenador do programa de extens\u00e3o CicloVida, Jos\u00e9 Carlos Belotto, representou a UFPR. \u201c\u00c9 \u00f3tima essa iniciativa da Sanepar. As empresas e os gestores t\u00eam papel fundamental na mudan\u00e7a cultural que \u00e9 reconhecer a bicicleta como um modal importante de transporte de interesse social. A bicicleta traz ganhos de sa\u00fade e economia ao usu\u00e1rio, mas tamb\u00e9m traz ganhos para toda a sociedade como a redu\u00e7\u00e3o da polui\u00e7\u00e3o e dos problemas de tr\u00e2nsito. Um biciclet\u00e1rio \u00e9 uma forma de respeito ao ciclista e de incentivo \u00e0 pr\u00e1tica do ciclismo\u201d, diz. ECOCICLO &#8211; Durante a inaugura\u00e7\u00e3o foram distribu\u00eddos coletes com faixas refletoras, ferramentas importantes para a seguran\u00e7a dos ciclistas. Al\u00e9m da entrega do biciclet\u00e1rio, a Sanepar tamb\u00e9m est\u00e1 abrindo a exposi\u00e7\u00e3o de fotos &#8220;O Sanepariano e a bicicleta em seu cotidiano&#8221;, na sala Tadeu Wantroba, na sede em Curitiba. A empresa tamb\u00e9m promove, para seus empregados, um passeio cicl\u00edstico na regi\u00e3o dos Mananciais da Serra, em Piraquara, no s\u00e1bado (28).<\/p>\n<p>Saiba mais sobre o trabalho do governo do Estado em:\u00a0<a href=\"http:\/\/www.facebook.com\/governopr\">http:\/\/\/www.facebook.com\/governopr<\/a>\u00a0e<a href=\"http:\/\/www.pr.gov.br\/\">www.pr.gov.br<\/a><\/p>\n","protected":false},"excerpt":{"rendered":"<p>Por Ag\u00eancia de Not\u00edcias do Paran\u00e1 &nbsp; A Companhia de Saneamento do Paran\u00e1 (Sanepar) inaugurou nesta sexta-feira (27) seu biciclet\u00e1rio na sede, em Curitiba. A obra faz parte de um [&hellip;]<\/p>\n","protected":false},"author":5,"featured_media":0,"comment_status":"open","ping_status":"open","sticky":false,"template":"","format":"standard","meta":{"_uag_custom_page_level_css":"","ngg_post_thumbnail":0,"footnotes":""},"categories":[1],"tags":[],"class_list":["post-1749","post","type-post","status-publish","format-standard","hentry","category-noticias"],"gutentor_comment":1,"featured_image_src":"","featured_image_src_square":false,"author_info":{"display_name":"paulabianchi","author_link":"https:\/\/ciclovida.ufpr.br\/?author=5"},"rbea_author_info":{"display_name":"paulabianchi","author_link":"https:\/\/ciclovida.ufpr.br\/?author=5"},"rbea_excerpt_info":"Por Ag\u00eancia de Not\u00edcias do Paran\u00e1 &nbsp; A Companhia de Saneamento do Paran\u00e1 (Sanepar) inaugurou nesta sexta-feira (27) seu biciclet\u00e1rio na sede, em Curitiba. A obra faz parte de um [&hellip;]","category_list":"<a href=\"https:\/\/ciclovida.ufpr.br\/?cat=1\" rel=\"category\">Not\u00edcias<\/a>","comments_num":"0 comments","uagb_featured_image_src":{"full":false,"thumbnail":false,"medium":false,"medium_large":false,"large":false,"1536x1536":false,"2048x2048":false,"post-thumbnail":false,"twentytwenty-fullscreen":false},"uagb_author_info":{"display_name":"paulabianchi","author_link":"https:\/\/ciclovida.ufpr.br\/?author=5"},"uagb_comment_info":1,"uagb_excerpt":"Por Ag\u00eancia de Not\u00edcias do Paran\u00e1 &nbsp; A Companhia de Saneamento do Paran\u00e1 (Sanepar) inaugurou nesta sexta-feira (27) seu biciclet\u00e1rio na sede, em Curitiba. A obra faz parte de um [&hellip;]","wps_subtitle":"","_links":{"self":[{"href":"https:\/\/ciclovida.ufpr.br\/index.php?rest_route=\/wp\/v2\/posts\/1749","targetHints":{"allow":["GET"]}}],"collection":[{"href":"https:\/\/ciclovida.ufpr.br\/index.php?rest_route=\/wp\/v2\/posts"}],"about":[{"href":"https:\/\/ciclovida.ufpr.br\/index.php?rest_route=\/wp\/v2\/types\/post"}],"author":[{"embeddable":true,"href":"https:\/\/ciclovida.ufpr.br\/index.php?rest_route=\/wp\/v2\/users\/5"}],"replies":[{"embeddable":true,"href":"https:\/\/ciclovida.ufpr.br\/index.php?rest_route=%2Fwp%2Fv2%2Fcomments&post=1749"}],"version-history":[{"count":1,"href":"https:\/\/ciclovida.ufpr.br\/index.php?rest_route=\/wp\/v2\/posts\/1749\/revisions"}],"predecessor-version":[{"id":1750,"href":"https:\/\/ciclovida.ufpr.br\/index.php?rest_route=\/wp\/v2\/posts\/1749\/revisions\/1750"}],"wp:attachment":[{"href":"https:\/\/ciclovida.ufpr.br\/index.php?rest_route=%2Fwp%2Fv2%2Fmedia&parent=1749"}],"wp:term":[{"taxonomy":"category","embeddable":true,"href":"https:\/\/ciclovida.ufpr.br\/index.php?rest_route=%2Fwp%2Fv2%2Fcategories&post=1749"},{"taxonomy":"post_tag","embeddable":true,"href":"https:\/\/ciclovida.ufpr.br\/index.php?rest_route=%2Fwp%2Fv2%2Ftags&post=1749"}],"curies":[{"name":"wp","href":"https:\/\/api.w.org\/{rel}","templated":true}]}}