{"id":1731,"date":"2013-09-27T20:22:26","date_gmt":"2013-09-27T23:22:26","guid":{"rendered":"https:\/\/ciclovida.ufpr.br\/?p=1731"},"modified":"2013-10-30T22:04:05","modified_gmt":"2013-10-31T01:04:05","slug":"carro-moto-e-bike-foram-os-primeiros-no-desafio-intermodal-de-sjp","status":"publish","type":"post","link":"https:\/\/ciclovida.ufpr.br\/?p=1731","title":{"rendered":"Carro, moto e bike foram os primeiros no Desafio Intermodal de SJP"},"content":{"rendered":"<p>Por <a href=\"http:\/\/www.pautasjp.com\/noticia.php?nid=2859\">Pauta SJP<\/a><\/p>\n<p><em>Iniciativa in\u00e9dita no maior munic\u00edpio metropolitano, realizada ontem (25), \u00e0s 18h30, teve diversidade de participantes. Corrida a p\u00e9, \u00f4nibus, skate e caminhada completaram a prova.<\/em><\/p>\n<p><a href=\"https:\/\/ciclovida.ufpr.br\/wp-content\/uploads\/2013\/09\/13801923483SidneiNascimentoMotoristaCapa.jpg\"><img loading=\"lazy\" decoding=\"async\" class=\"aligncenter size-full wp-image-1732\" alt=\"13801923483SidneiNascimentoMotoristaCapa\" src=\"https:\/\/ciclovida.ufpr.br\/wp-content\/uploads\/2013\/09\/13801923483SidneiNascimentoMotoristaCapa.jpg\" width=\"564\" height=\"340\" srcset=\"https:\/\/ciclovida.ufpr.br\/wp-content\/uploads\/2013\/09\/13801923483SidneiNascimentoMotoristaCapa.jpg 564w, https:\/\/ciclovida.ufpr.br\/wp-content\/uploads\/2013\/09\/13801923483SidneiNascimentoMotoristaCapa-300x180.jpg 300w\" sizes=\"auto, (max-width: 564px) 100vw, 564px\" \/><\/a><\/p>\n<p>&nbsp;<\/p>\n<p>Empres\u00e1rios, professores, advogados, artista pl\u00e1stica, jornalista, servidores municipais, pol\u00edticos, entre outros segmentos da sociedade, participaram ontem (25), \u00e0s 18h30, do I Desafio Intermodal de S\u00e3o Jos\u00e9 dos Pinhais, para quantificar a mobilidade na maior cidade da Regi\u00e3o Metropolitana de Curitiba que representa a sexta frota de ve\u00edculos do Estado. Os desafiantes sa\u00edram do mezanino do Shopping S\u00e3o Jos\u00e9 (Centro), passaram pelo Terminal Central de \u00d4nibus (ponto intermedi\u00e1rio) e chegaram na Faculdade da Ind\u00fastria de S\u00e3o Jos\u00e9 dos Pinhais (Antiga Famec \u2013 Av. Rui Barbosa). O primeiro a completar o teste, de cerca de 5 quil\u00f4metros, foi um motorista de carro, seguido por motociclistas e ciclistas. Depois vieram as pessoas que correram a p\u00e9, e se utilizaram de \u00f4nibus, skate e caminhada.<\/p>\n<p><a href=\"https:\/\/ciclovida.ufpr.br\/wp-content\/uploads\/2013\/09\/DSC_06611.jpg\"><img loading=\"lazy\" decoding=\"async\" class=\"size-medium wp-image-1798 alignleft\" alt=\"DSC_0661\" src=\"https:\/\/ciclovida.ufpr.br\/wp-content\/uploads\/2013\/09\/DSC_06611-300x199.jpg\" width=\"300\" height=\"199\" srcset=\"https:\/\/ciclovida.ufpr.br\/wp-content\/uploads\/2013\/09\/DSC_06611-300x199.jpg 300w, https:\/\/ciclovida.ufpr.br\/wp-content\/uploads\/2013\/09\/DSC_06611-1024x682.jpg 1024w, https:\/\/ciclovida.ufpr.br\/wp-content\/uploads\/2013\/09\/DSC_06611.jpg 1280w\" sizes=\"auto, (max-width: 300px) 100vw, 300px\" \/><\/a>Sidnei Nascimento chegou no sagu\u00e3o da Faculdade com 23 minutos e 18 segundos. \u201cEu sa\u00ed do shopping, deixei meu carro em uma rua ao lado do terminal para n\u00e3o desviar muito por causa das obras, voltei e tive a sorte de pegar v\u00e1rios sinaleiros abertos na Avenida Rui Barbosa. O desafio realmente representa o nosso dia a dia, pois tenho duas farm\u00e1cias na regi\u00e3o e costumo fazer este trajeto regularmente\u201d, disse Sidnei Nascimento.<\/p>\n<p>O corretor imobili\u00e1rio Jos\u00e9 Sousa percorreu as ruas de bicicleta em 27 minutos e 22 segundos. \u201cUtilizo a bicicleta apenas como lazer. Vale a pena quanto ao tempo, mas quem anda todo dia no tr\u00e2nsito deve tomar cuidado redobrado\u201d, avaliou Jos\u00e9 Sousa.<\/p>\n<p>O objetivo, como acontece h\u00e1 sete anos por meio da Universidade Federal do Paran\u00e1 (UFPR) em Curitiba, via o Programa Ciclo Vida, n\u00e3o \u00e9 competir, mas simular o tr\u00e2nsito em hor\u00e1rio de pico. O Ciclo Vida presta apoio t\u00e9cnico e de quantifica\u00e7\u00e3o dos dados. Ap\u00f3s a prova s\u00e3o-joseense, os participantes escreveram sobre pontos positivos e negativos do trecho percorrido. V\u00e1rios desafiantes consideraram que o tempo foi bom frente as demais op\u00e7\u00f5es de deslocamento e apontaram dificuldades como ilumina\u00e7\u00e3o p\u00fablica insuficiente nas ruas. Os dados ser\u00e3o entregues para a Prefeitura e C\u00e2mara Municipal.<\/p>\n<p>A respeito do Poder P\u00fablico, representantes do Executivo e Legislativo estiveram na prova. O prefeito Luiz Carlos Setim foi de \u00f4nibus e chegou ap\u00f3s 39 minutos e 44 segundos. \u201cQuando est\u00e1vamos no terminal, os passageiros n\u00e3o acreditaram que eu ia embarcar. Foi muito bom conversar com os usu\u00e1rios do transporte e ver como \u00e9 pegar \u00f4nibus neste hor\u00e1rio\u201d, falou o prefeito Setim.<\/p>\n<p><a href=\"https:\/\/ciclovida.ufpr.br\/wp-content\/uploads\/2013\/09\/DSC_08161.jpg\"><img loading=\"lazy\" decoding=\"async\" class=\"alignright size-medium wp-image-1800\" alt=\"DSC_0816\" src=\"https:\/\/ciclovida.ufpr.br\/wp-content\/uploads\/2013\/09\/DSC_08161-300x199.jpg\" width=\"300\" height=\"199\" srcset=\"https:\/\/ciclovida.ufpr.br\/wp-content\/uploads\/2013\/09\/DSC_08161-300x199.jpg 300w, https:\/\/ciclovida.ufpr.br\/wp-content\/uploads\/2013\/09\/DSC_08161-1024x682.jpg 1024w, https:\/\/ciclovida.ufpr.br\/wp-content\/uploads\/2013\/09\/DSC_08161.jpg 1280w\" sizes=\"auto, (max-width: 300px) 100vw, 300px\" \/><\/a>O vice Toninho da Farm\u00e1cia participou na corrida a p\u00e9. \u201cGostei do meu tempo. Pouco mais de 30 minutos e isto ajuda a gente a ficar em forma. Parab\u00e9ns a todos pela iniciativa que faz a gente pensar no tr\u00e2nsito, principalmente a p\u00e9 e correndo. De carro n\u00e3o \u00e9 poss\u00edvel observar os detalhes que fazem parte das ruas\u201d, comentou Toninho da Farm\u00e1cia.<\/p>\n<p>A vereadora Mari Temperasso foi de \u00f4nibus em 39 minutos e 44 segundos, e o vereador Nilson Leandro de Sousa (Leandro da Nifer) chegou a p\u00e9, com 52 minutos e 46 segundos. \u201cConversei com os passageiros que pensam em como chegar mais r\u00e1pido ao trabalho todos os dias. Foi bem interessante participar\u201d, disse a vereadora. \u201cAinda temos muito o que avan\u00e7ar na qualidade do cal\u00e7amento, que pode ser compartilhado entre pedestres e ciclistas e com ciclovias \u00fanicas\u201d, falou o vereador.<\/p>\n<p>\u201cDevemos repensar as alternativas quanto ao uso do carro. N\u00e3o \u00e9 uma quest\u00e3o de ser contra o carro, mas avaliar at\u00e9 que ponto vale a pena andar de carro ou \u00f4nibus. Esta reflex\u00e3o \u00e9 o principal resultado do desafio\u201d, avaliou Guilherme Pinheiro, representante do Sanjo Bikers, grupo realizador da iniciativa e que planeja a edi\u00e7\u00e3o 2014 do evento.<\/p>\n<p><a href=\"https:\/\/ciclovida.ufpr.br\/wp-content\/uploads\/2013\/09\/DSC_06111.jpg\"><img loading=\"lazy\" decoding=\"async\" class=\"alignleft size-medium wp-image-1801\" alt=\"DSC_0611\" src=\"https:\/\/ciclovida.ufpr.br\/wp-content\/uploads\/2013\/09\/DSC_06111-300x199.jpg\" width=\"300\" height=\"199\" srcset=\"https:\/\/ciclovida.ufpr.br\/wp-content\/uploads\/2013\/09\/DSC_06111-300x199.jpg 300w, https:\/\/ciclovida.ufpr.br\/wp-content\/uploads\/2013\/09\/DSC_06111-1024x682.jpg 1024w, https:\/\/ciclovida.ufpr.br\/wp-content\/uploads\/2013\/09\/DSC_06111.jpg 1280w\" sizes=\"auto, (max-width: 300px) 100vw, 300px\" \/><\/a>\u201cS\u00e3o Jos\u00e9 dos Pinhais \u00e9 uma cidade importante, que cresceu muito e \u00e9 estrat\u00e9gica quanto ao tr\u00e2nsito na Regi\u00e3o Metropolitana. A UFPR e o Ciclo Vida est\u00e3o a disposi\u00e7\u00e3o para contribuir com a\u00e7\u00f5es como esta\u201d, convoca Jos\u00e9 Carlos Belotto, coordenador do Ciclo Vida.<\/p>\n<p>Ap\u00f3s a chegada, a Faculdade da Ind\u00fastria de S\u00e3o Jos\u00e9 dos Pinhais anunciou aos alunos que implantou dois biciclet\u00e1rios nas entradas de acesso do complexo com 60 vagas no total. \u201cQueremos incentivar a vinda de maneira compartilhada porque o estacionamento tem limita\u00e7\u00f5es e o uso de alternativas como a bicicleta come\u00e7a com um local apropriado\u201d, lembrou Christian Bundt, que foi um dos skatistas no desafio e completou a prova em 50 minutos e 21 segundos.<\/p>\n<p>Como apoio preventivo, a equipe de socorristas Resgate Volunt\u00e1rio Parceiros da Vida acompanhou toda a movimenta\u00e7\u00e3o nas ruas.<\/p>\n<p><b>Posi\u00e7\u00e3o chegada, tempo, participantes e modais\u00a0<\/b><br \/>\n1\u00ba &#8211; 23min 18s \u2013 Sidnei Nascimento \u2013 carro;<br \/>\n2\u00ba &#8211; 26min 27s \u2013 Artur Martinez \u2013 moto;<br \/>\n3\u00ba &#8211; 26min 30s \u2013 Renato Alves \u2013 moto;<br \/>\n4\u00ba &#8211; 26min 31s \u2013 Eduardo Alves \u2013 moto;<br \/>\n5\u00ba &#8211; 26min 31s \u2013 Vanessa Medeiros \u2013 moto;<br \/>\n6\u00ba &#8211; 27min 22s \u2013 Jos\u00e9 Souza \u2013 bicicleta;<br \/>\n7\u00ba &#8211; 27min 25s \u2013 Lucia Magalh\u00e3es \u2013 bicicleta;<br \/>\n8\u00ba &#8211; 27min 30s \u2013 Alan Smaniotto \u2013 bicicleta;<br \/>\n9\u00ba &#8211; 27min 34s \u2013 Carolina Reis \u2013 bicicleta;<br \/>\n10\u00ba &#8211; 27min 34s \u2013 Jaiderson Rivarola \u2013 bicicleta;<br \/>\n11\u00ba &#8211; 29min 25s \u2013 Nilce Scharneski \u2013 corrida a p\u00e9;<br \/>\n12\u00ba &#8211; 30min 00s \u2013 Silvio Juliatto \u2013 carro;<br \/>\n13\u00ba &#8211; 31min 45s \u2013 Toninho da Farm\u00e1cia \u2013 corrida a p\u00e9;<br \/>\n14\u00ba &#8211; 32min 00s \u2013 Paulo Nenev\u00ea \u2013 corrida a p\u00e9;<br \/>\n15\u00ba &#8211; 39min 44s \u2013 Luiz Carlos Setim \u2013 \u00f4nibus;<br \/>\n16\u00ba &#8211; 39min 44s \u2013 Kerli Zeiser \u2013 \u00f4nibus;<br \/>\n17\u00ba &#8211; 39min 45s \u2013 Mari Temperasso \u2013 \u00f4nibus;<br \/>\n18\u00ba &#8211; 39min 45s \u2013 Andrea Lima \u2013 \u00f4nibus;<br \/>\n19\u00ba &#8211; 47min 02s \u2013 Rafael Freire \u2013 carro;<br \/>\n20\u00ba &#8211; 47min 50s \u2013 Katia Velo \u2013 carro;<br \/>\n21\u00ba &#8211; 50min 21s \u2013 Christian Bundt \u2013 skate;<br \/>\n22\u00ba &#8211; 50min 21s \u2013 David Ribeiro \u2013 skate;<br \/>\n23\u00ba &#8211; 50min 21s \u2013 Jos\u00e9 Febretina \u2013 skate;<br \/>\n24\u00ba &#8211; 52min 44s \u2013 Moninha Piovesan \u2013 caminhada;<br \/>\n25\u00ba &#8211; 52min 46s \u2013 Nilson de Sousa \u2013 caminhada;<br \/>\n26\u00ba &#8211; 54min 38s \u2013 Gisele Barione \u2013 caminhada;<br \/>\n27\u00ba &#8211; 54min 38s \u2013 Eduardo Umbria \u2013 caminhada;<br \/>\n28\u00ba &#8211; 55min 38s \u2013 Patr\u00edcia Borges \u2013 caminhada;<br \/>\n29\u00ba &#8211; 55min 38s \u2013 Serino de Oliveira \u2013 caminhada;<br \/>\n30\u00ba &#8211; 55min 38s \u2013 Marcio Borges \u2013 caminhada;<br \/>\n31\u00ba &#8211; 56min 44s \u2013 Franciele Stoco \u2013 caminhada.<\/p>\n<p><b>Realiza\u00e7\u00e3o<\/b>: Sanjo Bikers.\u00a0<b>Promo\u00e7\u00e3o<\/b>: PautaSJP.com.\u00a0<b>Patroc\u00ednio<\/b>: Signa M\u00eddia Exterior.\u00a0<b>Apoio<\/b>: Ciclo Vida (UFPR); Ciclo Igua\u00e7u \u2013 Associa\u00e7\u00e3o dos Ciclistas do Alto Igua\u00e7u; Byss Viagens e Turismo; Viv\u00eancia \u2013 Centro de Atendimento em Psicomotricidade Relacional; Faculdade da Ind\u00fastria S\u00e3o Jos\u00e9 dos Pinhais; Shopping S\u00e3o Jos\u00e9; Subse\u00e7\u00e3o SJP da OAB\/PR; Savannah A\u00e7\u00f5es em Comunica\u00e7\u00e3o; e Resgate Volunt\u00e1rio Parceiros da Vida.\u00a0<b>Colabora\u00e7\u00e3o<\/b>: Prefeitura de S\u00e3o Jos\u00e9 dos Pinhais.<\/p>\n<p>&nbsp;<\/p>\n","protected":false},"excerpt":{"rendered":"<p>Por Pauta SJP Iniciativa in\u00e9dita no maior munic\u00edpio metropolitano, realizada ontem (25), \u00e0s 18h30, teve diversidade de participantes. Corrida a p\u00e9, \u00f4nibus, skate e caminhada completaram a prova. &nbsp; Empres\u00e1rios, [&hellip;]<\/p>\n","protected":false},"author":5,"featured_media":0,"comment_status":"open","ping_status":"open","sticky":false,"template":"","format":"standard","meta":{"_uag_custom_page_level_css":"","ngg_post_thumbnail":0,"footnotes":""},"categories":[6,1],"tags":[],"class_list":["post-1731","post","type-post","status-publish","format-standard","hentry","category-eventos","category-noticias"],"gutentor_comment":6,"featured_image_src":"","featured_image_src_square":false,"author_info":{"display_name":"paulabianchi","author_link":"https:\/\/ciclovida.ufpr.br\/?author=5"},"rbea_author_info":{"display_name":"paulabianchi","author_link":"https:\/\/ciclovida.ufpr.br\/?author=5"},"rbea_excerpt_info":"Por Pauta SJP Iniciativa in\u00e9dita no maior munic\u00edpio metropolitano, realizada ontem (25), \u00e0s 18h30, teve diversidade de participantes. Corrida a p\u00e9, \u00f4nibus, skate e caminhada completaram a prova. &nbsp; Empres\u00e1rios, [&hellip;]","category_list":"<a href=\"https:\/\/ciclovida.ufpr.br\/?cat=6\" rel=\"category\">Eventos<\/a>, <a href=\"https:\/\/ciclovida.ufpr.br\/?cat=1\" rel=\"category\">Not\u00edcias<\/a>","comments_num":"0 comments","uagb_featured_image_src":{"full":false,"thumbnail":false,"medium":false,"medium_large":false,"large":false,"1536x1536":false,"2048x2048":false,"post-thumbnail":false,"twentytwenty-fullscreen":false},"uagb_author_info":{"display_name":"paulabianchi","author_link":"https:\/\/ciclovida.ufpr.br\/?author=5"},"uagb_comment_info":6,"uagb_excerpt":"Por Pauta SJP Iniciativa in\u00e9dita no maior munic\u00edpio metropolitano, realizada ontem (25), \u00e0s 18h30, teve diversidade de participantes. Corrida a p\u00e9, \u00f4nibus, skate e caminhada completaram a prova. &nbsp; Empres\u00e1rios, [&hellip;]","wps_subtitle":"","_links":{"self":[{"href":"https:\/\/ciclovida.ufpr.br\/index.php?rest_route=\/wp\/v2\/posts\/1731","targetHints":{"allow":["GET"]}}],"collection":[{"href":"https:\/\/ciclovida.ufpr.br\/index.php?rest_route=\/wp\/v2\/posts"}],"about":[{"href":"https:\/\/ciclovida.ufpr.br\/index.php?rest_route=\/wp\/v2\/types\/post"}],"author":[{"embeddable":true,"href":"https:\/\/ciclovida.ufpr.br\/index.php?rest_route=\/wp\/v2\/users\/5"}],"replies":[{"embeddable":true,"href":"https:\/\/ciclovida.ufpr.br\/index.php?rest_route=%2Fwp%2Fv2%2Fcomments&post=1731"}],"version-history":[{"count":3,"href":"https:\/\/ciclovida.ufpr.br\/index.php?rest_route=\/wp\/v2\/posts\/1731\/revisions"}],"predecessor-version":[{"id":1799,"href":"https:\/\/ciclovida.ufpr.br\/index.php?rest_route=\/wp\/v2\/posts\/1731\/revisions\/1799"}],"wp:attachment":[{"href":"https:\/\/ciclovida.ufpr.br\/index.php?rest_route=%2Fwp%2Fv2%2Fmedia&parent=1731"}],"wp:term":[{"taxonomy":"category","embeddable":true,"href":"https:\/\/ciclovida.ufpr.br\/index.php?rest_route=%2Fwp%2Fv2%2Fcategories&post=1731"},{"taxonomy":"post_tag","embeddable":true,"href":"https:\/\/ciclovida.ufpr.br\/index.php?rest_route=%2Fwp%2Fv2%2Ftags&post=1731"}],"curies":[{"name":"wp","href":"https:\/\/api.w.org\/{rel}","templated":true}]}}