{"id":1727,"date":"2013-09-24T18:44:07","date_gmt":"2013-09-24T21:44:07","guid":{"rendered":"https:\/\/ciclovida.ufpr.br\/?p=1727"},"modified":"2013-09-24T18:44:41","modified_gmt":"2013-09-24T21:44:41","slug":"o-passeio-de-cicloturismo-do-anhangava-esta-suspenso","status":"publish","type":"post","link":"https:\/\/ciclovida.ufpr.br\/?p=1727","title":{"rendered":"O Passeio de Cicloturismo ao Morro do Anhangava est\u00e1 suspenso"},"content":{"rendered":"<p>O Passeio de Cicloturismo ao Morro do Anhangava, que deveria acontecer no s\u00e1bado, dia 28, foi suspenso devido a realiza\u00e7\u00e3o\u00a0da reuni\u00e3o da Comiss\u00e3o de Bicicletas \u00a0da ANTP (Associa\u00e7\u00e3o Nacional de Transportes P\u00fablicos) que acontecer\u00e1 em Curitiba nesse mesmo dia, pela manh\u00e3.<\/p>\n<p>&nbsp;<\/p>\n<p><a href=\"https:\/\/ciclovida.ufpr.br\/wp-content\/uploads\/2013\/09\/cicloturismo1.jpg\"><img loading=\"lazy\" decoding=\"async\" class=\"aligncenter size-full wp-image-1728\" alt=\"cicloturismo1\" src=\"https:\/\/ciclovida.ufpr.br\/wp-content\/uploads\/2013\/09\/cicloturismo1.jpg\" width=\"460\" height=\"345\" srcset=\"https:\/\/ciclovida.ufpr.br\/wp-content\/uploads\/2013\/09\/cicloturismo1.jpg 460w, https:\/\/ciclovida.ufpr.br\/wp-content\/uploads\/2013\/09\/cicloturismo1-300x225.jpg 300w\" sizes=\"auto, (max-width: 460px) 100vw, 460px\" \/><\/a><\/p>\n","protected":false},"excerpt":{"rendered":"<p>O Passeio de Cicloturismo ao Morro do Anhangava, que deveria acontecer no s\u00e1bado, dia 28, foi suspenso devido a realiza\u00e7\u00e3o\u00a0da reuni\u00e3o da Comiss\u00e3o de Bicicletas \u00a0da ANTP (Associa\u00e7\u00e3o Nacional de [&hellip;]<\/p>\n","protected":false},"author":5,"featured_media":0,"comment_status":"open","ping_status":"open","sticky":false,"template":"","format":"standard","meta":{"_uag_custom_page_level_css":"","ngg_post_thumbnail":0,"footnotes":""},"categories":[6,1],"tags":[],"class_list":["post-1727","post","type-post","status-publish","format-standard","hentry","category-eventos","category-noticias"],"gutentor_comment":3,"featured_image_src":"","featured_image_src_square":false,"author_info":{"display_name":"paulabianchi","author_link":"https:\/\/ciclovida.ufpr.br\/?author=5"},"rbea_author_info":{"display_name":"paulabianchi","author_link":"https:\/\/ciclovida.ufpr.br\/?author=5"},"rbea_excerpt_info":"O Passeio de Cicloturismo ao Morro do Anhangava, que deveria acontecer no s\u00e1bado, dia 28, foi suspenso devido a realiza\u00e7\u00e3o\u00a0da reuni\u00e3o da Comiss\u00e3o de Bicicletas \u00a0da ANTP (Associa\u00e7\u00e3o Nacional de [&hellip;]","category_list":"<a href=\"https:\/\/ciclovida.ufpr.br\/?cat=6\" rel=\"category\">Eventos<\/a>, <a href=\"https:\/\/ciclovida.ufpr.br\/?cat=1\" rel=\"category\">Not\u00edcias<\/a>","comments_num":"0 comments","uagb_featured_image_src":{"full":false,"thumbnail":false,"medium":false,"medium_large":false,"large":false,"1536x1536":false,"2048x2048":false,"post-thumbnail":false,"twentytwenty-fullscreen":false},"uagb_author_info":{"display_name":"paulabianchi","author_link":"https:\/\/ciclovida.ufpr.br\/?author=5"},"uagb_comment_info":3,"uagb_excerpt":"O Passeio de Cicloturismo ao Morro do Anhangava, que deveria acontecer no s\u00e1bado, dia 28, foi suspenso devido a realiza\u00e7\u00e3o\u00a0da reuni\u00e3o da Comiss\u00e3o de Bicicletas \u00a0da ANTP (Associa\u00e7\u00e3o Nacional de [&hellip;]","wps_subtitle":"","_links":{"self":[{"href":"https:\/\/ciclovida.ufpr.br\/index.php?rest_route=\/wp\/v2\/posts\/1727","targetHints":{"allow":["GET"]}}],"collection":[{"href":"https:\/\/ciclovida.ufpr.br\/index.php?rest_route=\/wp\/v2\/posts"}],"about":[{"href":"https:\/\/ciclovida.ufpr.br\/index.php?rest_route=\/wp\/v2\/types\/post"}],"author":[{"embeddable":true,"href":"https:\/\/ciclovida.ufpr.br\/index.php?rest_route=\/wp\/v2\/users\/5"}],"replies":[{"embeddable":true,"href":"https:\/\/ciclovida.ufpr.br\/index.php?rest_route=%2Fwp%2Fv2%2Fcomments&post=1727"}],"version-history":[{"count":2,"href":"https:\/\/ciclovida.ufpr.br\/index.php?rest_route=\/wp\/v2\/posts\/1727\/revisions"}],"predecessor-version":[{"id":1730,"href":"https:\/\/ciclovida.ufpr.br\/index.php?rest_route=\/wp\/v2\/posts\/1727\/revisions\/1730"}],"wp:attachment":[{"href":"https:\/\/ciclovida.ufpr.br\/index.php?rest_route=%2Fwp%2Fv2%2Fmedia&parent=1727"}],"wp:term":[{"taxonomy":"category","embeddable":true,"href":"https:\/\/ciclovida.ufpr.br\/index.php?rest_route=%2Fwp%2Fv2%2Fcategories&post=1727"},{"taxonomy":"post_tag","embeddable":true,"href":"https:\/\/ciclovida.ufpr.br\/index.php?rest_route=%2Fwp%2Fv2%2Ftags&post=1727"}],"curies":[{"name":"wp","href":"https:\/\/api.w.org\/{rel}","templated":true}]}}