{"id":1722,"date":"2013-09-21T14:16:57","date_gmt":"2013-09-21T17:16:57","guid":{"rendered":"https:\/\/ciclovida.ufpr.br\/?p=1722"},"modified":"2013-09-20T19:19:03","modified_gmt":"2013-09-20T22:19:03","slug":"no-mes-da-bicicleta-governo-apresenta-programa-ciclo-parana","status":"publish","type":"post","link":"https:\/\/ciclovida.ufpr.br\/?p=1722","title":{"rendered":"No m\u00eas da bicicleta, Governo apresenta Programa Ciclo Paran\u00e1"},"content":{"rendered":"<p>Por<a href=\"http:\/\/www.bemparana.com.br\/noticia\/277727\/no-mes-da-bicicleta-governo-apresenta-programa-ciclo-parana\"> Bem Paran\u00e1<\/a><\/p>\n<p>A Secretaria estadual do Meio Ambiente e Recursos H\u00eddricos reuniu nesta ter\u00e7a-feira (17), em Curitiba, representantes de diversas entidades para debater o programa Ciclo Paran\u00e1. &#8220;Estamos no m\u00eas da bicicleta, conforme lei sancionada pelo governador Beto Richa e que possibilitou um cronograma de atividades em todo o estado. Com isso, aproveitamos este momento para avaliar os avan\u00e7os da Programa Ciclo Paran\u00e1, que ser\u00e1 lan\u00e7ado em breve pelo Governo, com produtos diferenciados e beneficiando todas as cidades &#8220;, antecipou o secret\u00e1rio do Meio Ambiente e Recursos H\u00eddricos, Luiz Eduardo Cheida.<\/p>\n<p><a href=\"https:\/\/ciclovida.ufpr.br\/wp-content\/uploads\/2013\/09\/noticia_187576_img1_ciclopr.jpg\"><img loading=\"lazy\" decoding=\"async\" class=\"aligncenter size-full wp-image-1723\" alt=\"noticia_187576_img1_ciclopr\" src=\"https:\/\/ciclovida.ufpr.br\/wp-content\/uploads\/2013\/09\/noticia_187576_img1_ciclopr.jpg\" width=\"480\" height=\"640\" srcset=\"https:\/\/ciclovida.ufpr.br\/wp-content\/uploads\/2013\/09\/noticia_187576_img1_ciclopr.jpg 480w, https:\/\/ciclovida.ufpr.br\/wp-content\/uploads\/2013\/09\/noticia_187576_img1_ciclopr-225x300.jpg 225w\" sizes=\"auto, (max-width: 480px) 100vw, 480px\" \/><\/a><\/p>\n<p>Participaram da reuni\u00e3o integrantes da Coordena\u00e7\u00e3o da Regi\u00e3o Metropolitana de Curitiba (Comec), Sanepar, EcoParan\u00e1 e Secretaria de Infraestrutura e Log\u00edstica, Federa\u00e7\u00e3o Paranaense de Ciclismo, Associa\u00e7\u00e3o de Ciclistas do Alto Igua\u00e7u Ciclo Igua\u00e7u e Projeto Ciclovida da Universidade Federal do Paran\u00e1 (UFPR) para apresentar a\u00e7\u00f5es do Programa.<\/p>\n<p>O diretor geral da Secretaria do Meio Ambiente, Ant\u00f4nio Caetano de Paula J\u00fanior, que coordenou a reuni\u00e3o, adiantou que nos pr\u00f3ximos dias o Governo dar\u00e1 in\u00edcio ao mapeamento e cadastro das rotas de cicloturismo j\u00e1 existentes no Paran\u00e1 e tamb\u00e9m das rotas que poder\u00e3o ser criadas. A a\u00e7\u00e3o contar\u00e1 com o apoio de associa\u00e7\u00f5es de cicloativistas, ciclistas volunt\u00e1rios que utilizam as rotas, das prefeituras e Ecoparan\u00e1.<\/p>\n<p>&#8220;A Secretaria do Meio Ambiente receber\u00e1 os circuitos de cicloturismo e mapear\u00e1 as rotas que poder\u00e3o ser criadas. Este \u00e9 um dos produtos do Ciclo Paran\u00e1 que, al\u00e9m de incentivar a pr\u00e1tica do ciclismo, vai fomentar a economia local e estimular visitas aos nossos atrativos naturais&#8221;, explica Caetano.<\/p>\n<p>Segundo ele, a Ecoparan\u00e1 e a Secretaria de Turismo ter\u00e3o um papel fundamental na elabora\u00e7\u00e3o deste produto, devido \u00e0 experi\u00eancia na elabora\u00e7\u00e3o da primeira rota de cicloturismo em um parque estadual &#8211; que ser\u00e1 lan\u00e7ada, em outubro, no Parque de Vila Velha.<\/p>\n<p>&#8220;Estamos sugerindo a realiza\u00e7\u00e3o do mapeamento de uma forma que possamos fortalecer o cadastramento da iniciativa privada junto aos \u00f3rg\u00e3os de turismo. Assim, estaremos valorizando os com\u00e9rcios locais e possibilitando a inclus\u00e3o dos microempres\u00e1rios neste nicho de mercado que \u00e9 o cicloturismo&#8221;, explica a supervisora de opera\u00e7\u00f5es da Ecoparan\u00e1, \u00c2ngela Soares.<\/p>\n<p>INFRAESTRUTURA &#8211; Outra grande a\u00e7\u00e3o do governo e que j\u00e1 faz parte do Ciclo Paran\u00e1 \u00e9 a inclus\u00e3o de ciclovias em novas obras vi\u00e1rias e nos parques metropolitanos.<\/p>\n<p>O coordenador da Regi\u00e3o Metropolitana de Curitiba, Rui Hara, participou da reuni\u00e3o e contou que todos os projetos coordenados pela Comec priorizam a constru\u00e7\u00e3o de ciclovias. Isso inclui as obras de mobilidade para a Copa do Mundo de 2014 projetadas para desafogar o tr\u00e1fego na capital e cidades vizinhas, entre elas a revitaliza\u00e7\u00e3o da Avenida da Integra\u00e7\u00e3o, que liga Curitiba a Pinhais, trechos dos corredores Aeroporto-Rodoferrovi\u00e1ria (Avenida das Torres) e da Avenida Marechal Floriano.<\/p>\n<p>Rui Hara disse ainda que o Governo est\u00e1 elaborando o projeto b\u00e1sico de cinco novos parques metropolitanos: o Parque Palmital, em Pinhais; o Parque Piraquara; Parque Itaqui, em S\u00e3o Jos\u00e9 dos Pinhais, Parque Metropolitano do Igua\u00e7u, entre Curitiba e S\u00e3o Jos\u00e9 dos Pinhais; e a \u00c1rea de Interesse Especial do Rio Igua\u00e7u &#8211; que prev\u00ea a ocupa\u00e7\u00e3o das margens do Rio Igua\u00e7u com \u00e1reas de lazer at\u00e9 a Lapa. &#8220;Em todos estes parques teremos ciclovias&#8221;, refor\u00e7ou Rui Hara.<\/p>\n<p>O engenheiro Glauco Luiz Lobo disse a pol\u00edtica de incentivo ao uso da bicicleta tamb\u00e9m chegou \u00e0 Secretaria de Infraestrutura e Log\u00edstica. &#8220;Todos os projetos do governo do estado de rodovias em \u00e1reas metropolitanas e travessias urbanas est\u00e3o contemplando a constru\u00e7\u00e3o de novas ciclovias&#8221;, ressaltou Glauco. Ele mencionou como exemplo de obras que ter\u00e3o ciclovias a rodovia da Uva, a duplica\u00e7\u00e3o da PR-415 que liga Pinhais a Piraquara, a rodovia que liga Curitiba a Rio Branco do Sul, a duplica\u00e7\u00e3o da rodovia que liga Londrina &#8211; Camb\u00e9 e a travessia de Tijucas do Sul. Apenas esses projetos somar\u00e3o 58 quil\u00f4metros de novas ciclovias.<\/p>\n<p>O cicloativista, coordenador do Programa Ciclovida da Universidade Federal do Paran\u00e1 (UFPR) e vice-presidente da Federa\u00e7\u00e3o Paranaense de Ciclismo, Jos\u00e9 Carlos Belotto, diz que est\u00e1 muito feliz de ver que o Governo est\u00e1 incorporando e elaborando uma pol\u00edtica p\u00fablica de incentivo ao uso da bicicleta. \u201c\u00c9 uma satisfa\u00e7\u00e3o para n\u00f3s que h\u00e1 muitos anos estamos trabalhando por esta causa\u201d, declarou.<\/p>\n<p>Segundo ele, os cicloativistas ir\u00e3o contribuir na elabora\u00e7\u00e3o das rotas de cicloturismo, indicando locais onde h\u00e1 necessidade de sinaliza\u00e7\u00e3o, apontando com\u00e9rcios estruturados para atender os ciclistas, as atra\u00e7\u00f5es tur\u00edsticas mais apreciadas pelos praticantes e os locais de apoio.<\/p>\n<p>BICICLETA PARA O TRABALHO &#8211; O diretor da Secretaria do Meio Ambiente, Ant\u00f4nio Caetano de Paula, anunciou durante a reuni\u00e3o que como parte do Programa Ciclo Paran\u00e1 ser\u00e1 produzida uma cartilha de apoio aos \u00f3rg\u00e3os de governo que tiverem interesse de incentivar o uso da bicicleta entre os funcion\u00e1rios.<\/p>\n<p>As duas principais medidas s\u00e3o a instala\u00e7\u00e3o de paraciclos (estacionamento de bicicleta) e de banheiros adaptados com chuveiros. &#8220;A Secretaria do Meio Ambiente inaugura nos pr\u00f3ximos dias seu paraciclo e estrutura de apoio para os funcion\u00e1rios&#8221;, conta Caetano.<\/p>\n<p>A Sanepar est\u00e1 \u00e0 frente nesta a\u00e7\u00e3o. J\u00e1 inaugura no pr\u00f3ximo dia 27 de setembro um biciclet\u00e1rio com 64 vagas na sede de Curitiba. O objetivo \u00e9 estimular os funcion\u00e1rios da companhia a utilizar a bicicleta como meio de transporte entre a resid\u00eancia e o trabalho. A medida tamb\u00e9m ser\u00e1 replicada nas sedes da Sanepar em Ponta Grossa, Londrina, Cascavel e Maring\u00e1.<\/p>\n<p>&#8220;As cidades est\u00e3o crescendo e cada vez mais sentimos a necessidade de alternativas de transporte sustent\u00e1veis. Acreditamos que a bicicleta \u00e9 uma das melhores alternativas&#8221;, afirmou LilianTavares, gerente de educa\u00e7\u00e3o socioambiental da Sanepar.<\/p>\n","protected":false},"excerpt":{"rendered":"<p>Por Bem Paran\u00e1 A Secretaria estadual do Meio Ambiente e Recursos H\u00eddricos reuniu nesta ter\u00e7a-feira (17), em Curitiba, representantes de diversas entidades para debater o programa Ciclo Paran\u00e1. &#8220;Estamos no [&hellip;]<\/p>\n","protected":false},"author":5,"featured_media":0,"comment_status":"open","ping_status":"open","sticky":false,"template":"","format":"standard","meta":{"_uag_custom_page_level_css":"","ngg_post_thumbnail":0,"footnotes":""},"categories":[1],"tags":[],"class_list":["post-1722","post","type-post","status-publish","format-standard","hentry","category-noticias"],"gutentor_comment":2,"featured_image_src":"","featured_image_src_square":false,"author_info":{"display_name":"paulabianchi","author_link":"https:\/\/ciclovida.ufpr.br\/?author=5"},"rbea_author_info":{"display_name":"paulabianchi","author_link":"https:\/\/ciclovida.ufpr.br\/?author=5"},"rbea_excerpt_info":"Por Bem Paran\u00e1 A Secretaria estadual do Meio Ambiente e Recursos H\u00eddricos reuniu nesta ter\u00e7a-feira (17), em Curitiba, representantes de diversas entidades para debater o programa Ciclo Paran\u00e1. &#8220;Estamos no [&hellip;]","category_list":"<a href=\"https:\/\/ciclovida.ufpr.br\/?cat=1\" rel=\"category\">Not\u00edcias<\/a>","comments_num":"0 comments","uagb_featured_image_src":{"full":false,"thumbnail":false,"medium":false,"medium_large":false,"large":false,"1536x1536":false,"2048x2048":false,"post-thumbnail":false,"twentytwenty-fullscreen":false},"uagb_author_info":{"display_name":"paulabianchi","author_link":"https:\/\/ciclovida.ufpr.br\/?author=5"},"uagb_comment_info":2,"uagb_excerpt":"Por Bem Paran\u00e1 A Secretaria estadual do Meio Ambiente e Recursos H\u00eddricos reuniu nesta ter\u00e7a-feira (17), em Curitiba, representantes de diversas entidades para debater o programa Ciclo Paran\u00e1. &#8220;Estamos no [&hellip;]","wps_subtitle":"","_links":{"self":[{"href":"https:\/\/ciclovida.ufpr.br\/index.php?rest_route=\/wp\/v2\/posts\/1722","targetHints":{"allow":["GET"]}}],"collection":[{"href":"https:\/\/ciclovida.ufpr.br\/index.php?rest_route=\/wp\/v2\/posts"}],"about":[{"href":"https:\/\/ciclovida.ufpr.br\/index.php?rest_route=\/wp\/v2\/types\/post"}],"author":[{"embeddable":true,"href":"https:\/\/ciclovida.ufpr.br\/index.php?rest_route=\/wp\/v2\/users\/5"}],"replies":[{"embeddable":true,"href":"https:\/\/ciclovida.ufpr.br\/index.php?rest_route=%2Fwp%2Fv2%2Fcomments&post=1722"}],"version-history":[{"count":2,"href":"https:\/\/ciclovida.ufpr.br\/index.php?rest_route=\/wp\/v2\/posts\/1722\/revisions"}],"predecessor-version":[{"id":1725,"href":"https:\/\/ciclovida.ufpr.br\/index.php?rest_route=\/wp\/v2\/posts\/1722\/revisions\/1725"}],"wp:attachment":[{"href":"https:\/\/ciclovida.ufpr.br\/index.php?rest_route=%2Fwp%2Fv2%2Fmedia&parent=1722"}],"wp:term":[{"taxonomy":"category","embeddable":true,"href":"https:\/\/ciclovida.ufpr.br\/index.php?rest_route=%2Fwp%2Fv2%2Fcategories&post=1722"},{"taxonomy":"post_tag","embeddable":true,"href":"https:\/\/ciclovida.ufpr.br\/index.php?rest_route=%2Fwp%2Fv2%2Ftags&post=1722"}],"curies":[{"name":"wp","href":"https:\/\/api.w.org\/{rel}","templated":true}]}}