{"id":1707,"date":"2013-09-16T15:10:04","date_gmt":"2013-09-16T18:10:04","guid":{"rendered":"https:\/\/ciclovida.ufpr.br\/?p=1707"},"modified":"2013-09-17T23:14:30","modified_gmt":"2013-09-18T02:14:30","slug":"ufpr-e-reconhecida-com-o-ciclovida-como-articuladora-do-crescimento-sustentavel-no-parana","status":"publish","type":"post","link":"https:\/\/ciclovida.ufpr.br\/?p=1707","title":{"rendered":"UFPR \u00e9 reconhecida, com o Ciclovida, como articuladora do crescimento sustent\u00e1vel no Paran\u00e1"},"content":{"rendered":"<p>Por <a href=\"http:\/\/www.ufpr.br\/portalufpr\/noticias\/ufpr-e-reconhecidacom-o-ciclovida-como-articuladora-do-crescimento-sustentavel-no-pr\/\">UFPR<\/a><\/p>\n<p><a href=\"https:\/\/ciclovida.ufpr.br\/wp-content\/uploads\/2013\/09\/Selo-ODM-2013-2014-Institui\u00e7\u00e3o-grande.jpg\"><img loading=\"lazy\" decoding=\"async\" class=\"aligncenter size-medium wp-image-1708\" alt=\"Selo ODM 2012-2013 - Empresa\" src=\"https:\/\/ciclovida.ufpr.br\/wp-content\/uploads\/2013\/09\/Selo-ODM-2013-2014-Institui\u00e7\u00e3o-grande-300x259.jpg\" width=\"300\" height=\"259\" srcset=\"https:\/\/ciclovida.ufpr.br\/wp-content\/uploads\/2013\/09\/Selo-ODM-2013-2014-Institui\u00e7\u00e3o-grande-300x259.jpg 300w, https:\/\/ciclovida.ufpr.br\/wp-content\/uploads\/2013\/09\/Selo-ODM-2013-2014-Institui\u00e7\u00e3o-grande-1024x885.jpg 1024w, https:\/\/ciclovida.ufpr.br\/wp-content\/uploads\/2013\/09\/Selo-ODM-2013-2014-Institui\u00e7\u00e3o-grande.jpg 2000w\" sizes=\"auto, (max-width: 300px) 100vw, 300px\" \/><\/a><\/p>\n<p>Um certificado, concedido pelo Sesi e entregue \u00e0 Universidade Federal do Paran\u00e1, reconhece a Institui\u00e7\u00e3o como parceira, devido \u00e0s pr\u00e1ticas desenvolvidas em prol dos Objetivos de Desenvolvimento no Mil\u00eanio (ODM) e pelo seu papel como articuladora do crescimento sustent\u00e1vel do Paran\u00e1. O reconhecimento foi conquistado atrav\u00e9s do Programa de Extens\u00e3o Ciclovida, desenvolvido na UFPR desde 2008 com o objetivo de disseminar o uso da bicicleta como meio de transporte e, ao mesmo tempo, contribuir com o meio ambiente.<\/p>\n<p>Segundo o coordenador do Programa Ciclovida, Jos\u00e9 Carlos Belotto, o certificado foi entregue no semin\u00e1rio que lan\u00e7ou a 5\u00aa edi\u00e7\u00e3o do Pr\u00eamio ODM Brasil, em junho deste ano, no pr\u00e9dio da FIEP, em Curitiba. A conquista da UFPR foi na \u00e1rea de Qualidade de Vida e Meio Ambiente, um dos oito Objetivos do Mil\u00eanio. O Pr\u00eamio ODM Brasil \u00e9 uma iniciativa da Secretaria-Geral da Presid\u00eancia da Rep\u00fablica, Movimento Nacional pela Cidadania e Solidariedade\/N\u00f3s Podemos e pelo Programa das Na\u00e7\u00f5es Unidas para o Desenvolvimento (PNUD).<\/p>\n<p>Celsina Favorito<\/p>\n","protected":false},"excerpt":{"rendered":"<p>Por UFPR Um certificado, concedido pelo Sesi e entregue \u00e0 Universidade Federal do Paran\u00e1, reconhece a Institui\u00e7\u00e3o como parceira, devido \u00e0s pr\u00e1ticas desenvolvidas em prol dos Objetivos de Desenvolvimento no [&hellip;]<\/p>\n","protected":false},"author":5,"featured_media":0,"comment_status":"open","ping_status":"open","sticky":false,"template":"","format":"standard","meta":{"_uag_custom_page_level_css":"","ngg_post_thumbnail":0,"footnotes":""},"categories":[17,1],"tags":[],"class_list":["post-1707","post","type-post","status-publish","format-standard","hentry","category-clipping","category-noticias"],"gutentor_comment":3,"featured_image_src":"","featured_image_src_square":false,"author_info":{"display_name":"paulabianchi","author_link":"https:\/\/ciclovida.ufpr.br\/?author=5"},"rbea_author_info":{"display_name":"paulabianchi","author_link":"https:\/\/ciclovida.ufpr.br\/?author=5"},"rbea_excerpt_info":"Por UFPR Um certificado, concedido pelo Sesi e entregue \u00e0 Universidade Federal do Paran\u00e1, reconhece a Institui\u00e7\u00e3o como parceira, devido \u00e0s pr\u00e1ticas desenvolvidas em prol dos Objetivos de Desenvolvimento no [&hellip;]","category_list":"<a href=\"https:\/\/ciclovida.ufpr.br\/?cat=17\" rel=\"category\">Clipping<\/a>, <a href=\"https:\/\/ciclovida.ufpr.br\/?cat=1\" rel=\"category\">Not\u00edcias<\/a>","comments_num":"0 comments","uagb_featured_image_src":{"full":false,"thumbnail":false,"medium":false,"medium_large":false,"large":false,"1536x1536":false,"2048x2048":false,"post-thumbnail":false,"twentytwenty-fullscreen":false},"uagb_author_info":{"display_name":"paulabianchi","author_link":"https:\/\/ciclovida.ufpr.br\/?author=5"},"uagb_comment_info":3,"uagb_excerpt":"Por UFPR Um certificado, concedido pelo Sesi e entregue \u00e0 Universidade Federal do Paran\u00e1, reconhece a Institui\u00e7\u00e3o como parceira, devido \u00e0s pr\u00e1ticas desenvolvidas em prol dos Objetivos de Desenvolvimento no [&hellip;]","wps_subtitle":"","_links":{"self":[{"href":"https:\/\/ciclovida.ufpr.br\/index.php?rest_route=\/wp\/v2\/posts\/1707","targetHints":{"allow":["GET"]}}],"collection":[{"href":"https:\/\/ciclovida.ufpr.br\/index.php?rest_route=\/wp\/v2\/posts"}],"about":[{"href":"https:\/\/ciclovida.ufpr.br\/index.php?rest_route=\/wp\/v2\/types\/post"}],"author":[{"embeddable":true,"href":"https:\/\/ciclovida.ufpr.br\/index.php?rest_route=\/wp\/v2\/users\/5"}],"replies":[{"embeddable":true,"href":"https:\/\/ciclovida.ufpr.br\/index.php?rest_route=%2Fwp%2Fv2%2Fcomments&post=1707"}],"version-history":[{"count":2,"href":"https:\/\/ciclovida.ufpr.br\/index.php?rest_route=\/wp\/v2\/posts\/1707\/revisions"}],"predecessor-version":[{"id":1710,"href":"https:\/\/ciclovida.ufpr.br\/index.php?rest_route=\/wp\/v2\/posts\/1707\/revisions\/1710"}],"wp:attachment":[{"href":"https:\/\/ciclovida.ufpr.br\/index.php?rest_route=%2Fwp%2Fv2%2Fmedia&parent=1707"}],"wp:term":[{"taxonomy":"category","embeddable":true,"href":"https:\/\/ciclovida.ufpr.br\/index.php?rest_route=%2Fwp%2Fv2%2Fcategories&post=1707"},{"taxonomy":"post_tag","embeddable":true,"href":"https:\/\/ciclovida.ufpr.br\/index.php?rest_route=%2Fwp%2Fv2%2Ftags&post=1707"}],"curies":[{"name":"wp","href":"https:\/\/api.w.org\/{rel}","templated":true}]}}