{"id":1696,"date":"2013-09-12T23:31:08","date_gmt":"2013-09-13T02:31:08","guid":{"rendered":"https:\/\/ciclovida.ufpr.br\/?p=1696"},"modified":"2013-09-12T23:34:31","modified_gmt":"2013-09-13T02:34:31","slug":"audiencia-debatera-criacao-de-plano-estadual-para-utilizacao-da-bicicleta","status":"publish","type":"post","link":"https:\/\/ciclovida.ufpr.br\/?p=1696","title":{"rendered":"Audi\u00eancia debater\u00e1 cria\u00e7\u00e3o de plano estadual para utiliza\u00e7\u00e3o da bicicleta"},"content":{"rendered":"<p>Por <a href=\"http:\/\/www.alep.pr.gov.br\/sala_de_imprensa\/noticias\/23150-audiencia-debatera-criacao-de-plano-estadual-para-utilizacao-da-bicicleta\">Assembl\u00e9ia Legislativa do Paran\u00e1<\/a><\/p>\n<p>&nbsp;<\/p>\n<p>O Paran\u00e1 poder\u00e1 ter um plano diretor ciclovi\u00e1rio para todos os seus munic\u00edpios. O assunto ser\u00e1 tema de audi\u00eancia p\u00fablica a ser realizada na Assembleia Legislativa no pr\u00f3ximo dia 27, \u00e0s 14 horas, por proposta dos deputados Stephanes Junior (PMDB) e Rasca Rodrigues (PV). O assunto foi tema<\/p>\n<p>de reuni\u00e3o realizada nesta segunda-feira (9) no gabinete do chefe da Casa Civil, Reinhold Stephanes. A inten\u00e7\u00e3o \u00e9 envolver as secretarias estaduais de Desenvolvimento Urbano, Meio Ambiente e Ci\u00eancia e Tecnologia, visando criar um plano de mobilidade urbana que privilegie o uso da bicicleta, a partir de planos diretores ciclovi\u00e1rios municipais.<\/p>\n<p>Do encontro participaram o coordenador do Projeto Ciclovia da Universidade Federal do Paran\u00e1, Jos\u00e9 Carlos Assun\u00e7\u00e3o Belotto, que tamb\u00e9m \u00e9 vice-presidente da Federa\u00e7\u00e3o Paranaense de Ciclismo; o coordenador geral do Cicloigua\u00e7u, Jorge Brand; mais o coordenador jur\u00eddico, Rodolfo Jaruga, e o assessor do deputado Stephanes Junior, Bernardo Marino. Da audi\u00eancia na Assembleia devem participar o reitor da UFPr, Zaki Ackel; representantes de todas as universidades estaduais, do Minist\u00e9rio das Cidades, das secretarias estaduais envolvidas, de movimentos pr\u00f3-utiliza\u00e7\u00e3o da bicicleta e o arquiteto Ant\u00f4nio Miranda, respons\u00e1vel pelo plano ciclovi\u00e1rio da Prefeitura de Curitiba. No encontro foi solicitada a constru\u00e7\u00e3o de uma ciclovia ligando Rio Branco do Sul at\u00e9 Curitiba, durante a duplica\u00e7\u00e3o da Rodovia dos Min\u00e9rios, obra que est\u00e1 sendo iniciada.<\/p>\n<p>O uso da bicicleta \u00e9 defendido por Stephanes como uma importante alternativa para desafogar o tr\u00e1fego e reduzir a emiss\u00e3o de gases t\u00f3xicos ao meio ambiente, al\u00e9m de representar um importante meio para a pr\u00e1tica salutar de exerc\u00edcio f\u00edsico e est\u00edmulo aos esportes.<\/p>\n","protected":false},"excerpt":{"rendered":"<p>Por Assembl\u00e9ia Legislativa do Paran\u00e1 &nbsp; O Paran\u00e1 poder\u00e1 ter um plano diretor ciclovi\u00e1rio para todos os seus munic\u00edpios. O assunto ser\u00e1 tema de audi\u00eancia p\u00fablica a ser realizada na [&hellip;]<\/p>\n","protected":false},"author":5,"featured_media":0,"comment_status":"open","ping_status":"open","sticky":false,"template":"","format":"standard","meta":{"_uag_custom_page_level_css":"","ngg_post_thumbnail":0,"footnotes":""},"categories":[1],"tags":[],"class_list":["post-1696","post","type-post","status-publish","format-standard","hentry","category-noticias"],"gutentor_comment":3,"featured_image_src":"","featured_image_src_square":false,"author_info":{"display_name":"paulabianchi","author_link":"https:\/\/ciclovida.ufpr.br\/?author=5"},"rbea_author_info":{"display_name":"paulabianchi","author_link":"https:\/\/ciclovida.ufpr.br\/?author=5"},"rbea_excerpt_info":"Por Assembl\u00e9ia Legislativa do Paran\u00e1 &nbsp; O Paran\u00e1 poder\u00e1 ter um plano diretor ciclovi\u00e1rio para todos os seus munic\u00edpios. O assunto ser\u00e1 tema de audi\u00eancia p\u00fablica a ser realizada na [&hellip;]","category_list":"<a href=\"https:\/\/ciclovida.ufpr.br\/?cat=1\" rel=\"category\">Not\u00edcias<\/a>","comments_num":"0 comments","uagb_featured_image_src":{"full":false,"thumbnail":false,"medium":false,"medium_large":false,"large":false,"1536x1536":false,"2048x2048":false,"post-thumbnail":false,"twentytwenty-fullscreen":false},"uagb_author_info":{"display_name":"paulabianchi","author_link":"https:\/\/ciclovida.ufpr.br\/?author=5"},"uagb_comment_info":3,"uagb_excerpt":"Por Assembl\u00e9ia Legislativa do Paran\u00e1 &nbsp; O Paran\u00e1 poder\u00e1 ter um plano diretor ciclovi\u00e1rio para todos os seus munic\u00edpios. O assunto ser\u00e1 tema de audi\u00eancia p\u00fablica a ser realizada na [&hellip;]","wps_subtitle":"","_links":{"self":[{"href":"https:\/\/ciclovida.ufpr.br\/index.php?rest_route=\/wp\/v2\/posts\/1696","targetHints":{"allow":["GET"]}}],"collection":[{"href":"https:\/\/ciclovida.ufpr.br\/index.php?rest_route=\/wp\/v2\/posts"}],"about":[{"href":"https:\/\/ciclovida.ufpr.br\/index.php?rest_route=\/wp\/v2\/types\/post"}],"author":[{"embeddable":true,"href":"https:\/\/ciclovida.ufpr.br\/index.php?rest_route=\/wp\/v2\/users\/5"}],"replies":[{"embeddable":true,"href":"https:\/\/ciclovida.ufpr.br\/index.php?rest_route=%2Fwp%2Fv2%2Fcomments&post=1696"}],"version-history":[{"count":3,"href":"https:\/\/ciclovida.ufpr.br\/index.php?rest_route=\/wp\/v2\/posts\/1696\/revisions"}],"predecessor-version":[{"id":1698,"href":"https:\/\/ciclovida.ufpr.br\/index.php?rest_route=\/wp\/v2\/posts\/1696\/revisions\/1698"}],"wp:attachment":[{"href":"https:\/\/ciclovida.ufpr.br\/index.php?rest_route=%2Fwp%2Fv2%2Fmedia&parent=1696"}],"wp:term":[{"taxonomy":"category","embeddable":true,"href":"https:\/\/ciclovida.ufpr.br\/index.php?rest_route=%2Fwp%2Fv2%2Fcategories&post=1696"},{"taxonomy":"post_tag","embeddable":true,"href":"https:\/\/ciclovida.ufpr.br\/index.php?rest_route=%2Fwp%2Fv2%2Ftags&post=1696"}],"curies":[{"name":"wp","href":"https:\/\/api.w.org\/{rel}","templated":true}]}}