{"id":1692,"date":"2013-09-11T18:00:56","date_gmt":"2013-09-11T21:00:56","guid":{"rendered":"https:\/\/ciclovida.ufpr.br\/?p=1692"},"modified":"2013-09-10T22:55:36","modified_gmt":"2013-09-11T01:55:36","slug":"prefeitura-lanca-plano-diretor-cicloviario","status":"publish","type":"post","link":"https:\/\/ciclovida.ufpr.br\/?p=1692","title":{"rendered":"Prefeitura lan\u00e7a Plano Diretor Ciclovi\u00e1rio"},"content":{"rendered":"<p>Por <a href=\"http:\/\/www.curitiba.pr.gov.br\/tv\/prefeitura-lanca-plano-diretor-cicloviario\/2760\">Prefeitura de Curitiba<\/a><\/p>\n<p><object width=\"300\" height=\"274\" classid=\"clsid:d27cdb6e-ae6d-11cf-96b8-444553540000\" codebase=\"http:\/\/download.macromedia.com\/pub\/shockwave\/cabs\/flash\/swflash.cab#version=6,0,40,0\"><param name=\"wmode\" value=\"transparent\" \/><param name=\"allowfullscreen\" value=\"true\" \/><param name=\"src\" value=\"http:\/\/www.curitiba.pr.gov.br\/imagem\/swf\/player\/tvpmc_flvplayer.swf\" \/><param name=\"pluginspage\" value=\"http:\/\/www.adobe.com\/go\/getflashplayer\" \/><param name=\"flashvars\" value=\"file=http:\/\/tv.curitiba.pr.gov.br\/video\/2760.flv&amp;image=http:\/\/tv.curitiba.pr.gov.br\/imagem\/\" \/><embed width=\"300\" height=\"274\" type=\"application\/x-shockwave-flash\" src=\"http:\/\/www.curitiba.pr.gov.br\/imagem\/swf\/player\/tvpmc_flvplayer.swf\" wmode=\"transparent\" allowfullscreen=\"true\" pluginspage=\"http:\/\/www.adobe.com\/go\/getflashplayer\" flashvars=\"file=http:\/\/tv.curitiba.pr.gov.br\/video\/2760.flv&amp;image=http:\/\/tv.curitiba.pr.gov.br\/imagem\/\" \/><\/object><\/p>\n<p>&nbsp;<\/p>\n<p>A prefeitura lan\u00e7ou o Plano Diretor Ciclovi\u00e1rio que vai contemplar a recupera\u00e7\u00e3o de 127 km da malha ciclovi\u00e1ria j\u00e1 existente e implantar mais 300 km de vias na cidade.<\/p>\n<p>&nbsp;<\/p>\n","protected":false},"excerpt":{"rendered":"<p>Por Prefeitura de Curitiba &nbsp; A prefeitura lan\u00e7ou o Plano Diretor Ciclovi\u00e1rio que vai contemplar a recupera\u00e7\u00e3o de 127 km da malha ciclovi\u00e1ria j\u00e1 existente e implantar mais 300 km [&hellip;]<\/p>\n","protected":false},"author":5,"featured_media":0,"comment_status":"open","ping_status":"open","sticky":false,"template":"","format":"standard","meta":{"_uag_custom_page_level_css":"","ngg_post_thumbnail":0,"footnotes":""},"categories":[1],"tags":[],"class_list":["post-1692","post","type-post","status-publish","format-standard","hentry","category-noticias"],"gutentor_comment":6,"featured_image_src":"","featured_image_src_square":false,"author_info":{"display_name":"paulabianchi","author_link":"https:\/\/ciclovida.ufpr.br\/?author=5"},"rbea_author_info":{"display_name":"paulabianchi","author_link":"https:\/\/ciclovida.ufpr.br\/?author=5"},"rbea_excerpt_info":"Por Prefeitura de Curitiba &nbsp; A prefeitura lan\u00e7ou o Plano Diretor Ciclovi\u00e1rio que vai contemplar a recupera\u00e7\u00e3o de 127 km da malha ciclovi\u00e1ria j\u00e1 existente e implantar mais 300 km [&hellip;]","category_list":"<a href=\"https:\/\/ciclovida.ufpr.br\/?cat=1\" rel=\"category\">Not\u00edcias<\/a>","comments_num":"0 comments","uagb_featured_image_src":{"full":false,"thumbnail":false,"medium":false,"medium_large":false,"large":false,"1536x1536":false,"2048x2048":false,"post-thumbnail":false,"twentytwenty-fullscreen":false},"uagb_author_info":{"display_name":"paulabianchi","author_link":"https:\/\/ciclovida.ufpr.br\/?author=5"},"uagb_comment_info":6,"uagb_excerpt":"Por Prefeitura de Curitiba &nbsp; A prefeitura lan\u00e7ou o Plano Diretor Ciclovi\u00e1rio que vai contemplar a recupera\u00e7\u00e3o de 127 km da malha ciclovi\u00e1ria j\u00e1 existente e implantar mais 300 km [&hellip;]","wps_subtitle":"","_links":{"self":[{"href":"https:\/\/ciclovida.ufpr.br\/index.php?rest_route=\/wp\/v2\/posts\/1692","targetHints":{"allow":["GET"]}}],"collection":[{"href":"https:\/\/ciclovida.ufpr.br\/index.php?rest_route=\/wp\/v2\/posts"}],"about":[{"href":"https:\/\/ciclovida.ufpr.br\/index.php?rest_route=\/wp\/v2\/types\/post"}],"author":[{"embeddable":true,"href":"https:\/\/ciclovida.ufpr.br\/index.php?rest_route=\/wp\/v2\/users\/5"}],"replies":[{"embeddable":true,"href":"https:\/\/ciclovida.ufpr.br\/index.php?rest_route=%2Fwp%2Fv2%2Fcomments&post=1692"}],"version-history":[{"count":2,"href":"https:\/\/ciclovida.ufpr.br\/index.php?rest_route=\/wp\/v2\/posts\/1692\/revisions"}],"predecessor-version":[{"id":1694,"href":"https:\/\/ciclovida.ufpr.br\/index.php?rest_route=\/wp\/v2\/posts\/1692\/revisions\/1694"}],"wp:attachment":[{"href":"https:\/\/ciclovida.ufpr.br\/index.php?rest_route=%2Fwp%2Fv2%2Fmedia&parent=1692"}],"wp:term":[{"taxonomy":"category","embeddable":true,"href":"https:\/\/ciclovida.ufpr.br\/index.php?rest_route=%2Fwp%2Fv2%2Fcategories&post=1692"},{"taxonomy":"post_tag","embeddable":true,"href":"https:\/\/ciclovida.ufpr.br\/index.php?rest_route=%2Fwp%2Fv2%2Ftags&post=1692"}],"curies":[{"name":"wp","href":"https:\/\/api.w.org\/{rel}","templated":true}]}}