{"id":1658,"date":"2013-09-03T15:57:04","date_gmt":"2013-09-03T18:57:04","guid":{"rendered":"https:\/\/ciclovida.ufpr.br\/?p=1658"},"modified":"2013-09-02T22:59:49","modified_gmt":"2013-09-03T01:59:49","slug":"clipping-bike-eletrica-de-novo-na-frente-no-vii-desafio-intermodal-de-curitiba","status":"publish","type":"post","link":"https:\/\/ciclovida.ufpr.br\/?p=1658","title":{"rendered":"Clipping: Bike el\u00e9trica de novo na frente, no VII Desafio Intermodal de Curitiba"},"content":{"rendered":"<p>Por <a href=\"http:\/\/www.pautasjp.com.br\/noticia.php?nid=2840\"><strong>Pauta SJP<\/strong><\/a><\/p>\n<p><i>Em prova de mobilidade da UFPR, o carro demorou o dobro do tempo. Andar a p\u00e9 \u00e9 mais r\u00e1pido que de \u00f4nibus.<\/i><\/p>\n<p>&nbsp;<\/p>\n<p><a href=\"https:\/\/ciclovida.ufpr.br\/wp-content\/uploads\/2013\/09\/13781200793BikeEletricaUlissesBindeCapa.jpg\"><img loading=\"lazy\" decoding=\"async\" class=\"aligncenter size-full wp-image-1659\" alt=\"13781200793BikeEletricaUlissesBindeCapa\" src=\"https:\/\/ciclovida.ufpr.br\/wp-content\/uploads\/2013\/09\/13781200793BikeEletricaUlissesBindeCapa.jpg\" width=\"564\" height=\"340\" srcset=\"https:\/\/ciclovida.ufpr.br\/wp-content\/uploads\/2013\/09\/13781200793BikeEletricaUlissesBindeCapa.jpg 564w, https:\/\/ciclovida.ufpr.br\/wp-content\/uploads\/2013\/09\/13781200793BikeEletricaUlissesBindeCapa-300x180.jpg 300w\" sizes=\"auto, (max-width: 564px) 100vw, 564px\" \/><\/a><\/p>\n<p>&nbsp;<\/p>\n<p>Com o passar dos anos, e o fato de ser realizado novamente no mesmo trajeto, o Desafio Intermodal de Curitiba vai consolidando as possibilidades de mobilidade no tr\u00e2nsito em hor\u00e1rio de pico na Capital. A bicicleta, seja el\u00e9trica ou de pedal, chega sempre na frente ou junto com o carro. Outra constata\u00e7\u00e3o importante para o stress e o bolso: quem faz a prova a p\u00e9 chega antes de quem vai de \u00f4nibus. O desafio completou seu s\u00e9timo ano na \u00faltima sexta (30), com 32 pessoas, tendo como partida o Campus Polit\u00e9cnico e a chegada na Pra\u00e7a Santos Andrade, locais com sedes da Universidade Federal do Paran\u00e1 (UFPR), entidade realizadora desta iniciativa por meio do Programa Ciclo Vida.<\/p>\n<p>A dist\u00e2ncia de cerca de oito quil\u00f4metros varia por causa das diferentes ruas que os participantes utilizam. A \u00fanica regra, al\u00e9m do hor\u00e1rio de sa\u00edda \u00e0s 18h10, foi passar em um ponto de transi\u00e7\u00e3o na Avenida Silva Jardim. Ulisses Binde, o primeiro a estacionar nas escadarias da UFPR, se deslocou com uma bicicleta el\u00e9trica em 15 minutos e 53 segundos. \u201cFiz um trajeto convencional, saindo do Polit\u00e9cnico pela Avenida das Torres, depois via a Alferes Poli, Silva Jardim, Marechal Floriano at\u00e9 a UFPR\u201d, lembra Ulisses Binde.<\/p>\n<p>Uma novidade foi a presen\u00e7a do carro el\u00e9trico, que chegou antes dos ve\u00edculos a combust\u00e3o. O motorista foi Omar Sabbag Filho que conduziu um modelo smart. O tamanho reduzido do ve\u00edculo ajudou a ser o primeiro carro a chegar, em 32 min e 27 segundos. \u201cDesde 2011, o Instituto de Tecnologia para o Desenvolvimento (Lactec) tem feito pesquisa com o carro da empresa Light, quanto os poss\u00edveis formatos de postos p\u00fablicos de reabastecimento e como seria a recarga na casa das pessoas. Agora, faremos um comparativo direto com demais meios de mobilidade\u201d, falava o superintendente da Lactec, Omar Sabgag, antes da largada no Polit\u00e9cnico.<\/p>\n<p>Jos\u00e9 Belotto, coordenador do Programa Ciclo Vida, enfatiza a consolida\u00e7\u00e3o dos resultados. \u201cConseguimos estabelecer par\u00e2metros muito pr\u00f3ximos do que o curitibano encontra na rua\u201d, diz Jos\u00e9 Belotto.<\/p>\n<p>O ciclo ativista Jorge Brand acompanha a ideia desde 2006. \u201cApesar da empolga\u00e7\u00e3o em chegar primeiro, os participantes entenderam que n\u00e3o se trata de uma corrida maluca, mas sim de representar o deslocamento. Por isso \u00e9 feita a m\u00e9dia em cada categoria\u201d, explica Jorge Brand.<\/p>\n<p><b>Resultado VII Desafio Intermodal de Curitiba<\/b><br \/>\nEntre 32 pessoas, primeiro chegaram as bicicletas el\u00e9tricas, depois as bicicletas convencionais e as motos, o carro el\u00e9trico, quem fez o trajeto correndo, os carros convencionais, seguidos pelos pedestres e usu\u00e1rios de \u00f4nibus. Os primeiros em cada categoria foram os seguintes:<br \/>\n1\u00ba bicicleta el\u00e9trica \u2013 Ulisses Bind (15min53s);<br \/>\n4\u00ba bicicleta convencional \u2013 Anderson Brand\u00e3o (20min40s);<br \/>\n5\u00ba moto \u2013 Luiz Carlos Silva (22min 01s);<br \/>\n13\u00ba carro el\u00e9trico \u2013 Omar Sabbag Filho (32min27s);<br \/>\n15\u00ba corredor \u2013 Jo\u00e3o Paulo (43min13s);<br \/>\n17\u00ba carro convencional \u2013 Marcela Barcelos (45min24s);<br \/>\n23\u00ba a p\u00e9 \u2013 Rodrigo Angreves (59min21s);<br \/>\n25\u00ba de \u00f4nibus \u2013 Mirian Gon\u00e7alves (1h03min38s).<\/p>\n<p><b>S\u00e3o Jos\u00e9 dos Pinhais<\/b><br \/>\nDia 25 de setembro, o Sanjo Bikers, com promo\u00e7\u00e3o do PautaSJP.com, realiza o I Desafio Intermodal de S\u00e3o Jose dos Pinhais e com apoio t\u00e9cnico do Ciclo Vida. A sa\u00edda e chegada de noite, em hor\u00e1rio de pico, foram definidas recentemente. Cerca de 35 participantes come\u00e7ar\u00e3o a prova no Shopping S\u00e3o Jos\u00e9 e terminar\u00e3o na Faculdade Fiep (antiga Famec).<\/p>\n","protected":false},"excerpt":{"rendered":"<p>Por Pauta SJP Em prova de mobilidade da UFPR, o carro demorou o dobro do tempo. Andar a p\u00e9 \u00e9 mais r\u00e1pido que de \u00f4nibus. &nbsp; &nbsp; Com o passar [&hellip;]<\/p>\n","protected":false},"author":5,"featured_media":0,"comment_status":"open","ping_status":"open","sticky":false,"template":"","format":"standard","meta":{"_uag_custom_page_level_css":"","ngg_post_thumbnail":0,"footnotes":""},"categories":[17],"tags":[],"class_list":["post-1658","post","type-post","status-publish","format-standard","hentry","category-clipping"],"gutentor_comment":8,"featured_image_src":"","featured_image_src_square":false,"author_info":{"display_name":"paulabianchi","author_link":"https:\/\/ciclovida.ufpr.br\/?author=5"},"rbea_author_info":{"display_name":"paulabianchi","author_link":"https:\/\/ciclovida.ufpr.br\/?author=5"},"rbea_excerpt_info":"Por Pauta SJP Em prova de mobilidade da UFPR, o carro demorou o dobro do tempo. Andar a p\u00e9 \u00e9 mais r\u00e1pido que de \u00f4nibus. &nbsp; &nbsp; Com o passar [&hellip;]","category_list":"<a href=\"https:\/\/ciclovida.ufpr.br\/?cat=17\" rel=\"category\">Clipping<\/a>","comments_num":"0 comments","uagb_featured_image_src":{"full":false,"thumbnail":false,"medium":false,"medium_large":false,"large":false,"1536x1536":false,"2048x2048":false,"post-thumbnail":false,"twentytwenty-fullscreen":false},"uagb_author_info":{"display_name":"paulabianchi","author_link":"https:\/\/ciclovida.ufpr.br\/?author=5"},"uagb_comment_info":8,"uagb_excerpt":"Por Pauta SJP Em prova de mobilidade da UFPR, o carro demorou o dobro do tempo. Andar a p\u00e9 \u00e9 mais r\u00e1pido que de \u00f4nibus. &nbsp; &nbsp; Com o passar [&hellip;]","wps_subtitle":"","_links":{"self":[{"href":"https:\/\/ciclovida.ufpr.br\/index.php?rest_route=\/wp\/v2\/posts\/1658","targetHints":{"allow":["GET"]}}],"collection":[{"href":"https:\/\/ciclovida.ufpr.br\/index.php?rest_route=\/wp\/v2\/posts"}],"about":[{"href":"https:\/\/ciclovida.ufpr.br\/index.php?rest_route=\/wp\/v2\/types\/post"}],"author":[{"embeddable":true,"href":"https:\/\/ciclovida.ufpr.br\/index.php?rest_route=\/wp\/v2\/users\/5"}],"replies":[{"embeddable":true,"href":"https:\/\/ciclovida.ufpr.br\/index.php?rest_route=%2Fwp%2Fv2%2Fcomments&post=1658"}],"version-history":[{"count":1,"href":"https:\/\/ciclovida.ufpr.br\/index.php?rest_route=\/wp\/v2\/posts\/1658\/revisions"}],"predecessor-version":[{"id":1660,"href":"https:\/\/ciclovida.ufpr.br\/index.php?rest_route=\/wp\/v2\/posts\/1658\/revisions\/1660"}],"wp:attachment":[{"href":"https:\/\/ciclovida.ufpr.br\/index.php?rest_route=%2Fwp%2Fv2%2Fmedia&parent=1658"}],"wp:term":[{"taxonomy":"category","embeddable":true,"href":"https:\/\/ciclovida.ufpr.br\/index.php?rest_route=%2Fwp%2Fv2%2Fcategories&post=1658"},{"taxonomy":"post_tag","embeddable":true,"href":"https:\/\/ciclovida.ufpr.br\/index.php?rest_route=%2Fwp%2Fv2%2Ftags&post=1658"}],"curies":[{"name":"wp","href":"https:\/\/api.w.org\/{rel}","templated":true}]}}