{"id":1645,"date":"2013-08-31T18:40:15","date_gmt":"2013-08-31T21:40:15","guid":{"rendered":"https:\/\/ciclovida.ufpr.br\/?p=1645"},"modified":"2013-08-31T18:40:51","modified_gmt":"2013-08-31T21:40:51","slug":"clipping-vice-prefeita-e-secretaria-participam-de-desafio-intermodal","status":"publish","type":"post","link":"https:\/\/ciclovida.ufpr.br\/?p=1645","title":{"rendered":"Clipping: Vice-prefeita e secret\u00e1ria participam de desafio intermodal"},"content":{"rendered":"<p>Por <a href=\"http:\/\/www.curitiba.pr.gov.br\/noticias\/vice-prefeita-e-secretaria-participam-de-desafio-intermodal\/30534\"><strong>Prefeitura de Curitiba<\/strong><\/a><\/p>\n<p>A vice-prefeita de Curitiba, Mirian Gon\u00e7alves, e a secret\u00e1ria de Tr\u00e2nsito, Luiza Simonelli, participaram nesta sexta-feira (30) do Desafio Intermodal, organizado pelo Projeto Ciclovida, do N\u00facleo de Psicologia do Tr\u00e2nsito da Universidade Federal do Paran\u00e1 (UFPR).<\/p>\n<p style=\"text-align: center;\"><a href=\"https:\/\/ciclovida.ufpr.br\/wp-content\/uploads\/2013\/08\/00136405.jpg\"><img loading=\"lazy\" decoding=\"async\" class=\"aligncenter  wp-image-1646\" alt=\"00136405\" src=\"https:\/\/ciclovida.ufpr.br\/wp-content\/uploads\/2013\/08\/00136405-1024x681.jpg\" width=\"573\" height=\"382\" srcset=\"https:\/\/ciclovida.ufpr.br\/wp-content\/uploads\/2013\/08\/00136405-1024x681.jpg 1024w, https:\/\/ciclovida.ufpr.br\/wp-content\/uploads\/2013\/08\/00136405-300x199.jpg 300w\" sizes=\"auto, (max-width: 573px) 100vw, 573px\" \/><\/a><\/p>\n<p>Mirian recebeu como tarefa fazer o percurso entre o Centro Polit\u00e9cnico da Universidade Federal do Paran\u00e1 (UFPR), no bairro Jardim da Am\u00e9ricas, e o pr\u00e9dio central da institui\u00e7\u00e3o, na Pra\u00e7a Santos Andrade, no Centro, de \u00f4nibus.<\/p>\n<p>Simonelli fez o mesmo percurso a p\u00e9. \u201cParabenizo o N\u00facleo de Psicologia pela iniciativa do desafio. O estudo realizado ser\u00e1 mais uma ferramenta de gest\u00e3o para as discuss\u00f5es e defini\u00e7\u00f5es sobre mobilidade na cidade\u201d, destacou a secret\u00e1ria de Tr\u00e2nsito.<\/p>\n","protected":false},"excerpt":{"rendered":"<p>Por Prefeitura de Curitiba A vice-prefeita de Curitiba, Mirian Gon\u00e7alves, e a secret\u00e1ria de Tr\u00e2nsito, Luiza Simonelli, participaram nesta sexta-feira (30) do Desafio Intermodal, organizado pelo Projeto Ciclovida, do N\u00facleo [&hellip;]<\/p>\n","protected":false},"author":5,"featured_media":0,"comment_status":"open","ping_status":"open","sticky":false,"template":"","format":"standard","meta":{"_uag_custom_page_level_css":"","ngg_post_thumbnail":0,"footnotes":""},"categories":[17],"tags":[],"class_list":["post-1645","post","type-post","status-publish","format-standard","hentry","category-clipping"],"gutentor_comment":7,"featured_image_src":"","featured_image_src_square":false,"author_info":{"display_name":"paulabianchi","author_link":"https:\/\/ciclovida.ufpr.br\/?author=5"},"rbea_author_info":{"display_name":"paulabianchi","author_link":"https:\/\/ciclovida.ufpr.br\/?author=5"},"rbea_excerpt_info":"Por Prefeitura de Curitiba A vice-prefeita de Curitiba, Mirian Gon\u00e7alves, e a secret\u00e1ria de Tr\u00e2nsito, Luiza Simonelli, participaram nesta sexta-feira (30) do Desafio Intermodal, organizado pelo Projeto Ciclovida, do N\u00facleo [&hellip;]","category_list":"<a href=\"https:\/\/ciclovida.ufpr.br\/?cat=17\" rel=\"category\">Clipping<\/a>","comments_num":"0 comments","uagb_featured_image_src":{"full":false,"thumbnail":false,"medium":false,"medium_large":false,"large":false,"1536x1536":false,"2048x2048":false,"post-thumbnail":false,"twentytwenty-fullscreen":false},"uagb_author_info":{"display_name":"paulabianchi","author_link":"https:\/\/ciclovida.ufpr.br\/?author=5"},"uagb_comment_info":7,"uagb_excerpt":"Por Prefeitura de Curitiba A vice-prefeita de Curitiba, Mirian Gon\u00e7alves, e a secret\u00e1ria de Tr\u00e2nsito, Luiza Simonelli, participaram nesta sexta-feira (30) do Desafio Intermodal, organizado pelo Projeto Ciclovida, do N\u00facleo [&hellip;]","wps_subtitle":"","_links":{"self":[{"href":"https:\/\/ciclovida.ufpr.br\/index.php?rest_route=\/wp\/v2\/posts\/1645","targetHints":{"allow":["GET"]}}],"collection":[{"href":"https:\/\/ciclovida.ufpr.br\/index.php?rest_route=\/wp\/v2\/posts"}],"about":[{"href":"https:\/\/ciclovida.ufpr.br\/index.php?rest_route=\/wp\/v2\/types\/post"}],"author":[{"embeddable":true,"href":"https:\/\/ciclovida.ufpr.br\/index.php?rest_route=\/wp\/v2\/users\/5"}],"replies":[{"embeddable":true,"href":"https:\/\/ciclovida.ufpr.br\/index.php?rest_route=%2Fwp%2Fv2%2Fcomments&post=1645"}],"version-history":[{"count":2,"href":"https:\/\/ciclovida.ufpr.br\/index.php?rest_route=\/wp\/v2\/posts\/1645\/revisions"}],"predecessor-version":[{"id":1648,"href":"https:\/\/ciclovida.ufpr.br\/index.php?rest_route=\/wp\/v2\/posts\/1645\/revisions\/1648"}],"wp:attachment":[{"href":"https:\/\/ciclovida.ufpr.br\/index.php?rest_route=%2Fwp%2Fv2%2Fmedia&parent=1645"}],"wp:term":[{"taxonomy":"category","embeddable":true,"href":"https:\/\/ciclovida.ufpr.br\/index.php?rest_route=%2Fwp%2Fv2%2Fcategories&post=1645"},{"taxonomy":"post_tag","embeddable":true,"href":"https:\/\/ciclovida.ufpr.br\/index.php?rest_route=%2Fwp%2Fv2%2Ftags&post=1645"}],"curies":[{"name":"wp","href":"https:\/\/api.w.org\/{rel}","templated":true}]}}