{"id":1633,"date":"2013-08-18T10:49:52","date_gmt":"2013-08-18T13:49:52","guid":{"rendered":"https:\/\/ciclovida.ufpr.br\/?p=1633"},"modified":"2013-08-17T10:54:01","modified_gmt":"2013-08-17T13:54:01","slug":"clipping-desafio-com-diferentes-meios-de-transporte-sera-no-fim-do-mes","status":"publish","type":"post","link":"https:\/\/ciclovida.ufpr.br\/?p=1633","title":{"rendered":"Clipping: Desafio com diferentes meios de transporte ser\u00e1 no fim do m\u00eas"},"content":{"rendered":"<p>Por<a href=\"http:\/\/www.ufpr.br\/portalufpr\/noticias\/desafio-com-diferentes-meios-de-transporte-sera-no-fim-do-mes\/\"> ACS UFPR<\/a><\/p>\n<p>Est\u00e1 marcado para o dia 30 de agosto o 7\u00ba Desafio Intermodal de Curitiba, realizado pela Universidade Federal do Paran\u00e1, Programa Ciclovida e Programa de Educa\u00e7\u00e3o Tutorial da Engenharia Civil. O evento tem como prop\u00f3sito avaliar diferentes aspectos relativos ao deslocamento, como tempo, emiss\u00e3o de poluentes e custos.<\/p>\n<p>O Desafio consiste em diversos modais saindo ao mesmo tempo, de um mesmo local, em hor\u00e1rio de pico com um destino em comum. Este ano a largada ocorre \u00e0s 18 horas, em frente ao pr\u00e9dio da Administra\u00e7\u00e3o do Centro Polit\u00e9cnico da UFPR, no bairro Jardim das Am\u00e9ricas e a chegada na Pra\u00e7a Santos Andrade, em frente ao Pr\u00e9dio Hist\u00f3rico da Universidade. Todos os participantes podem fazer o caminho de prefer\u00eancia desde que passem pelo ponto intermedi\u00e1rio, localizado na Avenida Silva Jardim, 807 (Escrit\u00f3rio Verde da UTFPR).<\/p>\n<figure id=\"attachment_1634\" aria-describedby=\"caption-attachment-1634\" style=\"width: 480px\" class=\"wp-caption aligncenter\"><a href=\"https:\/\/ciclovida.ufpr.br\/wp-content\/uploads\/2013\/08\/centro-politecnico.jpg\"><img loading=\"lazy\" decoding=\"async\" class=\" wp-image-1634  \" alt=\"local da sa\u00edda do desafio. Foto: Marcos Solivan\" src=\"https:\/\/ciclovida.ufpr.br\/wp-content\/uploads\/2013\/08\/centro-politecnico.jpg\" width=\"480\" height=\"319\" srcset=\"https:\/\/ciclovida.ufpr.br\/wp-content\/uploads\/2013\/08\/centro-politecnico.jpg 1000w, https:\/\/ciclovida.ufpr.br\/wp-content\/uploads\/2013\/08\/centro-politecnico-300x199.jpg 300w\" sizes=\"auto, (max-width: 480px) 100vw, 480px\" \/><\/a><figcaption id=\"caption-attachment-1634\" class=\"wp-caption-text\">local da sa\u00edda do desafio. Foto: Marcos Solivan<\/figcaption><\/figure>\n<p>Este ano os modais participantes ser\u00e3o bicicleta convencional, bicicleta el\u00e9trica, motocicleta, o corredor, o pedestre, \u00f4nibus, carro e at\u00e9 carro el\u00e9trico. No Desafio do ano passado a bicicleta el\u00e9trica levou a melhor, seguida da motocicleta e da bicicleta comum.<\/p>\n<p>Servi\u00e7o<br \/>\nDia: 30\/08<br \/>\nLocal: Largada no Centro Polit\u00e9cnico da UFPR, em frente ao pr\u00e9dio da Administra\u00e7\u00e3o (utilizar a entrada do campus pela BR 277).<br \/>\nPonto Intermedi\u00e1rio: Escrit\u00f3rio Verde da UTFPR \u2500 Av. Silva Jardim, 807<br \/>\nChegada: Pra\u00e7a Santos Andrade<br \/>\nHor\u00e1rio: 18 horas (largada) 17h30 (concentra\u00e7\u00e3o)<\/p>\n","protected":false},"excerpt":{"rendered":"<p>Por ACS UFPR Est\u00e1 marcado para o dia 30 de agosto o 7\u00ba Desafio Intermodal de Curitiba, realizado pela Universidade Federal do Paran\u00e1, Programa Ciclovida e Programa de Educa\u00e7\u00e3o Tutorial [&hellip;]<\/p>\n","protected":false},"author":5,"featured_media":0,"comment_status":"open","ping_status":"open","sticky":false,"template":"","format":"standard","meta":{"_uag_custom_page_level_css":"","ngg_post_thumbnail":0,"footnotes":""},"categories":[17],"tags":[],"class_list":["post-1633","post","type-post","status-publish","format-standard","hentry","category-clipping"],"gutentor_comment":7,"featured_image_src":"","featured_image_src_square":false,"author_info":{"display_name":"paulabianchi","author_link":"https:\/\/ciclovida.ufpr.br\/?author=5"},"rbea_author_info":{"display_name":"paulabianchi","author_link":"https:\/\/ciclovida.ufpr.br\/?author=5"},"rbea_excerpt_info":"Por ACS UFPR Est\u00e1 marcado para o dia 30 de agosto o 7\u00ba Desafio Intermodal de Curitiba, realizado pela Universidade Federal do Paran\u00e1, Programa Ciclovida e Programa de Educa\u00e7\u00e3o Tutorial [&hellip;]","category_list":"<a href=\"https:\/\/ciclovida.ufpr.br\/?cat=17\" rel=\"category\">Clipping<\/a>","comments_num":"0 comments","uagb_featured_image_src":{"full":false,"thumbnail":false,"medium":false,"medium_large":false,"large":false,"1536x1536":false,"2048x2048":false,"post-thumbnail":false,"twentytwenty-fullscreen":false},"uagb_author_info":{"display_name":"paulabianchi","author_link":"https:\/\/ciclovida.ufpr.br\/?author=5"},"uagb_comment_info":7,"uagb_excerpt":"Por ACS UFPR Est\u00e1 marcado para o dia 30 de agosto o 7\u00ba Desafio Intermodal de Curitiba, realizado pela Universidade Federal do Paran\u00e1, Programa Ciclovida e Programa de Educa\u00e7\u00e3o Tutorial [&hellip;]","wps_subtitle":"","_links":{"self":[{"href":"https:\/\/ciclovida.ufpr.br\/index.php?rest_route=\/wp\/v2\/posts\/1633","targetHints":{"allow":["GET"]}}],"collection":[{"href":"https:\/\/ciclovida.ufpr.br\/index.php?rest_route=\/wp\/v2\/posts"}],"about":[{"href":"https:\/\/ciclovida.ufpr.br\/index.php?rest_route=\/wp\/v2\/types\/post"}],"author":[{"embeddable":true,"href":"https:\/\/ciclovida.ufpr.br\/index.php?rest_route=\/wp\/v2\/users\/5"}],"replies":[{"embeddable":true,"href":"https:\/\/ciclovida.ufpr.br\/index.php?rest_route=%2Fwp%2Fv2%2Fcomments&post=1633"}],"version-history":[{"count":2,"href":"https:\/\/ciclovida.ufpr.br\/index.php?rest_route=\/wp\/v2\/posts\/1633\/revisions"}],"predecessor-version":[{"id":1636,"href":"https:\/\/ciclovida.ufpr.br\/index.php?rest_route=\/wp\/v2\/posts\/1633\/revisions\/1636"}],"wp:attachment":[{"href":"https:\/\/ciclovida.ufpr.br\/index.php?rest_route=%2Fwp%2Fv2%2Fmedia&parent=1633"}],"wp:term":[{"taxonomy":"category","embeddable":true,"href":"https:\/\/ciclovida.ufpr.br\/index.php?rest_route=%2Fwp%2Fv2%2Fcategories&post=1633"},{"taxonomy":"post_tag","embeddable":true,"href":"https:\/\/ciclovida.ufpr.br\/index.php?rest_route=%2Fwp%2Fv2%2Ftags&post=1633"}],"curies":[{"name":"wp","href":"https:\/\/api.w.org\/{rel}","templated":true}]}}