{"id":1629,"date":"2013-08-17T10:49:02","date_gmt":"2013-08-17T13:49:02","guid":{"rendered":"https:\/\/ciclovida.ufpr.br\/?p=1629"},"modified":"2013-08-17T10:49:02","modified_gmt":"2013-08-17T13:49:02","slug":"parana-tera-politica-estadual-de-incentivo-ao-uso-da-bicicleta","status":"publish","type":"post","link":"https:\/\/ciclovida.ufpr.br\/?p=1629","title":{"rendered":"Paran\u00e1 ter\u00e1 pol\u00edtica estadual de incentivo ao uso da bicicleta"},"content":{"rendered":"<p>Por <a href=\"http:\/\/www.aen.pr.gov.br\/modules\/noticias\/article.php?storyid=76127\">Ag\u00eancia de Not\u00edcias do Paran\u00e1<\/a><\/p>\n<p>A Secretaria do Meio Ambiente e Recursos H\u00eddricos dar\u00e1 in\u00edcio \u00e0 elabora\u00e7\u00e3o de uma pol\u00edtica estadual para incentivo ao uso da bicicleta, o &#8220;Ciclo Paran\u00e1&#8221;. O programa ser\u00e1 desenvolvido em parceria com cicloativistas, universidades e \u00f3rg\u00e3os de governo com o objetivo de nortear os munic\u00edpios paranaenses que tiverem interesse em aderir \u00e0 iniciativa.<\/p>\n<p>O secret\u00e1rio do Meio Ambiente do Paran\u00e1, Luiz Eduardo Cheida, conta que a op\u00e7\u00e3o por meios de transportes menos poluentes e sustent\u00e1veis integra a pol\u00edtica ambiental do Governo do Paran\u00e1 e a sua Agenda Verde, refletindo positivamente em a\u00e7\u00f5es que j\u00e1 est\u00e3o em andamento. &#8220;Especialmente no que se refere \u00e0 redu\u00e7\u00e3o das mudan\u00e7as clim\u00e1ticas que tamb\u00e9m s\u00e3o causadas pelo excesso de polui\u00e7\u00e3o veicular&#8221;, alerta Cheida.<\/p>\n<p>O secret\u00e1rio explica que para colocar o Programa em pr\u00e1tica a ideia \u00e9 somar esfor\u00e7os com a Sanepar, que j\u00e1 desenvolve uma a\u00e7\u00e3o em Maring\u00e1 neste sentido, com a Secretaria de Desenvolvimento Urbano &#8211; respons\u00e1vel por projetos de mobilidade \u2013 Departamento de Tr\u00e2nsito o Paran\u00e1 (Detran\/PR), Departamento de Estradas de Rodagem (DER), Secretaria da Ci\u00eancia, Tecnologia e Ensino Superior e outros \u00f3rg\u00e3os de governo.<\/p>\n<p style=\"text-align: center;\"><a href=\"https:\/\/ciclovida.ufpr.br\/wp-content\/uploads\/2013\/08\/foto.jpg\"><img loading=\"lazy\" decoding=\"async\" class=\"aligncenter  wp-image-1631\" alt=\"foto\" src=\"https:\/\/ciclovida.ufpr.br\/wp-content\/uploads\/2013\/08\/foto-1024x682.jpg\" width=\"614\" height=\"409\" srcset=\"https:\/\/ciclovida.ufpr.br\/wp-content\/uploads\/2013\/08\/foto-1024x682.jpg 1024w, https:\/\/ciclovida.ufpr.br\/wp-content\/uploads\/2013\/08\/foto-300x200.jpg 300w\" sizes=\"auto, (max-width: 614px) 100vw, 614px\" \/><\/a><\/p>\n<p>&#8220;\u00c9 uma proposta que agrega as pessoas e beneficia o meio ambiente, as cidades, a sa\u00fade da popula\u00e7\u00e3o e ainda pode gerar economia para os munic\u00edpios&#8221;, refor\u00e7a Cheida.<\/p>\n<p>Nesta quinta-feira (15), o diretor-geral da Secretaria do Meio Ambiente, Caetano de Paula J\u00fanior, recebeu representantes da Federa\u00e7\u00e3o Paranaense de Ciclismo, Associa\u00e7\u00e3o de Ciclistas do Alto Igua\u00e7u (CicloIgua\u00e7u) &#8211; pioneira em a\u00e7\u00f5es de defesa da bicicleta como modal de transporte alternativo e sustent\u00e1vel &#8211; do Programa Ciclo Vida e do Musicletada, festival curitibano que re\u00fane m\u00fasica, arte, meio ambiente e incentivo ao uso da bicicleta.<\/p>\n<p>EIXOS &#8211; Durante o encontro foram discutidos eixos de a\u00e7\u00e3o do programa estadual que prev\u00ea a cria\u00e7\u00e3o de rotas municipais de cicloturismo no Paran\u00e1 &#8211; com sinaliza\u00e7\u00e3o espec\u00edfica para os ciclistas, a instala\u00e7\u00e3o de paraciclos nas Secretarias de Estado, campanhas educativas de tr\u00e2nsito e meio ambiente, debates sobre o Plano Municipal de Apoio \u00e0 Bicicleta, campanhas de incentivo \u00e0 carona solid\u00e1ria e, ainda, a cria\u00e7\u00e3o de um departamento de apoio \u00e0 mobilidade n\u00e3o motorizada.<\/p>\n<p>&#8220;Aliado a isso, o grupo busca ampliar as propostas para cria\u00e7\u00e3o de novas ciclovias no Estado e a liga\u00e7\u00e3o das ciclovias j\u00e1 existentes, com base em um projeto de desenvolvimento urbano para as cidades nas pr\u00f3ximas d\u00e9cadas&#8221;, explica Caetano de Paula J\u00fanior. Ele lembra, que um dos maiores desafios dos administradores p\u00fablicos \u00e9 aumentar a efici\u00eancia do transporte coletivo.<\/p>\n<p>&#8220;Precisamos pensar no crescimento das cidades, incluindo o interior, e o Ciclo Paran\u00e1 ter\u00e1 a vertente da sustentabilidade e da mobilidade urbana&#8221;, refor\u00e7a Caetano. Ele ressalta que todas as sugest\u00f5es ser\u00e3o levadas para a Secretaria de Desenvolvimento Urbano nos pr\u00f3ximos dias.<\/p>\n<p>MODELO &#8211; Para multiplicar as discuss\u00f5es em diferentes regi\u00f5es, o Programa Ciclo Paran\u00e1 prev\u00ea a cria\u00e7\u00e3o de n\u00facleos de mobilidade urbana, com \u00eanfase no uso da bicicleta, nas universidades estaduais.<\/p>\n<p>O coordenador do Programa Ciclovida da Universidade Federal do Paran\u00e1 (UFPR) e vice-presidente da Federa\u00e7\u00e3o Paranaense de Ciclismo, Jos\u00e9 Carlos Belotto, conta que cerca de 40 mil alunos, professores e colaboradores j\u00e1 integram o Programa na Universidade.<\/p>\n<p style=\"text-align: center;\"><a href=\"https:\/\/ciclovida.ufpr.br\/wp-content\/uploads\/2013\/08\/foto_2.jpg\"><img loading=\"lazy\" decoding=\"async\" class=\"aligncenter  wp-image-1630\" alt=\"foto_2\" src=\"https:\/\/ciclovida.ufpr.br\/wp-content\/uploads\/2013\/08\/foto_2-1024x682.jpg\" width=\"614\" height=\"409\" srcset=\"https:\/\/ciclovida.ufpr.br\/wp-content\/uploads\/2013\/08\/foto_2-1024x682.jpg 1024w, https:\/\/ciclovida.ufpr.br\/wp-content\/uploads\/2013\/08\/foto_2-300x200.jpg 300w\" sizes=\"auto, (max-width: 614px) 100vw, 614px\" \/><\/a><\/p>\n<p>&#8220;Conseguimos desenvolver projetos de extens\u00e3o e pesquisa voltados para a bicicleta nos cursos de Psicologia, Arquitetura e Urbanismo, Educa\u00e7\u00e3o F\u00edsica, Engenharia Ambiental, Engenharia El\u00e9trica, Comunica\u00e7\u00e3o Social, Design, Direito e Engenharia de Produ\u00e7\u00e3o&#8221;, enumera Belotto. Atualmente, o Ciclo Vida est\u00e1 produzindo um estudo para integrar todos os campi da UFPR atrav\u00e9s de ciclovias.<\/p>\n<p>Entre outros resultados do Programa est\u00e1 a publica\u00e7\u00e3o &#8220;Pedalando nas Cidades&#8221; &#8211; que traz um simulador dos benef\u00edcios de trocar o carro pela bicicleta &#8211; e o Desafio Intermodal, realizado em 2012 para verificar qual o meio de transporte mais eficiente para atravessar a cidade em hor\u00e1rio de tr\u00e2nsito.<\/p>\n<p>O presidente da Associa\u00e7\u00e3o de Ciclistas do Alto Igua\u00e7u (CicloIgua\u00e7u), Jorge Brand, falou sobre a import\u00e2ncia da uni\u00e3o entre governo e sociedade em prol de um projeto maior. &#8220;O objetivo principal \u00e9 tornar a bicicleta um vetor da transforma\u00e7\u00e3o social e urbana&#8221;, disse.<\/p>\n<p>\u00c9 LEI &#8211; Setembro \u00e9 o &#8220;M\u00eas da Bicicleta no Paran\u00e1&#8221;. O governador, Beto Richa, sancionou a Lei 17.385\/12, que oficializa a data e cria em setembro um calend\u00e1rio com atividades educativas promovidas pelo poder p\u00fablico, iniciativa privada e a sociedade em geral.<\/p>\n<p>Com a cria\u00e7\u00e3o da Lei foram programadas diversas atividades como o ciclocine, passeios cicl\u00edsticos, arte e bicicleta, palestras, pe\u00e7as teatrais e o Musicletada &#8211; festival que re\u00fane m\u00fasica, cultura, gastronomia e mobilidade.<\/p>\n<p>Para a edi\u00e7\u00e3o de 2013, realizada no dia 21 de setembro, Dia Mundial Sem Carro, tamb\u00e9m ser\u00e3o promovidas a\u00e7\u00f5es de conscientiza\u00e7\u00e3o ambiental sob a coordena\u00e7\u00e3o da Secretaria Estadual do Meio Ambiente. A expectativa \u00e9 que o evento re\u00fana 60 mil pessoas na Pra\u00e7a Nossa Senhora da Salete, em Curitiba.<\/p>\n<p>Saiba mais sobre o trabalho do governo do Estado em:\u00a0<a href=\"http:\/\/www.facebook.com\/governopr\">www.facebook.com\/governopr<\/a>\u00a0e<a href=\"http:\/\/www.pr.gov.br\/\">www.pr.gov.br<\/a><\/p>\n","protected":false},"excerpt":{"rendered":"<p>Por Ag\u00eancia de Not\u00edcias do Paran\u00e1 A Secretaria do Meio Ambiente e Recursos H\u00eddricos dar\u00e1 in\u00edcio \u00e0 elabora\u00e7\u00e3o de uma pol\u00edtica estadual para incentivo ao uso da bicicleta, o &#8220;Ciclo [&hellip;]<\/p>\n","protected":false},"author":5,"featured_media":0,"comment_status":"open","ping_status":"open","sticky":false,"template":"","format":"standard","meta":{"_uag_custom_page_level_css":"","ngg_post_thumbnail":0,"footnotes":""},"categories":[1],"tags":[],"class_list":["post-1629","post","type-post","status-publish","format-standard","hentry","category-noticias"],"gutentor_comment":10,"featured_image_src":"","featured_image_src_square":false,"author_info":{"display_name":"paulabianchi","author_link":"https:\/\/ciclovida.ufpr.br\/?author=5"},"rbea_author_info":{"display_name":"paulabianchi","author_link":"https:\/\/ciclovida.ufpr.br\/?author=5"},"rbea_excerpt_info":"Por Ag\u00eancia de Not\u00edcias do Paran\u00e1 A Secretaria do Meio Ambiente e Recursos H\u00eddricos dar\u00e1 in\u00edcio \u00e0 elabora\u00e7\u00e3o de uma pol\u00edtica estadual para incentivo ao uso da bicicleta, o &#8220;Ciclo [&hellip;]","category_list":"<a href=\"https:\/\/ciclovida.ufpr.br\/?cat=1\" rel=\"category\">Not\u00edcias<\/a>","comments_num":"0 comments","uagb_featured_image_src":{"full":false,"thumbnail":false,"medium":false,"medium_large":false,"large":false,"1536x1536":false,"2048x2048":false,"post-thumbnail":false,"twentytwenty-fullscreen":false},"uagb_author_info":{"display_name":"paulabianchi","author_link":"https:\/\/ciclovida.ufpr.br\/?author=5"},"uagb_comment_info":10,"uagb_excerpt":"Por Ag\u00eancia de Not\u00edcias do Paran\u00e1 A Secretaria do Meio Ambiente e Recursos H\u00eddricos dar\u00e1 in\u00edcio \u00e0 elabora\u00e7\u00e3o de uma pol\u00edtica estadual para incentivo ao uso da bicicleta, o &#8220;Ciclo [&hellip;]","wps_subtitle":"","_links":{"self":[{"href":"https:\/\/ciclovida.ufpr.br\/index.php?rest_route=\/wp\/v2\/posts\/1629","targetHints":{"allow":["GET"]}}],"collection":[{"href":"https:\/\/ciclovida.ufpr.br\/index.php?rest_route=\/wp\/v2\/posts"}],"about":[{"href":"https:\/\/ciclovida.ufpr.br\/index.php?rest_route=\/wp\/v2\/types\/post"}],"author":[{"embeddable":true,"href":"https:\/\/ciclovida.ufpr.br\/index.php?rest_route=\/wp\/v2\/users\/5"}],"replies":[{"embeddable":true,"href":"https:\/\/ciclovida.ufpr.br\/index.php?rest_route=%2Fwp%2Fv2%2Fcomments&post=1629"}],"version-history":[{"count":1,"href":"https:\/\/ciclovida.ufpr.br\/index.php?rest_route=\/wp\/v2\/posts\/1629\/revisions"}],"predecessor-version":[{"id":1632,"href":"https:\/\/ciclovida.ufpr.br\/index.php?rest_route=\/wp\/v2\/posts\/1629\/revisions\/1632"}],"wp:attachment":[{"href":"https:\/\/ciclovida.ufpr.br\/index.php?rest_route=%2Fwp%2Fv2%2Fmedia&parent=1629"}],"wp:term":[{"taxonomy":"category","embeddable":true,"href":"https:\/\/ciclovida.ufpr.br\/index.php?rest_route=%2Fwp%2Fv2%2Fcategories&post=1629"},{"taxonomy":"post_tag","embeddable":true,"href":"https:\/\/ciclovida.ufpr.br\/index.php?rest_route=%2Fwp%2Fv2%2Ftags&post=1629"}],"curies":[{"name":"wp","href":"https:\/\/api.w.org\/{rel}","templated":true}]}}