{"id":1622,"date":"2013-08-11T23:14:32","date_gmt":"2013-08-12T02:14:32","guid":{"rendered":"https:\/\/ciclovida.ufpr.br\/?p=1622"},"modified":"2013-08-11T23:14:32","modified_gmt":"2013-08-12T02:14:32","slug":"cicloturismo-de-inverno-da-ufpr-lapa","status":"publish","type":"post","link":"https:\/\/ciclovida.ufpr.br\/?p=1622","title":{"rendered":"Cicloturismo de Inverno da UFPR &#8211; Lapa"},"content":{"rendered":"<p>No domingo do dia 25 de agosto mais um passeio de cicloturismo est\u00e1 programado. O circuito ser\u00e1 de aproximadamente 75 km com dificuldade leve-moderada. Confira os hor\u00e1rios e local de encontro!<\/p>\n<p><a href=\"https:\/\/ciclovida.ufpr.br\/wp-content\/uploads\/2013\/08\/cicloturismo1.jpg\"><img loading=\"lazy\" decoding=\"async\" class=\"aligncenter size-full wp-image-1623\" alt=\"cicloturismo1\" src=\"https:\/\/ciclovida.ufpr.br\/wp-content\/uploads\/2013\/08\/cicloturismo1.jpg\" width=\"598\" height=\"335\" srcset=\"https:\/\/ciclovida.ufpr.br\/wp-content\/uploads\/2013\/08\/cicloturismo1.jpg 598w, https:\/\/ciclovida.ufpr.br\/wp-content\/uploads\/2013\/08\/cicloturismo1-300x168.jpg 300w\" sizes=\"auto, (max-width: 598px) 100vw, 598px\" \/><\/a><\/p>\n<p>Encontro: 7h<\/p>\n<p>Sa\u00edda: 8h<\/p>\n<p>EM CASO DE CHUVA, O PASSEIO SER\u00c1 CANCELADO<\/p>\n<p>Inscri\u00e7\u00e3o:\u00a01kg de alimento n\u00e3o perec\u00edvel<\/p>\n<p>Obrigat\u00f3rio Inscri\u00e7\u00f5es antecipada das na loja Bikesul (inscri\u00e7\u00f5es at\u00e9<br \/>\n23\/8\/13)<\/p>\n<p>A UFPR disponibilizar\u00e1 apoio e transporte de volta gratuito.<\/p>\n<p>Apenas 70 vagas.<\/p>\n<p>Bikesul ter\u00e1 um van, mais carreta de bike no valor R$ 70,00.<\/p>\n<p>Importante:<\/p>\n<p>&#8211; \u00c9 obrigat\u00f3rio o uso do capacete.<br \/>\n&#8211; N\u00e3o esque\u00e7a protetor solar e repelente!<br \/>\n&#8211; N\u00e3o se esque\u00e7a da m\u00e1quina fotogr\u00e1fica!<br \/>\n&#8211; Lembre-se de trazer suas luvas.<\/p>\n<p>Inscri\u00e7\u00f5es na loja BikeSul: (041)3205-3566 (e, caso de d\u00favidas ligar nesse n\u00famero)<\/p>\n","protected":false},"excerpt":{"rendered":"<p>No domingo do dia 25 de agosto mais um passeio de cicloturismo est\u00e1 programado. O circuito ser\u00e1 de aproximadamente 75 km com dificuldade leve-moderada. Confira os hor\u00e1rios e local de [&hellip;]<\/p>\n","protected":false},"author":5,"featured_media":0,"comment_status":"open","ping_status":"open","sticky":false,"template":"","format":"standard","meta":{"_uag_custom_page_level_css":"","ngg_post_thumbnail":0,"footnotes":""},"categories":[1],"tags":[],"class_list":["post-1622","post","type-post","status-publish","format-standard","hentry","category-noticias"],"gutentor_comment":18,"featured_image_src":"","featured_image_src_square":false,"author_info":{"display_name":"paulabianchi","author_link":"https:\/\/ciclovida.ufpr.br\/?author=5"},"rbea_author_info":{"display_name":"paulabianchi","author_link":"https:\/\/ciclovida.ufpr.br\/?author=5"},"rbea_excerpt_info":"No domingo do dia 25 de agosto mais um passeio de cicloturismo est\u00e1 programado. O circuito ser\u00e1 de aproximadamente 75 km com dificuldade leve-moderada. Confira os hor\u00e1rios e local de [&hellip;]","category_list":"<a href=\"https:\/\/ciclovida.ufpr.br\/?cat=1\" rel=\"category\">Not\u00edcias<\/a>","comments_num":"0 comments","uagb_featured_image_src":{"full":false,"thumbnail":false,"medium":false,"medium_large":false,"large":false,"1536x1536":false,"2048x2048":false,"post-thumbnail":false,"twentytwenty-fullscreen":false},"uagb_author_info":{"display_name":"paulabianchi","author_link":"https:\/\/ciclovida.ufpr.br\/?author=5"},"uagb_comment_info":18,"uagb_excerpt":"No domingo do dia 25 de agosto mais um passeio de cicloturismo est\u00e1 programado. O circuito ser\u00e1 de aproximadamente 75 km com dificuldade leve-moderada. Confira os hor\u00e1rios e local de [&hellip;]","wps_subtitle":"","_links":{"self":[{"href":"https:\/\/ciclovida.ufpr.br\/index.php?rest_route=\/wp\/v2\/posts\/1622","targetHints":{"allow":["GET"]}}],"collection":[{"href":"https:\/\/ciclovida.ufpr.br\/index.php?rest_route=\/wp\/v2\/posts"}],"about":[{"href":"https:\/\/ciclovida.ufpr.br\/index.php?rest_route=\/wp\/v2\/types\/post"}],"author":[{"embeddable":true,"href":"https:\/\/ciclovida.ufpr.br\/index.php?rest_route=\/wp\/v2\/users\/5"}],"replies":[{"embeddable":true,"href":"https:\/\/ciclovida.ufpr.br\/index.php?rest_route=%2Fwp%2Fv2%2Fcomments&post=1622"}],"version-history":[{"count":2,"href":"https:\/\/ciclovida.ufpr.br\/index.php?rest_route=\/wp\/v2\/posts\/1622\/revisions"}],"predecessor-version":[{"id":1625,"href":"https:\/\/ciclovida.ufpr.br\/index.php?rest_route=\/wp\/v2\/posts\/1622\/revisions\/1625"}],"wp:attachment":[{"href":"https:\/\/ciclovida.ufpr.br\/index.php?rest_route=%2Fwp%2Fv2%2Fmedia&parent=1622"}],"wp:term":[{"taxonomy":"category","embeddable":true,"href":"https:\/\/ciclovida.ufpr.br\/index.php?rest_route=%2Fwp%2Fv2%2Fcategories&post=1622"},{"taxonomy":"post_tag","embeddable":true,"href":"https:\/\/ciclovida.ufpr.br\/index.php?rest_route=%2Fwp%2Fv2%2Ftags&post=1622"}],"curies":[{"name":"wp","href":"https:\/\/api.w.org\/{rel}","templated":true}]}}