{"id":1596,"date":"2013-07-26T20:09:59","date_gmt":"2013-07-26T23:09:59","guid":{"rendered":"https:\/\/ciclovida.ufpr.br\/?p=1596"},"modified":"2013-07-25T23:12:10","modified_gmt":"2013-07-26T02:12:10","slug":"bicicletas-eletricas-devem-dominar-mercado-do-setor-preve-montadora","status":"publish","type":"post","link":"https:\/\/ciclovida.ufpr.br\/?p=1596","title":{"rendered":"Bicicletas el\u00e9tricas devem dominar mercado do setor, prev\u00ea montadora"},"content":{"rendered":"<p>Por E<a href=\"http:\/\/www.ecodesenvolvimento.org\/posts\/2012\/agosto\/bicicletas-eletricas-devem-dominar-mercado-do\">coDesenvolvimento<\/a><\/p>\n<p><a href=\"https:\/\/ciclovida.ufpr.br\/wp-content\/uploads\/2013\/07\/image002-1.jpg\"><img loading=\"lazy\" decoding=\"async\" class=\"aligncenter size-full wp-image-1597\" alt=\"image002 (1)\" src=\"https:\/\/ciclovida.ufpr.br\/wp-content\/uploads\/2013\/07\/image002-1.jpg\" width=\"450\" height=\"275\" srcset=\"https:\/\/ciclovida.ufpr.br\/wp-content\/uploads\/2013\/07\/image002-1.jpg 450w, https:\/\/ciclovida.ufpr.br\/wp-content\/uploads\/2013\/07\/image002-1-300x183.jpg 300w\" sizes=\"auto, (max-width: 450px) 100vw, 450px\" \/><\/a><\/p>\n<p>&nbsp;<\/p>\n<p>&nbsp;<\/p>\n<p>A venda de ve\u00edculos el\u00e9tricos motorizados de duas rodas vai superar a de ve\u00edculos el\u00e9tricos de quatro rodas. E as e-bikes devem dominar esse segmento. A proje\u00e7\u00e3o \u00e9 de estudos da montadora Dafra, que j\u00e1 mergulhou de cabe\u00e7a nesse mercado, a exemplo da concorrente Kasinski.<\/p>\n<p>Entre os ve\u00edculos el\u00e9tricos de duas rodas, segundo a estimativa da Dafra, as e-bikes v\u00e3o responder por 56% das vendas, enquanto as motos ficar\u00e3o com 43% e os scooters com 1%.<\/p>\n<p><a href=\"https:\/\/ciclovida.ufpr.br\/wp-content\/uploads\/2013\/07\/image003.jpg\"><img loading=\"lazy\" decoding=\"async\" class=\"aligncenter size-full wp-image-1598\" alt=\"image003\" src=\"https:\/\/ciclovida.ufpr.br\/wp-content\/uploads\/2013\/07\/image003.jpg\" width=\"450\" height=\"275\" srcset=\"https:\/\/ciclovida.ufpr.br\/wp-content\/uploads\/2013\/07\/image003.jpg 450w, https:\/\/ciclovida.ufpr.br\/wp-content\/uploads\/2013\/07\/image003-300x183.jpg 300w\" sizes=\"auto, (max-width: 450px) 100vw, 450px\" \/><\/a><\/p>\n<p>&nbsp;<\/p>\n<p>&nbsp;<\/p>\n<p>Com a venda de motocicletas compactas em queda, as montadoras est\u00e3o apostando nas bicicletas el\u00e9tricas, que t\u00eam pre\u00e7o mais acess\u00edvel. &#8220;Estamos criando uma nova unidade de neg\u00f3cios, pois acreditamos na expans\u00e3o desse setor no pa\u00eds&#8221;, justificou \u00e0\u00a0<em><a href=\"http:\/\/classificados.folha.com.br\/veiculos\/1141084-bicicleta-eletrica-da-dafra-chega-com-plano-de-consorcio.shtml\" target=\"_blank\">Folha<\/a><\/em>\u00a0Francisco Stefanelli, vice-presidente da Dafra.<\/p>\n<p>Para Stefanelli, h\u00e1 v\u00e1rios motivos para esse crescimento, como a busca por maior mobilidade em grandes centros urbanos, a procura por um ve\u00edculo de transporte pr\u00f3prio mais acess\u00edvel e o lazer.<\/p>\n<p>A empresa lan\u00e7ou uma linha de e-bikes formada por tr\u00eas modelos. O mais barato, batizado de\u00a0<a href=\"http:\/\/www.dafrabikes.com.br\/index.php\" target=\"_blank\">DBX<\/a>, tem pre\u00e7o sugerido de R$ 1.990,00 e pode ser adquirido a partir da \u00faltima semana de agosto em concession\u00e1rias.\u00a0H\u00e1 planos de financiamento e de cons\u00f3rcio, de at\u00e9 36 meses e com parcelas a partir de R$ 55,00.<\/p>\n<p>A China \u00e9 a maior consumidora de e-bikes no mundo, com 95% das aquisi\u00e7\u00f5es. Estima-se que sejam fabricadas 21 milh\u00f5es de bicicletas el\u00e9tricas anualmente.<\/p>\n<p>Assista ao v\u00eddeo da E-bike Dafra DB0:<\/p>\n<p>&nbsp;<\/p>\n<p>&nbsp;<\/p>\n","protected":false},"excerpt":{"rendered":"<p>Por EcoDesenvolvimento &nbsp; &nbsp; A venda de ve\u00edculos el\u00e9tricos motorizados de duas rodas vai superar a de ve\u00edculos el\u00e9tricos de quatro rodas. E as e-bikes devem dominar esse segmento. A [&hellip;]<\/p>\n","protected":false},"author":5,"featured_media":0,"comment_status":"open","ping_status":"open","sticky":false,"template":"","format":"standard","meta":{"_uag_custom_page_level_css":"","ngg_post_thumbnail":0,"footnotes":""},"categories":[1],"tags":[],"class_list":["post-1596","post","type-post","status-publish","format-standard","hentry","category-noticias"],"gutentor_comment":6,"featured_image_src":"","featured_image_src_square":false,"author_info":{"display_name":"paulabianchi","author_link":"https:\/\/ciclovida.ufpr.br\/?author=5"},"rbea_author_info":{"display_name":"paulabianchi","author_link":"https:\/\/ciclovida.ufpr.br\/?author=5"},"rbea_excerpt_info":"Por EcoDesenvolvimento &nbsp; &nbsp; A venda de ve\u00edculos el\u00e9tricos motorizados de duas rodas vai superar a de ve\u00edculos el\u00e9tricos de quatro rodas. E as e-bikes devem dominar esse segmento. A [&hellip;]","category_list":"<a href=\"https:\/\/ciclovida.ufpr.br\/?cat=1\" rel=\"category\">Not\u00edcias<\/a>","comments_num":"0 comments","uagb_featured_image_src":{"full":false,"thumbnail":false,"medium":false,"medium_large":false,"large":false,"1536x1536":false,"2048x2048":false,"post-thumbnail":false,"twentytwenty-fullscreen":false},"uagb_author_info":{"display_name":"paulabianchi","author_link":"https:\/\/ciclovida.ufpr.br\/?author=5"},"uagb_comment_info":6,"uagb_excerpt":"Por EcoDesenvolvimento &nbsp; &nbsp; A venda de ve\u00edculos el\u00e9tricos motorizados de duas rodas vai superar a de ve\u00edculos el\u00e9tricos de quatro rodas. E as e-bikes devem dominar esse segmento. A [&hellip;]","wps_subtitle":"","_links":{"self":[{"href":"https:\/\/ciclovida.ufpr.br\/index.php?rest_route=\/wp\/v2\/posts\/1596","targetHints":{"allow":["GET"]}}],"collection":[{"href":"https:\/\/ciclovida.ufpr.br\/index.php?rest_route=\/wp\/v2\/posts"}],"about":[{"href":"https:\/\/ciclovida.ufpr.br\/index.php?rest_route=\/wp\/v2\/types\/post"}],"author":[{"embeddable":true,"href":"https:\/\/ciclovida.ufpr.br\/index.php?rest_route=\/wp\/v2\/users\/5"}],"replies":[{"embeddable":true,"href":"https:\/\/ciclovida.ufpr.br\/index.php?rest_route=%2Fwp%2Fv2%2Fcomments&post=1596"}],"version-history":[{"count":1,"href":"https:\/\/ciclovida.ufpr.br\/index.php?rest_route=\/wp\/v2\/posts\/1596\/revisions"}],"predecessor-version":[{"id":1599,"href":"https:\/\/ciclovida.ufpr.br\/index.php?rest_route=\/wp\/v2\/posts\/1596\/revisions\/1599"}],"wp:attachment":[{"href":"https:\/\/ciclovida.ufpr.br\/index.php?rest_route=%2Fwp%2Fv2%2Fmedia&parent=1596"}],"wp:term":[{"taxonomy":"category","embeddable":true,"href":"https:\/\/ciclovida.ufpr.br\/index.php?rest_route=%2Fwp%2Fv2%2Fcategories&post=1596"},{"taxonomy":"post_tag","embeddable":true,"href":"https:\/\/ciclovida.ufpr.br\/index.php?rest_route=%2Fwp%2Fv2%2Ftags&post=1596"}],"curies":[{"name":"wp","href":"https:\/\/api.w.org\/{rel}","templated":true}]}}