{"id":1589,"date":"2013-07-22T10:08:05","date_gmt":"2013-07-22T13:08:05","guid":{"rendered":"https:\/\/ciclovida.ufpr.br\/?p=1589"},"modified":"2013-07-21T16:11:29","modified_gmt":"2013-07-21T19:11:29","slug":"brasil-reduz-emissoes-em-39","status":"publish","type":"post","link":"https:\/\/ciclovida.ufpr.br\/?p=1589","title":{"rendered":"Brasil reduz emiss\u00f5es em 39%"},"content":{"rendered":"<p>Por <strong>Herton Escobar<\/strong> &#8211; <a href=\"http:\/\/blogs.estadao.com.br\/herton-escobar\/brasil-reduz-emissoes-em-39\/\">Blog Estad\u00e3o<\/a><\/p>\n<p>As emiss\u00f5es de gases do efeito estufa (GEEs) no Brasil ca\u00edram 39% de 2005 para 2010, segundo os novos dados do invent\u00e1rio nacional divulgados nesta tarde pelo Minist\u00e9rio da Ci\u00eancia, Tecnologia e Inova\u00e7\u00e3o (MCTI). O total emitido pelo Pa\u00eds em 2010 foi 1,25 bilh\u00e3o de toneladas de CO2 equivalente (GtCO2eq), comparado a 2,03 bilh\u00f5es emitidos em 2005, data limite do \u00faltimo invent\u00e1rio. Isso representa 65% da meta de redu\u00e7\u00e3o estabelecida pelo Brasil at\u00e9 2020.<\/p>\n<p>Tudo isso gra\u00e7as \u00e0 redu\u00e7\u00e3o do desmatamento na Amaz\u00f4nia, que era historicamente a principal fonte de emiss\u00e3o de gases do efeito estufa no Brasil. As emiss\u00f5es no setor de \u201cuso da terra e florestas\u201d (que inclui o desmatamento) caiu 76% no per\u00edodo, segundo os novos n\u00fameros do governo. Todos os outros setores, por\u00e9m, aumentaram suas emiss\u00f5es: energia (21,4%), ind\u00fastria (5,3%), agropecu\u00e1ria (5,2%) e tratamento de res\u00edduos (16,4%).<\/p>\n<p>Os novos n\u00fameros, que s\u00e3o uma atualiza\u00e7\u00e3o do segundo invent\u00e1rio nacional, foram divulgados nesta tarde pelo especialista em mudan\u00e7as clim\u00e1ticas e secret\u00e1rio de pol\u00edticas e programas de pesquisa e desenvolvimento do MCTI, Carlos Nobre.<\/p>\n<p>Os gases do efeito estufa, em especial o di\u00f3xido de carbono (CO2) e o metano (CH4), emitidos por a\u00e7\u00f5es humanas para a atmosfera s\u00e3o apontados como os principais respons\u00e1veis pelo aquecimento global. O Brasil, como pa\u00eds em desenvolvimento, n\u00e3o tem obriga\u00e7\u00e3o de reduzir suas emiss\u00f5es, mas assumiu uma meta volunt\u00e1ria nacional de reduzir o aumento projetado de suas emiss\u00f5es em at\u00e9 39% at\u00e9 2020.<\/p>\n<p><a href=\"https:\/\/ciclovida.ufpr.br\/wp-content\/uploads\/2013\/07\/pizzas.jpg\"><img loading=\"lazy\" decoding=\"async\" class=\"aligncenter size-full wp-image-1590\" alt=\"pizzas\" src=\"https:\/\/ciclovida.ufpr.br\/wp-content\/uploads\/2013\/07\/pizzas.jpg\" width=\"640\" height=\"512\" srcset=\"https:\/\/ciclovida.ufpr.br\/wp-content\/uploads\/2013\/07\/pizzas.jpg 640w, https:\/\/ciclovida.ufpr.br\/wp-content\/uploads\/2013\/07\/pizzas-300x240.jpg 300w\" sizes=\"auto, (max-width: 640px) 100vw, 640px\" \/><\/a><\/p>\n<p>&nbsp;<\/p>\n","protected":false},"excerpt":{"rendered":"<p>Por Herton Escobar &#8211; Blog Estad\u00e3o As emiss\u00f5es de gases do efeito estufa (GEEs) no Brasil ca\u00edram 39% de 2005 para 2010, segundo os novos dados do invent\u00e1rio nacional divulgados [&hellip;]<\/p>\n","protected":false},"author":5,"featured_media":0,"comment_status":"open","ping_status":"open","sticky":false,"template":"","format":"standard","meta":{"_uag_custom_page_level_css":"","ngg_post_thumbnail":0,"footnotes":""},"categories":[5],"tags":[],"class_list":["post-1589","post","type-post","status-publish","format-standard","hentry","category-biblioteca"],"gutentor_comment":3,"featured_image_src":"","featured_image_src_square":false,"author_info":{"display_name":"paulabianchi","author_link":"https:\/\/ciclovida.ufpr.br\/?author=5"},"rbea_author_info":{"display_name":"paulabianchi","author_link":"https:\/\/ciclovida.ufpr.br\/?author=5"},"rbea_excerpt_info":"Por Herton Escobar &#8211; Blog Estad\u00e3o As emiss\u00f5es de gases do efeito estufa (GEEs) no Brasil ca\u00edram 39% de 2005 para 2010, segundo os novos dados do invent\u00e1rio nacional divulgados [&hellip;]","category_list":"<a href=\"https:\/\/ciclovida.ufpr.br\/?cat=5\" rel=\"category\">Biblioteca<\/a>","comments_num":"0 comments","uagb_featured_image_src":{"full":false,"thumbnail":false,"medium":false,"medium_large":false,"large":false,"1536x1536":false,"2048x2048":false,"post-thumbnail":false,"twentytwenty-fullscreen":false},"uagb_author_info":{"display_name":"paulabianchi","author_link":"https:\/\/ciclovida.ufpr.br\/?author=5"},"uagb_comment_info":3,"uagb_excerpt":"Por Herton Escobar &#8211; Blog Estad\u00e3o As emiss\u00f5es de gases do efeito estufa (GEEs) no Brasil ca\u00edram 39% de 2005 para 2010, segundo os novos dados do invent\u00e1rio nacional divulgados [&hellip;]","wps_subtitle":"","_links":{"self":[{"href":"https:\/\/ciclovida.ufpr.br\/index.php?rest_route=\/wp\/v2\/posts\/1589","targetHints":{"allow":["GET"]}}],"collection":[{"href":"https:\/\/ciclovida.ufpr.br\/index.php?rest_route=\/wp\/v2\/posts"}],"about":[{"href":"https:\/\/ciclovida.ufpr.br\/index.php?rest_route=\/wp\/v2\/types\/post"}],"author":[{"embeddable":true,"href":"https:\/\/ciclovida.ufpr.br\/index.php?rest_route=\/wp\/v2\/users\/5"}],"replies":[{"embeddable":true,"href":"https:\/\/ciclovida.ufpr.br\/index.php?rest_route=%2Fwp%2Fv2%2Fcomments&post=1589"}],"version-history":[{"count":2,"href":"https:\/\/ciclovida.ufpr.br\/index.php?rest_route=\/wp\/v2\/posts\/1589\/revisions"}],"predecessor-version":[{"id":1592,"href":"https:\/\/ciclovida.ufpr.br\/index.php?rest_route=\/wp\/v2\/posts\/1589\/revisions\/1592"}],"wp:attachment":[{"href":"https:\/\/ciclovida.ufpr.br\/index.php?rest_route=%2Fwp%2Fv2%2Fmedia&parent=1589"}],"wp:term":[{"taxonomy":"category","embeddable":true,"href":"https:\/\/ciclovida.ufpr.br\/index.php?rest_route=%2Fwp%2Fv2%2Fcategories&post=1589"},{"taxonomy":"post_tag","embeddable":true,"href":"https:\/\/ciclovida.ufpr.br\/index.php?rest_route=%2Fwp%2Fv2%2Ftags&post=1589"}],"curies":[{"name":"wp","href":"https:\/\/api.w.org\/{rel}","templated":true}]}}