{"id":1576,"date":"2013-07-19T10:36:43","date_gmt":"2013-07-19T13:36:43","guid":{"rendered":"https:\/\/ciclovida.ufpr.br\/?p=1576"},"modified":"2013-07-21T16:04:13","modified_gmt":"2013-07-21T19:04:13","slug":"aviso-importante","status":"publish","type":"post","link":"https:\/\/ciclovida.ufpr.br\/?p=1576","title":{"rendered":"Aviso importante! (ATUALIZA\u00c7\u00c3O)"},"content":{"rendered":"<p><del>Se na manh\u00e3 deste s\u00e1bado (20) amanhecer chovendo, o passeio de Cicloturismo para Antonina ser\u00e1 cancelado por motivos de seguran\u00e7a.<\/del><\/p>\n<p>Devido a previs\u00e3o do tempo e por motivos de seguran\u00e7a, o passeio de Cicloturismo que aconteceria amanh\u00e3 (20) para Antonina foi definitivamente cancelado. Por\u00e9m o nosso calend\u00e1rio continua, o pr\u00f3ximo passeio ser\u00e1 dia 28 para a Lapa, pela estrada do contestado.<\/p>\n<p><a href=\"https:\/\/ciclovida.ufpr.br\/wp-content\/uploads\/2013\/07\/bike-rain1.jpg\"><img loading=\"lazy\" decoding=\"async\" class=\"aligncenter size-full wp-image-1577\" alt=\"bike-rain1\" src=\"https:\/\/ciclovida.ufpr.br\/wp-content\/uploads\/2013\/07\/bike-rain1.jpg\" width=\"460\" height=\"276\" srcset=\"https:\/\/ciclovida.ufpr.br\/wp-content\/uploads\/2013\/07\/bike-rain1.jpg 460w, https:\/\/ciclovida.ufpr.br\/wp-content\/uploads\/2013\/07\/bike-rain1-300x180.jpg 300w\" sizes=\"auto, (max-width: 460px) 100vw, 460px\" \/><\/a><\/p>\n","protected":false},"excerpt":{"rendered":"<p>Se na manh\u00e3 deste s\u00e1bado (20) amanhecer chovendo, o passeio de Cicloturismo para Antonina ser\u00e1 cancelado por motivos de seguran\u00e7a. Devido a previs\u00e3o do tempo e por motivos de seguran\u00e7a, [&hellip;]<\/p>\n","protected":false},"author":5,"featured_media":0,"comment_status":"open","ping_status":"open","sticky":false,"template":"","format":"standard","meta":{"_uag_custom_page_level_css":"","ngg_post_thumbnail":0,"footnotes":""},"categories":[1],"tags":[],"class_list":["post-1576","post","type-post","status-publish","format-standard","hentry","category-noticias"],"gutentor_comment":2,"featured_image_src":"","featured_image_src_square":false,"author_info":{"display_name":"paulabianchi","author_link":"https:\/\/ciclovida.ufpr.br\/?author=5"},"rbea_author_info":{"display_name":"paulabianchi","author_link":"https:\/\/ciclovida.ufpr.br\/?author=5"},"rbea_excerpt_info":"Se na manh\u00e3 deste s\u00e1bado (20) amanhecer chovendo, o passeio de Cicloturismo para Antonina ser\u00e1 cancelado por motivos de seguran\u00e7a. Devido a previs\u00e3o do tempo e por motivos de seguran\u00e7a, [&hellip;]","category_list":"<a href=\"https:\/\/ciclovida.ufpr.br\/?cat=1\" rel=\"category\">Not\u00edcias<\/a>","comments_num":"1 comment","uagb_featured_image_src":{"full":false,"thumbnail":false,"medium":false,"medium_large":false,"large":false,"1536x1536":false,"2048x2048":false,"post-thumbnail":false,"twentytwenty-fullscreen":false},"uagb_author_info":{"display_name":"paulabianchi","author_link":"https:\/\/ciclovida.ufpr.br\/?author=5"},"uagb_comment_info":2,"uagb_excerpt":"Se na manh\u00e3 deste s\u00e1bado (20) amanhecer chovendo, o passeio de Cicloturismo para Antonina ser\u00e1 cancelado por motivos de seguran\u00e7a. Devido a previs\u00e3o do tempo e por motivos de seguran\u00e7a, [&hellip;]","wps_subtitle":"","_links":{"self":[{"href":"https:\/\/ciclovida.ufpr.br\/index.php?rest_route=\/wp\/v2\/posts\/1576","targetHints":{"allow":["GET"]}}],"collection":[{"href":"https:\/\/ciclovida.ufpr.br\/index.php?rest_route=\/wp\/v2\/posts"}],"about":[{"href":"https:\/\/ciclovida.ufpr.br\/index.php?rest_route=\/wp\/v2\/types\/post"}],"author":[{"embeddable":true,"href":"https:\/\/ciclovida.ufpr.br\/index.php?rest_route=\/wp\/v2\/users\/5"}],"replies":[{"embeddable":true,"href":"https:\/\/ciclovida.ufpr.br\/index.php?rest_route=%2Fwp%2Fv2%2Fcomments&post=1576"}],"version-history":[{"count":6,"href":"https:\/\/ciclovida.ufpr.br\/index.php?rest_route=\/wp\/v2\/posts\/1576\/revisions"}],"predecessor-version":[{"id":1583,"href":"https:\/\/ciclovida.ufpr.br\/index.php?rest_route=\/wp\/v2\/posts\/1576\/revisions\/1583"}],"wp:attachment":[{"href":"https:\/\/ciclovida.ufpr.br\/index.php?rest_route=%2Fwp%2Fv2%2Fmedia&parent=1576"}],"wp:term":[{"taxonomy":"category","embeddable":true,"href":"https:\/\/ciclovida.ufpr.br\/index.php?rest_route=%2Fwp%2Fv2%2Fcategories&post=1576"},{"taxonomy":"post_tag","embeddable":true,"href":"https:\/\/ciclovida.ufpr.br\/index.php?rest_route=%2Fwp%2Fv2%2Ftags&post=1576"}],"curies":[{"name":"wp","href":"https:\/\/api.w.org\/{rel}","templated":true}]}}