{"id":1561,"date":"2013-07-17T21:41:47","date_gmt":"2013-07-18T00:41:47","guid":{"rendered":"https:\/\/ciclovida.ufpr.br\/?p=1561"},"modified":"2013-07-17T21:41:47","modified_gmt":"2013-07-18T00:41:47","slug":"bem-parana-pedalando-na-cidade","status":"publish","type":"post","link":"https:\/\/ciclovida.ufpr.br\/?p=1561","title":{"rendered":"(Bem Paran\u00e1) Pedalando na Cidade"},"content":{"rendered":"<p>Por <a href=\"http:\/\/www.bemparana.com.br\/subeditoria\/conteudo-sustentavel\/600\">Bem Paran\u00e1<\/a><\/p>\n<p><strong>Pedalando na cidade<\/strong><br \/>\nO Projeto Ciclovida, da Universidade Federal do Paran\u00e1 (UFPR), est\u00e1 distribuindo a cartilha \u201cPedalando na Cidade\u201d. A publica\u00e7\u00e3o re\u00fane informa\u00e7\u00f5es sobre a hist\u00f3ria da bicicleta, a sa\u00fade do ciclista, a import\u00e2ncia dos equipamentos de seguran\u00e7a e os locais \u2013 por bairro de Curitiba &#8211; para conserto e compra de pe\u00e7as para a bicicleta (bicicletarias). Outra novidade \u00e9 o simulador de benef\u00edcios da bicicleta, onde qualquer pessoa pode verificar as vantagens de trocar o carro ou o \u00f4nibus pela bicicleta. O objetivo do Projeto Ciclovida \u00e9 estimular na comunidade universit\u00e1ria o uso, a pesquisa e a divulga\u00e7\u00e3o dos benef\u00edcios da ado\u00e7\u00e3o da bicicleta como meio de transporte, lazer ou pr\u00e1tica esportiva. Mais informa\u00e7\u00f5es<a href=\"https:\/\/ciclovida.ufpr.br\/\">ciclovida.ufpr.br<\/a><\/p>\n<p><strong>M\u00eddia e Neg\u00f3cios<\/strong><br \/>\nA empresa WiseWaste lan\u00e7ou o aplicativo Lixarada, que permite ao usu\u00e1rio realizar den\u00fancias de lix\u00f5es clandestinos. O aplicativo, que no momento est\u00e1 dispon\u00edvel para Iphone e em alguns meses estar\u00e1 dispon\u00edvel para android, deve ser baixado e realizado um cadastro para cria\u00e7\u00e3o da conta. Ele permite que o usu\u00e1rio tire uma foto da den\u00fancia em quest\u00e3o, selecione a categoria do lixo, classifique o tamanho do lix\u00e3o, fa\u00e7a uma descri\u00e7\u00e3o da den\u00fancia, al\u00e9m de ter um sistema de localiza\u00e7\u00e3o e a op\u00e7\u00e3o de denunciar anonimamente.<\/p>\n<p>Depois dessa etapa, a empresa analisa e autoriza a den\u00fancia que poder\u00e1 ser compartilhada nas redes sociais. A ferramenta tamb\u00e9m conta com um bot\u00e3o para atualizar a den\u00fancia caso conste que o lix\u00e3o j\u00e1 foi limpo.<\/p>\n<p>Para fechar o ciclo, a WiseWaste &#8211; que \u00e9 uma empresa de desenvolvimento de produtos, utilizando res\u00edduos como mat\u00e9ria prima &#8211; enviar\u00e1 um relat\u00f3rio com as den\u00fancias obtidas para as prefeituras das cidades.<\/p>\n<p><strong>Paran\u00e1 em destaque<\/strong><br \/>\nO Instituto Agroflorestal Bernardo Hakvoort, da cidade do Turvo, regi\u00e3o Centro-Sul do Paran\u00e1, foi selecionado no programa Oi Novos Brasis para 24 meses de apoio financeiro do projeto que prev\u00ea a implanta\u00e7\u00e3o de unidades de agricultura org\u00e2nica de baixo impacto. O objetivo do projeto da cidade do Turvo \u00e9 qualificar pequenos agricultores para a produ\u00e7\u00e3o de plantas medicinais, gerando oportunidade de trabalho e renda.<\/p>\n<p>Em sua 9\u00aa edi\u00e7\u00e3o, o Oi Novos Brasis recebeu 578 inscri\u00e7\u00f5es. Foram selecionados apenas 24 projetos socioambientais de todo o Brasil. Entre os quesitos b\u00e1sicos est\u00e3o projetos socioambientais que visem \u00e0 sustentabilidade em suas tr\u00eas dimens\u00f5es: social, econ\u00f4mica e ambiental. A lista pode ser acessada no site<a href=\"http:\/\/www.oifuturo.org.br\/\">www.oifuturo.org.br<\/a>.<\/p>\n<p><strong>Gest\u00e3o da Fauna<\/strong><br \/>\nAos poucos a Lei Complementar n\u00b0 140 \u2013 que regulamentou em dezembro de 2011 as compet\u00eancias da gest\u00e3o ambiental entre uni\u00e3o, estados e munic\u00edpios \u2013 est\u00e1 sendo implementada no Paran\u00e1. Esta semana, o governador, Beto Richa, e o presidente do IBAMA, Volney Zanardi J\u00fanior, assinam um Acordo de Coopera\u00e7\u00e3o T\u00e9cnica \u2013 firmado entre o IBAMA\/PR, Secretaria do Meio Ambiente e Recursos H\u00eddricos (SEMA) e Instituto Ambiental do Paran\u00e1 (IAP) \u2013 para a gest\u00e3o compartilhada de fauna. Com isso, os \u00f3rg\u00e3os ambientais estaduais tamb\u00e9m atuar\u00e3o na emiss\u00e3o de Autoriza\u00e7\u00f5es de Uso e Manejo da Fauna Silvestre. Em um prazo m\u00e1ximo de tr\u00eas\u00a0 anos, atribui\u00e7\u00f5es desempenhadas atualmente pelo IBAMA ser\u00e3o assumidas integralmente pela Sema\/IAP. Entre elas, a gest\u00e3o de criadouros, a destina\u00e7\u00e3o de fauna aos centros de triagem e \u00e0 reabilita\u00e7\u00e3o de animais silvestres, e a emiss\u00e3o de autoriza\u00e7\u00f5es para o transporte de animais silvestres no Paran\u00e1. Permanecem como atribui\u00e7\u00e3o do IBAMA a gest\u00e3o da fauna em n\u00edvel nacional, o monitoramento e a fiscaliza\u00e7\u00e3o com foco no tr\u00e1fico internacional.<\/p>\n<p>Ainda sobre este tema, a descentraliza\u00e7\u00e3o do licenciamento ambiental para os munic\u00edpios ser\u00e1 votada, no dia 13 de agosto, pelo Conselho Estadual do Meio Ambiente.<\/p>\n","protected":false},"excerpt":{"rendered":"<p>Por Bem Paran\u00e1 Pedalando na cidade O Projeto Ciclovida, da Universidade Federal do Paran\u00e1 (UFPR), est\u00e1 distribuindo a cartilha \u201cPedalando na Cidade\u201d. A publica\u00e7\u00e3o re\u00fane informa\u00e7\u00f5es sobre a hist\u00f3ria da [&hellip;]<\/p>\n","protected":false},"author":5,"featured_media":0,"comment_status":"open","ping_status":"open","sticky":false,"template":"","format":"standard","meta":{"_uag_custom_page_level_css":"","ngg_post_thumbnail":0,"footnotes":""},"categories":[17],"tags":[],"class_list":["post-1561","post","type-post","status-publish","format-standard","hentry","category-clipping"],"gutentor_comment":1,"featured_image_src":"","featured_image_src_square":false,"author_info":{"display_name":"paulabianchi","author_link":"https:\/\/ciclovida.ufpr.br\/?author=5"},"rbea_author_info":{"display_name":"paulabianchi","author_link":"https:\/\/ciclovida.ufpr.br\/?author=5"},"rbea_excerpt_info":"Por Bem Paran\u00e1 Pedalando na cidade O Projeto Ciclovida, da Universidade Federal do Paran\u00e1 (UFPR), est\u00e1 distribuindo a cartilha \u201cPedalando na Cidade\u201d. A publica\u00e7\u00e3o re\u00fane informa\u00e7\u00f5es sobre a hist\u00f3ria da [&hellip;]","category_list":"<a href=\"https:\/\/ciclovida.ufpr.br\/?cat=17\" rel=\"category\">Clipping<\/a>","comments_num":"0 comments","uagb_featured_image_src":{"full":false,"thumbnail":false,"medium":false,"medium_large":false,"large":false,"1536x1536":false,"2048x2048":false,"post-thumbnail":false,"twentytwenty-fullscreen":false},"uagb_author_info":{"display_name":"paulabianchi","author_link":"https:\/\/ciclovida.ufpr.br\/?author=5"},"uagb_comment_info":1,"uagb_excerpt":"Por Bem Paran\u00e1 Pedalando na cidade O Projeto Ciclovida, da Universidade Federal do Paran\u00e1 (UFPR), est\u00e1 distribuindo a cartilha \u201cPedalando na Cidade\u201d. A publica\u00e7\u00e3o re\u00fane informa\u00e7\u00f5es sobre a hist\u00f3ria da [&hellip;]","wps_subtitle":"","_links":{"self":[{"href":"https:\/\/ciclovida.ufpr.br\/index.php?rest_route=\/wp\/v2\/posts\/1561","targetHints":{"allow":["GET"]}}],"collection":[{"href":"https:\/\/ciclovida.ufpr.br\/index.php?rest_route=\/wp\/v2\/posts"}],"about":[{"href":"https:\/\/ciclovida.ufpr.br\/index.php?rest_route=\/wp\/v2\/types\/post"}],"author":[{"embeddable":true,"href":"https:\/\/ciclovida.ufpr.br\/index.php?rest_route=\/wp\/v2\/users\/5"}],"replies":[{"embeddable":true,"href":"https:\/\/ciclovida.ufpr.br\/index.php?rest_route=%2Fwp%2Fv2%2Fcomments&post=1561"}],"version-history":[{"count":1,"href":"https:\/\/ciclovida.ufpr.br\/index.php?rest_route=\/wp\/v2\/posts\/1561\/revisions"}],"predecessor-version":[{"id":1562,"href":"https:\/\/ciclovida.ufpr.br\/index.php?rest_route=\/wp\/v2\/posts\/1561\/revisions\/1562"}],"wp:attachment":[{"href":"https:\/\/ciclovida.ufpr.br\/index.php?rest_route=%2Fwp%2Fv2%2Fmedia&parent=1561"}],"wp:term":[{"taxonomy":"category","embeddable":true,"href":"https:\/\/ciclovida.ufpr.br\/index.php?rest_route=%2Fwp%2Fv2%2Fcategories&post=1561"},{"taxonomy":"post_tag","embeddable":true,"href":"https:\/\/ciclovida.ufpr.br\/index.php?rest_route=%2Fwp%2Fv2%2Ftags&post=1561"}],"curies":[{"name":"wp","href":"https:\/\/api.w.org\/{rel}","templated":true}]}}