{"id":1558,"date":"2013-07-16T16:24:10","date_gmt":"2013-07-16T19:24:10","guid":{"rendered":"https:\/\/ciclovida.ufpr.br\/?p=1558"},"modified":"2013-07-18T15:34:32","modified_gmt":"2013-07-18T18:34:32","slug":"bike-faz-parte-da-agenda-na-federal","status":"publish","type":"post","link":"https:\/\/ciclovida.ufpr.br\/?p=1558","title":{"rendered":"(Gazeta do Povo)Bike faz parte da agenda na Federal"},"content":{"rendered":"<p style=\"text-align: justify;\"><em>Programa Ciclovida nasceu na universidade e promove a\u00e7\u00f5es interdisciplinares que buscam envolver toda a comunidade<\/em><\/p>\n<p style=\"text-align: justify;\">Por <tt><em>Adriana Czelusniak<\/em><\/tt> em <a href=\"http:\/\/www.gazetadopovo.com.br\/vida-universidade\/conteudo.phtml?tl=1&amp;id=1390341&amp;tit=Bike-faz-parte-da-agenda-na-Federal\">Gazeta do Povo<\/a><\/p>\n<p style=\"text-align: justify;\">Professores, t\u00e9cnicos e estudantes da Universidade Federal do Paran\u00e1 (UFPR) t\u00eam se reunido com a miss\u00e3o de irradiar o uso da bicicleta como meio de transporte, lazer e pr\u00e1tica esportiva. Com a\u00e7\u00f5es que envolvem pesquisa, ensino e extens\u00e3o, o Programa Ciclovida promove uma nova cultura dentro da mobilidade urbana e une as \u00e1reas de Psicologia, Arquitetura e Urbanismo, Educa\u00e7\u00e3o F\u00edsica, Engenharias Ambiental, da Produ\u00e7\u00e3o, El\u00e9trica e Civil, Comunica\u00e7\u00e3o Social, Design e Direito.<\/p>\n<p style=\"text-align: justify;\"><a href=\"https:\/\/ciclovida.ufpr.br\/wp-content\/uploads\/2013\/07\/tn_620_600_ciclovida_jc_1200vu.jpg\"><img loading=\"lazy\" decoding=\"async\" class=\"alignleft  wp-image-1559\" alt=\"tn_620_600_ciclovida_jc_1200vu\" src=\"https:\/\/ciclovida.ufpr.br\/wp-content\/uploads\/2013\/07\/tn_620_600_ciclovida_jc_1200vu.jpg\" width=\"496\" height=\"330\" srcset=\"https:\/\/ciclovida.ufpr.br\/wp-content\/uploads\/2013\/07\/tn_620_600_ciclovida_jc_1200vu.jpg 620w, https:\/\/ciclovida.ufpr.br\/wp-content\/uploads\/2013\/07\/tn_620_600_ciclovida_jc_1200vu-300x199.jpg 300w\" sizes=\"auto, (max-width: 496px) 100vw, 496px\" \/><\/a><\/p>\n<p style=\"text-align: justify;\">A mais nova a\u00e7\u00e3o do projeto \u00e9 o calend\u00e1rio de Cicloturismo, que inclui passeios cicl\u00edsticos abertos \u00e0 comunidade (confira as datas e os destinos no quadro abaixo).Para o coordenador do Ciclovida, Jos\u00e9 Carlos Belotto, a expectativa \u00e9 de que cerca de cem ciclistas participem dos eventos.<\/p>\n<p style=\"text-align: justify;\">\u201cCome\u00e7amos a fazer os passeios h\u00e1 dois anos, seguindo apenas para o Festival de Inverno da UFPR [que come\u00e7ou no s\u00e1bado e segue at\u00e9 o dia 20]. O pessoal cobrava novas datas e neste ano estamos com o calend\u00e1rio para sete passeios\u201d, diz. A primeira pedalada foi at\u00e9 a Fazenda Canguiri e a represa do Rio Ira\u00ed, em 29 de junho. A pr\u00f3xima ser\u00e1 no fim de semana que vem.<\/p>\n<p style=\"text-align: justify;\">Cada evento conta com o apoio de seis integrantes do Ciclovida e carro de apoio da universidade para o caso de algu\u00e9m precisar descansar ou tiver algum problema durante a pedalada.<\/p>\n<p style=\"text-align: justify;\">Para participar, \u00e9 recomendado ter experi\u00eancia pr\u00e9via em dist\u00e2ncias mais longas e condicionamento f\u00edsico compat\u00edvel com a dura\u00e7\u00e3o de cada passeio. Os participantes s\u00e3o orientados a levar lanche e a usar capacete e luvas, al\u00e9m de roupas de cores mais chamativas.<\/p>\n<p style=\"text-align: justify;\"><strong>Outras a\u00e7\u00f5es<\/strong><\/p>\n<p style=\"text-align: justify;\">Com seis edi\u00e7\u00f5es, o Desafio Intermodal de Curitiba tamb\u00e9m \u00e9 iniciativa do Ciclovida. O evento \u00e9 promovido para analisar a melhor alternativa para se locomover dentro da cidade em hor\u00e1rio de pico. Hoje o desafio faz parte da ementa de disciplinas de cursos como Engenharia Civil.<\/p>\n<p style=\"text-align: justify;\">Entre os estudantes de Design tamb\u00e9m h\u00e1 mobiliza\u00e7\u00e3o em prol das bikes. Recentemente, 600 novas vagas de estacionamento com paraciclos foram projetadas pelos alunos e implantadas pelos c\u00e2mpus da UFPR. Neste momento, o projeto de uma malha ciclovi\u00e1ria que ligar\u00e1 todos os c\u00e2mpus da universidade est\u00e1 em andamento. Segundo Belotto, o desenho j\u00e1 foi feito e ser\u00e1 apresentado \u00e0 Reitoria e \u00e0 prefeitura.<\/p>\n<div id=\"extraconteudo\">\n<p style=\"text-align: justify;\"><b>M\u00e3o na massa<\/b><\/p>\n<p style=\"text-align: justify;\"><b> Cartilha e simulador on-line j\u00e1 sa\u00edram do papel<\/b><\/p>\n<p style=\"text-align: justify;\">Universit\u00e1rios bolsistas do Ciclovida j\u00e1 se empenharam para ver concretizadas outras a\u00e7\u00f5es, como um simulador on-line que mostra as vantagens de se fazer um percurso de bike e a cartilha Pedalando na Cidade, dispon\u00edveis no site <a href=\"https:\/\/ciclovida.ufpr.br\" target=\"_blank\">ciclovida.ufpr.br<\/a>. O estudante do 5.\u00ba ano de Design de Produto Henrique Martins Godeny, 21 anos, \u00e9 respons\u00e1vel pela comunica\u00e7\u00e3o gr\u00e1fica na equipe e se envolveu tanto com o mundo dos pedais que pretende continuar a batalhar pela causa, mesmo quando sua bolsa de extens\u00e3o de um ano no Ciclovida acabar. \u201cSempre andei de bicicleta em Maring\u00e1, de onde venho, mas aqui em Curitiba achava perigoso. Entrei para o programa e com o tempo fui vendo que a gente tem de se impor e conseguir nosso espa\u00e7o. Voltei a usar a bike e vi que \u00e9 uma cultura muito boa para cidade\u201d, diz. <strong>(AC)<\/strong><\/p>\n<p style=\"text-align: justify;\"><a href=\"https:\/\/ciclovida.ufpr.br\/wp-content\/uploads\/2013\/07\/VU-ciclovida.png\"><img loading=\"lazy\" decoding=\"async\" class=\"aligncenter size-full wp-image-1573\" alt=\"VU-ciclovida\" src=\"https:\/\/ciclovida.ufpr.br\/wp-content\/uploads\/2013\/07\/VU-ciclovida.png\" width=\"448\" height=\"1215\" \/><\/a><\/p>\n<p style=\"text-align: justify;\">\n<\/div>\n","protected":false},"excerpt":{"rendered":"<p>Programa Ciclovida nasceu na universidade e promove a\u00e7\u00f5es interdisciplinares que buscam envolver toda a comunidade Por Adriana Czelusniak em Gazeta do Povo Professores, t\u00e9cnicos e estudantes da Universidade Federal do [&hellip;]<\/p>\n","protected":false},"author":5,"featured_media":0,"comment_status":"open","ping_status":"open","sticky":false,"template":"","format":"standard","meta":{"_uag_custom_page_level_css":"","ngg_post_thumbnail":0,"footnotes":""},"categories":[17],"tags":[],"class_list":["post-1558","post","type-post","status-publish","format-standard","hentry","category-clipping"],"gutentor_comment":2174,"featured_image_src":"","featured_image_src_square":false,"author_info":{"display_name":"paulabianchi","author_link":"https:\/\/ciclovida.ufpr.br\/?author=5"},"rbea_author_info":{"display_name":"paulabianchi","author_link":"https:\/\/ciclovida.ufpr.br\/?author=5"},"rbea_excerpt_info":"Programa Ciclovida nasceu na universidade e promove a\u00e7\u00f5es interdisciplinares que buscam envolver toda a comunidade Por Adriana Czelusniak em Gazeta do Povo Professores, t\u00e9cnicos e estudantes da Universidade Federal do [&hellip;]","category_list":"<a href=\"https:\/\/ciclovida.ufpr.br\/?cat=17\" rel=\"category\">Clipping<\/a>","comments_num":"0 comments","uagb_featured_image_src":{"full":false,"thumbnail":false,"medium":false,"medium_large":false,"large":false,"1536x1536":false,"2048x2048":false,"post-thumbnail":false,"twentytwenty-fullscreen":false},"uagb_author_info":{"display_name":"paulabianchi","author_link":"https:\/\/ciclovida.ufpr.br\/?author=5"},"uagb_comment_info":2174,"uagb_excerpt":"Programa Ciclovida nasceu na universidade e promove a\u00e7\u00f5es interdisciplinares que buscam envolver toda a comunidade Por Adriana Czelusniak em Gazeta do Povo Professores, t\u00e9cnicos e estudantes da Universidade Federal do [&hellip;]","wps_subtitle":"","_links":{"self":[{"href":"https:\/\/ciclovida.ufpr.br\/index.php?rest_route=\/wp\/v2\/posts\/1558","targetHints":{"allow":["GET"]}}],"collection":[{"href":"https:\/\/ciclovida.ufpr.br\/index.php?rest_route=\/wp\/v2\/posts"}],"about":[{"href":"https:\/\/ciclovida.ufpr.br\/index.php?rest_route=\/wp\/v2\/types\/post"}],"author":[{"embeddable":true,"href":"https:\/\/ciclovida.ufpr.br\/index.php?rest_route=\/wp\/v2\/users\/5"}],"replies":[{"embeddable":true,"href":"https:\/\/ciclovida.ufpr.br\/index.php?rest_route=%2Fwp%2Fv2%2Fcomments&post=1558"}],"version-history":[{"count":3,"href":"https:\/\/ciclovida.ufpr.br\/index.php?rest_route=\/wp\/v2\/posts\/1558\/revisions"}],"predecessor-version":[{"id":1574,"href":"https:\/\/ciclovida.ufpr.br\/index.php?rest_route=\/wp\/v2\/posts\/1558\/revisions\/1574"}],"wp:attachment":[{"href":"https:\/\/ciclovida.ufpr.br\/index.php?rest_route=%2Fwp%2Fv2%2Fmedia&parent=1558"}],"wp:term":[{"taxonomy":"category","embeddable":true,"href":"https:\/\/ciclovida.ufpr.br\/index.php?rest_route=%2Fwp%2Fv2%2Fcategories&post=1558"},{"taxonomy":"post_tag","embeddable":true,"href":"https:\/\/ciclovida.ufpr.br\/index.php?rest_route=%2Fwp%2Fv2%2Ftags&post=1558"}],"curies":[{"name":"wp","href":"https:\/\/api.w.org\/{rel}","templated":true}]}}