{"id":1554,"date":"2013-07-14T16:44:22","date_gmt":"2013-07-14T19:44:22","guid":{"rendered":"https:\/\/ciclovida.ufpr.br\/?p=1554"},"modified":"2013-07-11T16:49:26","modified_gmt":"2013-07-11T19:49:26","slug":"plano-de-transporte-para-que","status":"publish","type":"post","link":"https:\/\/ciclovida.ufpr.br\/?p=1554","title":{"rendered":"Plano de transporte? Para qu\u00ea?"},"content":{"rendered":"<p>Por<strong> GuiMendes &#8211;<a href=\"http:\/\/pensepedale.blogspot.com.br\/2013\/07\/plano-de-transporte-para-que.html\"> Pense-Pedalee<\/a><\/strong><\/p>\n<p>Enquanto o tema da p\u00e9ssima qualidade do transporte p\u00fablico nas nossas cidades ecoa nas ruas, o IBGE acaba de divulgar dados da Pesquisa de Informa\u00e7\u00f5es B\u00e1sicas Municipais (Munic 2012), mostrando que a maior parte das cidades brasileiras simplesmente n\u00e3o conta com planos de mobilidade, obrigat\u00f3rios desde 2001 para as grandes cidades, e desde o ano passado para todas as cidades com mais de 20 mil habitantes.<\/p>\n<div id=\"yui-tmp-10\"><\/div>\n<div>De acordo com a pesquisa, dos 1669 munic\u00edpios com mais de 20 mil habitantes, somente 10,01% contam com um plano municipal de transportes e em apenas 7,19% o plano foi desenvolvido com participa\u00e7\u00e3o dos cidad\u00e3os. Entre os munic\u00edpios com mais de 500 mil habitantes esta propor\u00e7\u00e3o aumenta para 55,26% e 36,84%, respectivamente. Com rela\u00e7\u00e3o aos dados referentes aos conselhos municipais de transporte \u00e9 poss\u00edvel comparar a situa\u00e7\u00e3o entre os anos de 2001 e 2012. Em 2001, 4,86% dos munic\u00edpios com mais de 20 mil habitantes contavam com conselho municipal de transporte. Onze anos depois, essa propor\u00e7\u00e3o passou para apenas 6,42%.<\/div>\n<div><\/div>\n<div><a href=\"https:\/\/ciclovida.ufpr.br\/wp-content\/uploads\/2013\/07\/minicipios_raquel.jpg\"><img loading=\"lazy\" decoding=\"async\" class=\"wp-image-1555 aligncenter\" alt=\"minicipios_raquel\" src=\"https:\/\/ciclovida.ufpr.br\/wp-content\/uploads\/2013\/07\/minicipios_raquel.jpg\" width=\"454\" height=\"239\" srcset=\"https:\/\/ciclovida.ufpr.br\/wp-content\/uploads\/2013\/07\/minicipios_raquel.jpg 630w, https:\/\/ciclovida.ufpr.br\/wp-content\/uploads\/2013\/07\/minicipios_raquel-300x158.jpg 300w\" sizes=\"auto, (max-width: 454px) 100vw, 454px\" \/><\/a><\/div>\n<div><\/div>\n<div><\/div>\n<div><\/div>\n<div><\/div>\n<div><\/div>\n<div><\/div>\n<div><\/div>\n<div><\/div>\n<div><\/div>\n<div><\/div>\n<div><\/div>\n<div><\/div>\n<div>Moral da hist\u00f3ria: planejamento de transporte de longo prazo pactuado com a popula\u00e7\u00e3o, para qu\u00ea? Afinal, parece que planos s\u00e3o coisa de tecnocratas alheios \u00e0s l\u00f3gicas predominantes nas decis\u00f5es sobre o transporte p\u00fablico em nossas cidades. O fato \u00e9 que as pol\u00edticas de transporte navegam entre o lobby dos fornecedores de tecnologia, produtos e servi\u00e7os de transporte, press\u00f5es dos sindicatos do setor e poss\u00edveis contabilidades eleitorais do mapa dos beneficiados.<\/p>\n<div><\/div>\n<div>A aus\u00eancia de um plano municipal de transportes debatido de forma transparente e aberta com os cidad\u00e3os permite que as decis\u00f5es sejam tomadas\u00a0<em>ad hoc\u00a0<\/em>\u2013 prioridades s\u00e3o mudadas e projetos s\u00e3o modificados ao sabor das circunst\u00e2ncias, e raramente das necessidades e demandas mais urgentes. Infelizmente, n\u00e3o h\u00e1 pol\u00edtica de transporte p\u00fablico sem planejamento de longo prazo, atravessando conjunturas e elei\u00e7\u00f5es. As pol\u00edticas de transporte p\u00fablico precisam ser pensadas de forma integrada, articulando diferentes modais, e conectada com as demais decis\u00f5es do plano diretor da cidade, como as relacionadas ao uso e ocupa\u00e7\u00e3o do solo e \u00e0 habita\u00e7\u00e3o, por exemplo.<\/div>\n<div>Infelizmente n\u00e3o temos planos, e, quando eles existem, como \u00e9 o caso da rede de corredores de \u00f4nibus constante do plano diretor de S\u00e3o Paulo, simplesmente n\u00e3o s\u00e3o implementados. No Rio de Janeiro, por exemplo, o tra\u00e7ado da expans\u00e3o do metr\u00f4 j\u00e1 mudou diversas vezes. A linha 4, que originalmente ligaria a Barra da Tijuca ao centro do Rio, formando uma rede com as demais linhas, foi transformada numa mera extens\u00e3o da linha 1, conectando apenas a zona Sul \u00e0 regi\u00e3o da Barra da Tijuca, duas \u00e1reas nobres da cidade. Essa decis\u00e3o, no entanto, foi tomada alegando-se a sua import\u00e2ncia para os eventos esportivos.<\/div>\n<div><\/div>\n<div>Em S\u00e3o Paulo, no M\u2019boi Mirim, a cada momento fala-se de uma solu\u00e7\u00e3o diferente para o tr\u00e2nsito da regi\u00e3o \u2013 uma hora \u00e9 metr\u00f4, depois \u00e9 \u00f4nibus, em seguida \u00e9 monotrilho, e assim vai. O mesmo aconteceu com rela\u00e7\u00e3o \u00e0 Cidade Tiradentes: agora a solu\u00e7\u00e3o \u00e9 o monotrilho, mas j\u00e1 foram feitos &#8220;an\u00fancios&#8221; de v\u00e1rios outros modais. Outro exemplo \u00e9 a linha 6 do metr\u00f4, que sequer estava prevista no Plano Integrado de Transporte Urbano, do Governo do Estado, mas que virou prioridade.<\/div>\n<div><\/div>\n<div>Entre as respostas governamentais \u00e0s manifesta\u00e7\u00f5es por melhoria do transporte p\u00fablico, tanto a prefeitura do Rio de Janeiro como a de S\u00e3o Paulo anunciaram a cria\u00e7\u00e3o de conselhos municipais de transporte e tr\u00e2nsito. No Rio de Janeiro, o conselho ter\u00e1 25 membros, sendo 12 representantes do poder p\u00fablico e 12 da sociedade civil \u2013 todos nomeados pelo prefeito \u2013, al\u00e9m do secret\u00e1rio de transportes. J\u00e1 em S\u00e3o Paulo o conselho ser\u00e1 composto por 39 membros, dos quais 13 ser\u00e3o representantes de \u00f3rg\u00e3os da Prefeitura, 13 dos operadores dos servi\u00e7os de transportes e 13 da sociedade civil (que dever\u00e3o ser eleitos diretamente pela popula\u00e7\u00e3o), todos com mandato de dois anos.<\/div>\n<p>Montar um conselho \u00e9 sem d\u00favida uma boa ideia, mas ser\u00e1 que este \u00e9 capaz de mudar a forma como as decis\u00f5es s\u00e3o tomadas? Os desafios da gest\u00e3o do transporte p\u00fablico v\u00e3o muito mais al\u00e9m: integra\u00e7\u00e3o de distintas esferas de governo e entre munic\u00edpios, no caso das regi\u00f5es metropolitanas; transpar\u00eancia e controle social nos contratos de todas as concess\u00f5es e obras; planejamento de longo prazo&#8230; Temas que, evidentemente, um conselho n\u00e3o dar\u00e1 conta de resolver.<\/p><\/div>\n","protected":false},"excerpt":{"rendered":"<p>Por GuiMendes &#8211; Pense-Pedalee Enquanto o tema da p\u00e9ssima qualidade do transporte p\u00fablico nas nossas cidades ecoa nas ruas, o IBGE acaba de divulgar dados da Pesquisa de Informa\u00e7\u00f5es B\u00e1sicas [&hellip;]<\/p>\n","protected":false},"author":5,"featured_media":0,"comment_status":"open","ping_status":"open","sticky":false,"template":"","format":"standard","meta":{"_uag_custom_page_level_css":"","ngg_post_thumbnail":0,"footnotes":""},"categories":[1],"tags":[],"class_list":["post-1554","post","type-post","status-publish","format-standard","hentry","category-noticias"],"gutentor_comment":0,"featured_image_src":"","featured_image_src_square":false,"author_info":{"display_name":"paulabianchi","author_link":"https:\/\/ciclovida.ufpr.br\/?author=5"},"rbea_author_info":{"display_name":"paulabianchi","author_link":"https:\/\/ciclovida.ufpr.br\/?author=5"},"rbea_excerpt_info":"Por GuiMendes &#8211; Pense-Pedalee Enquanto o tema da p\u00e9ssima qualidade do transporte p\u00fablico nas nossas cidades ecoa nas ruas, o IBGE acaba de divulgar dados da Pesquisa de Informa\u00e7\u00f5es B\u00e1sicas [&hellip;]","category_list":"<a href=\"https:\/\/ciclovida.ufpr.br\/?cat=1\" rel=\"category\">Not\u00edcias<\/a>","comments_num":"0 comments","uagb_featured_image_src":{"full":false,"thumbnail":false,"medium":false,"medium_large":false,"large":false,"1536x1536":false,"2048x2048":false,"post-thumbnail":false,"twentytwenty-fullscreen":false},"uagb_author_info":{"display_name":"paulabianchi","author_link":"https:\/\/ciclovida.ufpr.br\/?author=5"},"uagb_comment_info":0,"uagb_excerpt":"Por GuiMendes &#8211; Pense-Pedalee Enquanto o tema da p\u00e9ssima qualidade do transporte p\u00fablico nas nossas cidades ecoa nas ruas, o IBGE acaba de divulgar dados da Pesquisa de Informa\u00e7\u00f5es B\u00e1sicas [&hellip;]","wps_subtitle":"","_links":{"self":[{"href":"https:\/\/ciclovida.ufpr.br\/index.php?rest_route=\/wp\/v2\/posts\/1554","targetHints":{"allow":["GET"]}}],"collection":[{"href":"https:\/\/ciclovida.ufpr.br\/index.php?rest_route=\/wp\/v2\/posts"}],"about":[{"href":"https:\/\/ciclovida.ufpr.br\/index.php?rest_route=\/wp\/v2\/types\/post"}],"author":[{"embeddable":true,"href":"https:\/\/ciclovida.ufpr.br\/index.php?rest_route=\/wp\/v2\/users\/5"}],"replies":[{"embeddable":true,"href":"https:\/\/ciclovida.ufpr.br\/index.php?rest_route=%2Fwp%2Fv2%2Fcomments&post=1554"}],"version-history":[{"count":2,"href":"https:\/\/ciclovida.ufpr.br\/index.php?rest_route=\/wp\/v2\/posts\/1554\/revisions"}],"predecessor-version":[{"id":1557,"href":"https:\/\/ciclovida.ufpr.br\/index.php?rest_route=\/wp\/v2\/posts\/1554\/revisions\/1557"}],"wp:attachment":[{"href":"https:\/\/ciclovida.ufpr.br\/index.php?rest_route=%2Fwp%2Fv2%2Fmedia&parent=1554"}],"wp:term":[{"taxonomy":"category","embeddable":true,"href":"https:\/\/ciclovida.ufpr.br\/index.php?rest_route=%2Fwp%2Fv2%2Fcategories&post=1554"},{"taxonomy":"post_tag","embeddable":true,"href":"https:\/\/ciclovida.ufpr.br\/index.php?rest_route=%2Fwp%2Fv2%2Ftags&post=1554"}],"curies":[{"name":"wp","href":"https:\/\/api.w.org\/{rel}","templated":true}]}}