{"id":1540,"date":"2013-07-10T17:17:00","date_gmt":"2013-07-10T20:17:00","guid":{"rendered":"https:\/\/ciclovida.ufpr.br\/?p=1540"},"modified":"2013-07-17T21:43:23","modified_gmt":"2013-07-18T00:43:23","slug":"clipping-projeto-vai-debater-ciclomobilidade-nas-escolas-municipais-de-curitiba","status":"publish","type":"post","link":"https:\/\/ciclovida.ufpr.br\/?p=1540","title":{"rendered":"(Ir e Vir de Bike &#8211; Gazeta do Povo) Projeto vai debater ciclomobilidade nas escolas municipais de Curitiba"},"content":{"rendered":"<p>Por <a href=\"http:\/\/www.gazetadopovo.com.br\/blogs\/ir-e-vir-de-bike\/\"><strong>Blog Ir e Vir de Bike<\/strong><\/a> \u2013 Alexandre Costa Nascimento<\/p>\n<p><i><i>Bicicleta e ciclomibilidade devem ser debatidos nas salas de aula de Curitiba<\/i><\/i><\/p>\n<p>A mobilidade por bicicletas dever\u00e1 ser tema nas salas de aula da rede p\u00fablica municipal de ensino em Curitiba. Um encontro realizado na \u00faltima semana entre representantes da Prefeitura e cicloativistas definiu a realiza\u00e7\u00e3o de um trabalho com as 11 escolas municipais que atendem jovens da sexta \u00e0 nona s\u00e9rie do ensino m\u00e9dio.<\/p>\n<p><a href=\"https:\/\/ciclovida.ufpr.br\/wp-content\/uploads\/2013\/07\/escolar-curitiba.jpg\"><img loading=\"lazy\" decoding=\"async\" class=\"alignleft size-full wp-image-1541\" alt=\"escolar-curitiba\" src=\"https:\/\/ciclovida.ufpr.br\/wp-content\/uploads\/2013\/07\/escolar-curitiba.jpg\" width=\"241\" height=\"169\" \/><\/a>Por sugest\u00e3o da secret\u00e1ria de Educa\u00e7\u00e3o, Roberlayne Borges Roballo, ser\u00e3o realizadas pesquisas com os alunos sobre o uso da bicicleta e atividades educativas sobre mobilidade.<\/p>\n<p>Ser\u00e3o distribu\u00eddos aos professores cerca de 3 mil exemplares da cartilha &#8220;<a href=\"https:\/\/ciclovida.ufpr.br\/wp-content\/uploads\/2013\/04\/pedalando_na_cidade-versao_impressao_reduced.pdf\">Pedalando na Cidade<\/a>&#8220;, desenvolvida pelo programa CicloVida da Universidade Federal do Paran\u00e1 (UFPR). Tamb\u00e9m ser\u00e3o desenvolvidos materiais sobre seguran\u00e7a no tr\u00e2nsito voltado aos estudantes, em linguagem de hist\u00f3rias em quadrinhos.<\/p>\n<p>&#8220;Apresentamos algumas ideias gerais sobre a import\u00e2ncia de se pensar a quest\u00e3o do tr\u00e2nsito a partir dos atores mais fr\u00e1geis, conectar as escolas com as redes cicloviarias, bem como implantar paraciclos e biciclet\u00e1rios no interior das mesmas&#8221;, disse o presidente da CicloIgua\u00e7u, Jorge Brand.<\/p>\n<p>Na reuni\u00e3o, tamb\u00e9m foi abordada a necessidade de o Instituto de Pesquisa e Planejamento Urbano de Curitiba (Ippuc) dar sequ\u00eancia aos projetos para criar rotas seguras para o uso das bicicletas \u00e0s escolas, al\u00e9m da necessidade de integra\u00e7\u00e3o do trabalho com as secretarias de Tr\u00e2nsito e Esporte, Lazer e Juventude.<\/p>\n","protected":false},"excerpt":{"rendered":"<p>Por Blog Ir e Vir de Bike \u2013 Alexandre Costa Nascimento Bicicleta e ciclomibilidade devem ser debatidos nas salas de aula de Curitiba A mobilidade por bicicletas dever\u00e1 ser tema [&hellip;]<\/p>\n","protected":false},"author":5,"featured_media":0,"comment_status":"open","ping_status":"open","sticky":false,"template":"","format":"standard","meta":{"_uag_custom_page_level_css":"","ngg_post_thumbnail":0,"footnotes":""},"categories":[17,1],"tags":[],"class_list":["post-1540","post","type-post","status-publish","format-standard","hentry","category-clipping","category-noticias"],"gutentor_comment":12,"featured_image_src":"","featured_image_src_square":false,"author_info":{"display_name":"paulabianchi","author_link":"https:\/\/ciclovida.ufpr.br\/?author=5"},"rbea_author_info":{"display_name":"paulabianchi","author_link":"https:\/\/ciclovida.ufpr.br\/?author=5"},"rbea_excerpt_info":"Por Blog Ir e Vir de Bike \u2013 Alexandre Costa Nascimento Bicicleta e ciclomibilidade devem ser debatidos nas salas de aula de Curitiba A mobilidade por bicicletas dever\u00e1 ser tema [&hellip;]","category_list":"<a href=\"https:\/\/ciclovida.ufpr.br\/?cat=17\" rel=\"category\">Clipping<\/a>, <a href=\"https:\/\/ciclovida.ufpr.br\/?cat=1\" rel=\"category\">Not\u00edcias<\/a>","comments_num":"0 comments","uagb_featured_image_src":{"full":false,"thumbnail":false,"medium":false,"medium_large":false,"large":false,"1536x1536":false,"2048x2048":false,"post-thumbnail":false,"twentytwenty-fullscreen":false},"uagb_author_info":{"display_name":"paulabianchi","author_link":"https:\/\/ciclovida.ufpr.br\/?author=5"},"uagb_comment_info":12,"uagb_excerpt":"Por Blog Ir e Vir de Bike \u2013 Alexandre Costa Nascimento Bicicleta e ciclomibilidade devem ser debatidos nas salas de aula de Curitiba A mobilidade por bicicletas dever\u00e1 ser tema [&hellip;]","wps_subtitle":"","_links":{"self":[{"href":"https:\/\/ciclovida.ufpr.br\/index.php?rest_route=\/wp\/v2\/posts\/1540","targetHints":{"allow":["GET"]}}],"collection":[{"href":"https:\/\/ciclovida.ufpr.br\/index.php?rest_route=\/wp\/v2\/posts"}],"about":[{"href":"https:\/\/ciclovida.ufpr.br\/index.php?rest_route=\/wp\/v2\/types\/post"}],"author":[{"embeddable":true,"href":"https:\/\/ciclovida.ufpr.br\/index.php?rest_route=\/wp\/v2\/users\/5"}],"replies":[{"embeddable":true,"href":"https:\/\/ciclovida.ufpr.br\/index.php?rest_route=%2Fwp%2Fv2%2Fcomments&post=1540"}],"version-history":[{"count":2,"href":"https:\/\/ciclovida.ufpr.br\/index.php?rest_route=\/wp\/v2\/posts\/1540\/revisions"}],"predecessor-version":[{"id":1565,"href":"https:\/\/ciclovida.ufpr.br\/index.php?rest_route=\/wp\/v2\/posts\/1540\/revisions\/1565"}],"wp:attachment":[{"href":"https:\/\/ciclovida.ufpr.br\/index.php?rest_route=%2Fwp%2Fv2%2Fmedia&parent=1540"}],"wp:term":[{"taxonomy":"category","embeddable":true,"href":"https:\/\/ciclovida.ufpr.br\/index.php?rest_route=%2Fwp%2Fv2%2Fcategories&post=1540"},{"taxonomy":"post_tag","embeddable":true,"href":"https:\/\/ciclovida.ufpr.br\/index.php?rest_route=%2Fwp%2Fv2%2Ftags&post=1540"}],"curies":[{"name":"wp","href":"https:\/\/api.w.org\/{rel}","templated":true}]}}