{"id":1500,"date":"2013-06-27T16:34:38","date_gmt":"2013-06-27T19:34:38","guid":{"rendered":"https:\/\/ciclovida.ufpr.br\/?p=1500"},"modified":"2013-06-30T16:53:57","modified_gmt":"2013-06-30T19:53:57","slug":"ciclovida-pelo-mundo","status":"publish","type":"post","link":"https:\/\/ciclovida.ufpr.br\/?p=1500","title":{"rendered":"Ciclovida pelo mundo"},"content":{"rendered":"<p>Programa Ciclovida e Desafio Intermodal em publica\u00e7\u00e3o alem\u00e3. Confiram!<\/p>\n<p>&nbsp;<\/p>\n<p>http:\/\/www.dw.de\/das-rennen-desafio-intermodal\/a-16888465<\/p>\n<p>&nbsp;<\/p>\n<p>http:\/\/www.dw.de\/das-fahrrad-ist-trend-in-brasilien\/a-16888457<\/p>\n","protected":false},"excerpt":{"rendered":"<p>Programa Ciclovida e Desafio Intermodal em publica\u00e7\u00e3o alem\u00e3. Confiram! &nbsp; http:\/\/www.dw.de\/das-rennen-desafio-intermodal\/a-16888465 &nbsp; http:\/\/www.dw.de\/das-fahrrad-ist-trend-in-brasilien\/a-16888457<\/p>\n","protected":false},"author":5,"featured_media":0,"comment_status":"open","ping_status":"open","sticky":false,"template":"","format":"standard","meta":{"_uag_custom_page_level_css":"","ngg_post_thumbnail":0,"footnotes":""},"categories":[17,1],"tags":[],"class_list":["post-1500","post","type-post","status-publish","format-standard","hentry","category-clipping","category-noticias"],"gutentor_comment":2,"featured_image_src":"","featured_image_src_square":false,"author_info":{"display_name":"paulabianchi","author_link":"https:\/\/ciclovida.ufpr.br\/?author=5"},"rbea_author_info":{"display_name":"paulabianchi","author_link":"https:\/\/ciclovida.ufpr.br\/?author=5"},"rbea_excerpt_info":"Programa Ciclovida e Desafio Intermodal em publica\u00e7\u00e3o alem\u00e3. Confiram! &nbsp; http:\/\/www.dw.de\/das-rennen-desafio-intermodal\/a-16888465 &nbsp; http:\/\/www.dw.de\/das-fahrrad-ist-trend-in-brasilien\/a-16888457","category_list":"<a href=\"https:\/\/ciclovida.ufpr.br\/?cat=17\" rel=\"category\">Clipping<\/a>, <a href=\"https:\/\/ciclovida.ufpr.br\/?cat=1\" rel=\"category\">Not\u00edcias<\/a>","comments_num":"0 comments","uagb_featured_image_src":{"full":false,"thumbnail":false,"medium":false,"medium_large":false,"large":false,"1536x1536":false,"2048x2048":false,"post-thumbnail":false,"twentytwenty-fullscreen":false},"uagb_author_info":{"display_name":"paulabianchi","author_link":"https:\/\/ciclovida.ufpr.br\/?author=5"},"uagb_comment_info":2,"uagb_excerpt":"Programa Ciclovida e Desafio Intermodal em publica\u00e7\u00e3o alem\u00e3. Confiram! &nbsp; http:\/\/www.dw.de\/das-rennen-desafio-intermodal\/a-16888465 &nbsp; http:\/\/www.dw.de\/das-fahrrad-ist-trend-in-brasilien\/a-16888457","wps_subtitle":"","_links":{"self":[{"href":"https:\/\/ciclovida.ufpr.br\/index.php?rest_route=\/wp\/v2\/posts\/1500","targetHints":{"allow":["GET"]}}],"collection":[{"href":"https:\/\/ciclovida.ufpr.br\/index.php?rest_route=\/wp\/v2\/posts"}],"about":[{"href":"https:\/\/ciclovida.ufpr.br\/index.php?rest_route=\/wp\/v2\/types\/post"}],"author":[{"embeddable":true,"href":"https:\/\/ciclovida.ufpr.br\/index.php?rest_route=\/wp\/v2\/users\/5"}],"replies":[{"embeddable":true,"href":"https:\/\/ciclovida.ufpr.br\/index.php?rest_route=%2Fwp%2Fv2%2Fcomments&post=1500"}],"version-history":[{"count":2,"href":"https:\/\/ciclovida.ufpr.br\/index.php?rest_route=\/wp\/v2\/posts\/1500\/revisions"}],"predecessor-version":[{"id":1511,"href":"https:\/\/ciclovida.ufpr.br\/index.php?rest_route=\/wp\/v2\/posts\/1500\/revisions\/1511"}],"wp:attachment":[{"href":"https:\/\/ciclovida.ufpr.br\/index.php?rest_route=%2Fwp%2Fv2%2Fmedia&parent=1500"}],"wp:term":[{"taxonomy":"category","embeddable":true,"href":"https:\/\/ciclovida.ufpr.br\/index.php?rest_route=%2Fwp%2Fv2%2Fcategories&post=1500"},{"taxonomy":"post_tag","embeddable":true,"href":"https:\/\/ciclovida.ufpr.br\/index.php?rest_route=%2Fwp%2Fv2%2Ftags&post=1500"}],"curies":[{"name":"wp","href":"https:\/\/api.w.org\/{rel}","templated":true}]}}