{"id":1482,"date":"2013-06-19T16:48:39","date_gmt":"2013-06-19T19:48:39","guid":{"rendered":"https:\/\/ciclovida.ufpr.br\/?p=1482"},"modified":"2013-06-19T16:48:39","modified_gmt":"2013-06-19T19:48:39","slug":"cicloturismo","status":"publish","type":"post","link":"https:\/\/ciclovida.ufpr.br\/?p=1482","title":{"rendered":"Cicloturismo"},"content":{"rendered":"<p><a href=\"https:\/\/ciclovida.ufpr.br\/wp-content\/uploads\/2013\/06\/imagem2.bmp\"><img decoding=\"async\" class=\"aligncenter size-large wp-image-1483\" alt=\"imagem2\" src=\"https:\/\/ciclovida.ufpr.br\/wp-content\/uploads\/2013\/06\/imagem2.bmp\" \/><\/a><\/p>\n<p>Informa\u00e7\u00f5es adicionais:<\/p>\n<div>&#8211; As pessoas que forem de carro at\u00e9 a concentra\u00e7\u00e3o no Setor de Ci\u00eancias Agrarias da UFPR, poder\u00e3o deixar seus ve\u00edculos estacionados l\u00e1, o retorno acontecer\u00e1 para o mesmo local.<\/div>\n<div><\/div>\n<div>&#8211; Obrigat\u00f3rio o uso de capacete<\/div>\n<div><\/div>\n<div>&#8211; As inscri\u00e7\u00f5es dever\u00e3o ser feitas na loja da Bikesul mediante a doa\u00e7\u00e3o de um quilo de alimento n\u00e3o perec\u00edvel &#8211; (41) 3205-3566 &#8211; Rua Tapaj\u00f3s, 1047 loja 8, Bom Retiro &#8211; Curitiba<\/div>\n<div><\/div>\n<div>&#8211; O evento contar\u00e1 com carro de apoio para quebra de bicicletas e ciclistas cansados.<\/div>\n<div><\/div>\n<div><\/div>\n","protected":false},"excerpt":{"rendered":"<p>Informa\u00e7\u00f5es adicionais: &#8211; As pessoas que forem de carro at\u00e9 a concentra\u00e7\u00e3o no Setor de Ci\u00eancias Agrarias da UFPR, poder\u00e3o deixar seus ve\u00edculos estacionados l\u00e1, o retorno acontecer\u00e1 para o [&hellip;]<\/p>\n","protected":false},"author":5,"featured_media":0,"comment_status":"open","ping_status":"open","sticky":false,"template":"","format":"standard","meta":{"_uag_custom_page_level_css":"","ngg_post_thumbnail":0,"footnotes":""},"categories":[1],"tags":[],"class_list":["post-1482","post","type-post","status-publish","format-standard","hentry","category-noticias"],"gutentor_comment":2,"featured_image_src":"","featured_image_src_square":false,"author_info":{"display_name":"paulabianchi","author_link":"https:\/\/ciclovida.ufpr.br\/?author=5"},"rbea_author_info":{"display_name":"paulabianchi","author_link":"https:\/\/ciclovida.ufpr.br\/?author=5"},"rbea_excerpt_info":"Informa\u00e7\u00f5es adicionais: &#8211; As pessoas que forem de carro at\u00e9 a concentra\u00e7\u00e3o no Setor de Ci\u00eancias Agrarias da UFPR, poder\u00e3o deixar seus ve\u00edculos estacionados l\u00e1, o retorno acontecer\u00e1 para o [&hellip;]","category_list":"<a href=\"https:\/\/ciclovida.ufpr.br\/?cat=1\" rel=\"category\">Not\u00edcias<\/a>","comments_num":"0 comments","uagb_featured_image_src":{"full":false,"thumbnail":false,"medium":false,"medium_large":false,"large":false,"1536x1536":false,"2048x2048":false,"post-thumbnail":false,"twentytwenty-fullscreen":false},"uagb_author_info":{"display_name":"paulabianchi","author_link":"https:\/\/ciclovida.ufpr.br\/?author=5"},"uagb_comment_info":2,"uagb_excerpt":"Informa\u00e7\u00f5es adicionais: &#8211; As pessoas que forem de carro at\u00e9 a concentra\u00e7\u00e3o no Setor de Ci\u00eancias Agrarias da UFPR, poder\u00e3o deixar seus ve\u00edculos estacionados l\u00e1, o retorno acontecer\u00e1 para o [&hellip;]","wps_subtitle":"","_links":{"self":[{"href":"https:\/\/ciclovida.ufpr.br\/index.php?rest_route=\/wp\/v2\/posts\/1482","targetHints":{"allow":["GET"]}}],"collection":[{"href":"https:\/\/ciclovida.ufpr.br\/index.php?rest_route=\/wp\/v2\/posts"}],"about":[{"href":"https:\/\/ciclovida.ufpr.br\/index.php?rest_route=\/wp\/v2\/types\/post"}],"author":[{"embeddable":true,"href":"https:\/\/ciclovida.ufpr.br\/index.php?rest_route=\/wp\/v2\/users\/5"}],"replies":[{"embeddable":true,"href":"https:\/\/ciclovida.ufpr.br\/index.php?rest_route=%2Fwp%2Fv2%2Fcomments&post=1482"}],"version-history":[{"count":1,"href":"https:\/\/ciclovida.ufpr.br\/index.php?rest_route=\/wp\/v2\/posts\/1482\/revisions"}],"predecessor-version":[{"id":1484,"href":"https:\/\/ciclovida.ufpr.br\/index.php?rest_route=\/wp\/v2\/posts\/1482\/revisions\/1484"}],"wp:attachment":[{"href":"https:\/\/ciclovida.ufpr.br\/index.php?rest_route=%2Fwp%2Fv2%2Fmedia&parent=1482"}],"wp:term":[{"taxonomy":"category","embeddable":true,"href":"https:\/\/ciclovida.ufpr.br\/index.php?rest_route=%2Fwp%2Fv2%2Fcategories&post=1482"},{"taxonomy":"post_tag","embeddable":true,"href":"https:\/\/ciclovida.ufpr.br\/index.php?rest_route=%2Fwp%2Fv2%2Ftags&post=1482"}],"curies":[{"name":"wp","href":"https:\/\/api.w.org\/{rel}","templated":true}]}}