{"id":1478,"date":"2013-06-18T16:12:39","date_gmt":"2013-06-18T19:12:39","guid":{"rendered":"https:\/\/ciclovida.ufpr.br\/?p=1478"},"modified":"2013-06-18T16:13:17","modified_gmt":"2013-06-18T19:13:17","slug":"seminario-psicologia-e-mobilidade-o-espaco-publico-como-direito-de-todos","status":"publish","type":"post","link":"https:\/\/ciclovida.ufpr.br\/?p=1478","title":{"rendered":"Semin\u00e1rio &#8211; &#8220;Psicologia e mobilidade: o espa\u00e7o p\u00fablico como direito de todos&#8221;."},"content":{"rendered":"<p>LINK: <a href=\"http:\/\/site.cfp.org.br\/wp-content\/uploads\/2012\/07\/seminario_mobilidade_27_08_10.pdf\">http:\/\/site.cfp.org.br\/wp-content\/uploads\/2012\/07\/seminario_mobilidade_27_08_10.pdf<\/a><\/p>\n<p><a href=\"https:\/\/ciclovida.ufpr.br\/wp-content\/uploads\/2013\/06\/imagem.bmp\"><img decoding=\"async\" class=\"aligncenter size-large wp-image-1479\" alt=\"imagem\" src=\"https:\/\/ciclovida.ufpr.br\/wp-content\/uploads\/2013\/06\/imagem.bmp\" \/><\/a><\/p>\n","protected":false},"excerpt":{"rendered":"<p>LINK: http:\/\/site.cfp.org.br\/wp-content\/uploads\/2012\/07\/seminario_mobilidade_27_08_10.pdf<\/p>\n","protected":false},"author":5,"featured_media":0,"comment_status":"open","ping_status":"open","sticky":false,"template":"","format":"standard","meta":{"_uag_custom_page_level_css":"","ngg_post_thumbnail":0,"footnotes":""},"categories":[1],"tags":[],"class_list":["post-1478","post","type-post","status-publish","format-standard","hentry","category-noticias"],"gutentor_comment":9,"featured_image_src":"","featured_image_src_square":false,"author_info":{"display_name":"paulabianchi","author_link":"https:\/\/ciclovida.ufpr.br\/?author=5"},"rbea_author_info":{"display_name":"paulabianchi","author_link":"https:\/\/ciclovida.ufpr.br\/?author=5"},"rbea_excerpt_info":"LINK: http:\/\/site.cfp.org.br\/wp-content\/uploads\/2012\/07\/seminario_mobilidade_27_08_10.pdf","category_list":"<a href=\"https:\/\/ciclovida.ufpr.br\/?cat=1\" rel=\"category\">Not\u00edcias<\/a>","comments_num":"0 comments","uagb_featured_image_src":{"full":false,"thumbnail":false,"medium":false,"medium_large":false,"large":false,"1536x1536":false,"2048x2048":false,"post-thumbnail":false,"twentytwenty-fullscreen":false},"uagb_author_info":{"display_name":"paulabianchi","author_link":"https:\/\/ciclovida.ufpr.br\/?author=5"},"uagb_comment_info":9,"uagb_excerpt":"LINK: http:\/\/site.cfp.org.br\/wp-content\/uploads\/2012\/07\/seminario_mobilidade_27_08_10.pdf","wps_subtitle":"","_links":{"self":[{"href":"https:\/\/ciclovida.ufpr.br\/index.php?rest_route=\/wp\/v2\/posts\/1478","targetHints":{"allow":["GET"]}}],"collection":[{"href":"https:\/\/ciclovida.ufpr.br\/index.php?rest_route=\/wp\/v2\/posts"}],"about":[{"href":"https:\/\/ciclovida.ufpr.br\/index.php?rest_route=\/wp\/v2\/types\/post"}],"author":[{"embeddable":true,"href":"https:\/\/ciclovida.ufpr.br\/index.php?rest_route=\/wp\/v2\/users\/5"}],"replies":[{"embeddable":true,"href":"https:\/\/ciclovida.ufpr.br\/index.php?rest_route=%2Fwp%2Fv2%2Fcomments&post=1478"}],"version-history":[{"count":2,"href":"https:\/\/ciclovida.ufpr.br\/index.php?rest_route=\/wp\/v2\/posts\/1478\/revisions"}],"predecessor-version":[{"id":1481,"href":"https:\/\/ciclovida.ufpr.br\/index.php?rest_route=\/wp\/v2\/posts\/1478\/revisions\/1481"}],"wp:attachment":[{"href":"https:\/\/ciclovida.ufpr.br\/index.php?rest_route=%2Fwp%2Fv2%2Fmedia&parent=1478"}],"wp:term":[{"taxonomy":"category","embeddable":true,"href":"https:\/\/ciclovida.ufpr.br\/index.php?rest_route=%2Fwp%2Fv2%2Fcategories&post=1478"},{"taxonomy":"post_tag","embeddable":true,"href":"https:\/\/ciclovida.ufpr.br\/index.php?rest_route=%2Fwp%2Fv2%2Ftags&post=1478"}],"curies":[{"name":"wp","href":"https:\/\/api.w.org\/{rel}","templated":true}]}}