{"id":1467,"date":"2013-06-14T12:04:00","date_gmt":"2013-06-14T15:04:00","guid":{"rendered":"https:\/\/ciclovida.ufpr.br\/?p=1467"},"modified":"2013-06-30T16:55:04","modified_gmt":"2013-06-30T19:55:04","slug":"dia-2606-especialista-em-transito-da-ufpr-faz-palestra-na-subsecao-sjpoab-pr","status":"publish","type":"post","link":"https:\/\/ciclovida.ufpr.br\/?p=1467","title":{"rendered":"Dia 26\/06, especialista em tr\u00e2nsito da UFPR faz palestra na Subse\u00e7\u00e3o SJP\/OAB-PR"},"content":{"rendered":"<p><i>A\u00e7\u00e3o de discuss\u00e3o sobre mobilidade em S\u00e3o Jos\u00e9 dos Pinhais tem apoio da Comiss\u00e3ode Direito e Educa\u00e7\u00e3o de Tr\u00e2nsito, um dos n\u00facleos de advogados da entidade s\u00e3o-joseense<\/i><\/p>\n<p>Por <strong>Marcos Rosa Filho<\/strong><\/p>\n<p style=\"text-align: justify;\">O coordenador do Programa Ciclo Vida, Jos\u00e9 Carlos Belotto, da Universidade Federal do Paran\u00e1 (UFPR), ser\u00e1 palestrante dia 26 de junho (quarta) na Subse\u00e7\u00e3o S\u00e3o Jos\u00e9 dos Pinhais da OAB-PR, \u00e0s 19h, em uma explana\u00e7\u00e3o sobre mobilidade urbana e o Desafio Intermodal em Curitiba.<\/p>\n<p style=\"text-align: justify;\">Realizada desde 2006 na Capital, esta prova re\u00fane, em um mesmo dia e hor\u00e1rio, diferentes meios de transporte, como carro, \u00f4nibus, bicicleta e a p\u00e9, e serve de refer\u00eancia a v\u00e1rios projetos voltados \u00e0 melhoria do tr\u00e1fego em Curitiba e outras cidades do Pa\u00eds. Em todas as edi\u00e7\u00f5es a bicicleta foi a forma de mobilidade mais eficiente.<\/p>\n<p style=\"text-align: justify;\">Atualmente, S\u00e3o Jos\u00e9 dos Pinhais possui um n\u00famero de ve\u00edculos de mais de 150 mil unidades, sendo mais de mil emplacamentos por m\u00eas, segundo o Detran-PR. A frota flutuante no centro do munic\u00edpio aumenta o fluxo em cerca de 50 mil ve\u00edculos. Se for contado o que circula nas BRs 116, 376 e 277, a estimativa geral \u00e9 em torno de 500 mil ve\u00edculos por dia .<\/p>\n<p style=\"text-align: center;\"><a href=\"https:\/\/ciclovida.ufpr.br\/wp-content\/uploads\/2013\/06\/Desafio_IntermodalSJP.jpg\"><img loading=\"lazy\" decoding=\"async\" class=\"aligncenter  wp-image-1468\" alt=\"Desafio_IntermodalSJP\" src=\"https:\/\/ciclovida.ufpr.br\/wp-content\/uploads\/2013\/06\/Desafio_IntermodalSJP.jpg\" width=\"501\" height=\"250\" srcset=\"https:\/\/ciclovida.ufpr.br\/wp-content\/uploads\/2013\/06\/Desafio_IntermodalSJP.jpg 663w, https:\/\/ciclovida.ufpr.br\/wp-content\/uploads\/2013\/06\/Desafio_IntermodalSJP-300x150.jpg 300w\" sizes=\"auto, (max-width: 501px) 100vw, 501px\" \/><\/a><\/p>\n<p><b>Desafio Intermodal 2012<\/b><\/p>\n<p><a href=\"http:\/\/www.gazetadopovo.com.br\/blog\/irevirdebike\/?id=1292916\" target=\"_blank\">http:\/\/www.gazetadopovo.com.<wbr \/>br\/blog\/irevirdebike\/?id=<wbr \/>1292916<\/a><\/p>\n<p><b>Apoio <\/b><\/p>\n<p>Sanjo Bikers<\/p>\n<p>Subse\u00e7\u00e3o SJP\/OAB-PR \u2013 Rua Paulino Siqueira Cortes, 1289,<\/p>\n<p>centro de S\u00e3o Jos\u00e9 dos Pinhais. Informa\u00e7\u00f5es 3035-1800.<\/p>\n","protected":false},"excerpt":{"rendered":"<p>A\u00e7\u00e3o de discuss\u00e3o sobre mobilidade em S\u00e3o Jos\u00e9 dos Pinhais tem apoio da Comiss\u00e3ode Direito e Educa\u00e7\u00e3o de Tr\u00e2nsito, um dos n\u00facleos de advogados da entidade s\u00e3o-joseense Por Marcos Rosa [&hellip;]<\/p>\n","protected":false},"author":5,"featured_media":0,"comment_status":"open","ping_status":"open","sticky":false,"template":"","format":"standard","meta":{"_uag_custom_page_level_css":"","ngg_post_thumbnail":0,"footnotes":""},"categories":[17,1],"tags":[],"class_list":["post-1467","post","type-post","status-publish","format-standard","hentry","category-clipping","category-noticias"],"gutentor_comment":9,"featured_image_src":"","featured_image_src_square":false,"author_info":{"display_name":"paulabianchi","author_link":"https:\/\/ciclovida.ufpr.br\/?author=5"},"rbea_author_info":{"display_name":"paulabianchi","author_link":"https:\/\/ciclovida.ufpr.br\/?author=5"},"rbea_excerpt_info":"A\u00e7\u00e3o de discuss\u00e3o sobre mobilidade em S\u00e3o Jos\u00e9 dos Pinhais tem apoio da Comiss\u00e3ode Direito e Educa\u00e7\u00e3o de Tr\u00e2nsito, um dos n\u00facleos de advogados da entidade s\u00e3o-joseense Por Marcos Rosa [&hellip;]","category_list":"<a href=\"https:\/\/ciclovida.ufpr.br\/?cat=17\" rel=\"category\">Clipping<\/a>, <a href=\"https:\/\/ciclovida.ufpr.br\/?cat=1\" rel=\"category\">Not\u00edcias<\/a>","comments_num":"0 comments","uagb_featured_image_src":{"full":false,"thumbnail":false,"medium":false,"medium_large":false,"large":false,"1536x1536":false,"2048x2048":false,"post-thumbnail":false,"twentytwenty-fullscreen":false},"uagb_author_info":{"display_name":"paulabianchi","author_link":"https:\/\/ciclovida.ufpr.br\/?author=5"},"uagb_comment_info":9,"uagb_excerpt":"A\u00e7\u00e3o de discuss\u00e3o sobre mobilidade em S\u00e3o Jos\u00e9 dos Pinhais tem apoio da Comiss\u00e3ode Direito e Educa\u00e7\u00e3o de Tr\u00e2nsito, um dos n\u00facleos de advogados da entidade s\u00e3o-joseense Por Marcos Rosa [&hellip;]","wps_subtitle":"","_links":{"self":[{"href":"https:\/\/ciclovida.ufpr.br\/index.php?rest_route=\/wp\/v2\/posts\/1467","targetHints":{"allow":["GET"]}}],"collection":[{"href":"https:\/\/ciclovida.ufpr.br\/index.php?rest_route=\/wp\/v2\/posts"}],"about":[{"href":"https:\/\/ciclovida.ufpr.br\/index.php?rest_route=\/wp\/v2\/types\/post"}],"author":[{"embeddable":true,"href":"https:\/\/ciclovida.ufpr.br\/index.php?rest_route=\/wp\/v2\/users\/5"}],"replies":[{"embeddable":true,"href":"https:\/\/ciclovida.ufpr.br\/index.php?rest_route=%2Fwp%2Fv2%2Fcomments&post=1467"}],"version-history":[{"count":3,"href":"https:\/\/ciclovida.ufpr.br\/index.php?rest_route=\/wp\/v2\/posts\/1467\/revisions"}],"predecessor-version":[{"id":1470,"href":"https:\/\/ciclovida.ufpr.br\/index.php?rest_route=\/wp\/v2\/posts\/1467\/revisions\/1470"}],"wp:attachment":[{"href":"https:\/\/ciclovida.ufpr.br\/index.php?rest_route=%2Fwp%2Fv2%2Fmedia&parent=1467"}],"wp:term":[{"taxonomy":"category","embeddable":true,"href":"https:\/\/ciclovida.ufpr.br\/index.php?rest_route=%2Fwp%2Fv2%2Fcategories&post=1467"},{"taxonomy":"post_tag","embeddable":true,"href":"https:\/\/ciclovida.ufpr.br\/index.php?rest_route=%2Fwp%2Fv2%2Ftags&post=1467"}],"curies":[{"name":"wp","href":"https:\/\/api.w.org\/{rel}","templated":true}]}}