{"id":1465,"date":"2013-06-12T18:14:10","date_gmt":"2013-06-12T21:14:10","guid":{"rendered":"https:\/\/ciclovida.ufpr.br\/?p=1465"},"modified":"2013-06-12T18:14:10","modified_gmt":"2013-06-12T21:14:10","slug":"7o-festival-arte-bici-mob","status":"publish","type":"post","link":"https:\/\/ciclovida.ufpr.br\/?p=1465","title":{"rendered":"7o. Festival Arte Bici Mob"},"content":{"rendered":"<div>\n<p class=\"gmail_quote\"><span style=\"color: #222222; font-size: 18.88888931274414px; font-family: 'times new roman','new york',times,serif;\">Voc\u00ea sabia que setembro tornou-se o M\u00eas da Bicicleta n\u00e3o s\u00f3 em Curitiba, mas no Paran\u00e1 inteiro<\/span><span style=\"color: #222222; font-size: 18.88888931274414px; font-family: 'times new roman','new york',times,serif;\">?\u00a0<\/span><\/p>\n<p class=\"gmail_quote\">\n<p class=\"gmail_quote\"><span style=\"color: #222222; font-size: 18.88888931274414px; font-family: 'times new roman','new york',times,serif;\">Participe e colabore criando um evento para ser integrado ao calend\u00e1rio oficial do 7o. Festival Arte Bici Mob. <\/span><\/p>\n<p class=\"gmail_quote\">\n<p class=\"gmail_quote\"><span style=\"color: #222222; font-size: 18.88888931274414px; font-family: 'times new roman','new york',times,serif;\">Pedaladas, performances, exposi\u00e7\u00f5es, cinema, oficinas, debates, palestras, festas e demais manifesta\u00e7\u00f5es que envolvam a cultura da bicicleta.\u00a0<\/span><\/p>\n<p class=\"gmail_quote\">\n<p class=\"gmail_quote\"><span style=\"color: #222222; font-family: 'times new roman','new york',times,serif; font-size: 18.399999618530273px;\">Envie sua proposta para:<\/span><span style=\"color: #222222; font-family: 'times new roman','new york',times,serif; font-size: 18.399999618530273px;\">\u00a0<\/span><a style=\"font-family: 'times new roman','new york',times,serif; font-size: 18.399999618530273px;\" href=\"mailto:coordenacao@cicloiguacu.org.br\" target=\"_blank\">coordenacao@cicloiguacu.<wbr \/>org.br<\/a><\/p>\n<p style=\"font-family: 'times new roman','new york',times,serif; font-size: 18.399999618530273px;\">\n<p style=\"font-family: 'times new roman','new york',times,serif; font-size: 18.399999618530273px;\">Data limite:\u00a001 de agosto de 2013<\/p>\n<\/div>\n","protected":false},"excerpt":{"rendered":"<p>Voc\u00ea sabia que setembro tornou-se o M\u00eas da Bicicleta n\u00e3o s\u00f3 em Curitiba, mas no Paran\u00e1 inteiro?\u00a0 Participe e colabore criando um evento para ser integrado ao calend\u00e1rio oficial do [&hellip;]<\/p>\n","protected":false},"author":5,"featured_media":0,"comment_status":"open","ping_status":"open","sticky":false,"template":"","format":"standard","meta":{"_uag_custom_page_level_css":"","ngg_post_thumbnail":0,"footnotes":""},"categories":[1],"tags":[],"class_list":["post-1465","post","type-post","status-publish","format-standard","hentry","category-noticias"],"gutentor_comment":4,"featured_image_src":"","featured_image_src_square":false,"author_info":{"display_name":"paulabianchi","author_link":"https:\/\/ciclovida.ufpr.br\/?author=5"},"rbea_author_info":{"display_name":"paulabianchi","author_link":"https:\/\/ciclovida.ufpr.br\/?author=5"},"rbea_excerpt_info":"Voc\u00ea sabia que setembro tornou-se o M\u00eas da Bicicleta n\u00e3o s\u00f3 em Curitiba, mas no Paran\u00e1 inteiro?\u00a0 Participe e colabore criando um evento para ser integrado ao calend\u00e1rio oficial do [&hellip;]","category_list":"<a href=\"https:\/\/ciclovida.ufpr.br\/?cat=1\" rel=\"category\">Not\u00edcias<\/a>","comments_num":"0 comments","uagb_featured_image_src":{"full":false,"thumbnail":false,"medium":false,"medium_large":false,"large":false,"1536x1536":false,"2048x2048":false,"post-thumbnail":false,"twentytwenty-fullscreen":false},"uagb_author_info":{"display_name":"paulabianchi","author_link":"https:\/\/ciclovida.ufpr.br\/?author=5"},"uagb_comment_info":4,"uagb_excerpt":"Voc\u00ea sabia que setembro tornou-se o M\u00eas da Bicicleta n\u00e3o s\u00f3 em Curitiba, mas no Paran\u00e1 inteiro?\u00a0 Participe e colabore criando um evento para ser integrado ao calend\u00e1rio oficial do [&hellip;]","wps_subtitle":"","_links":{"self":[{"href":"https:\/\/ciclovida.ufpr.br\/index.php?rest_route=\/wp\/v2\/posts\/1465","targetHints":{"allow":["GET"]}}],"collection":[{"href":"https:\/\/ciclovida.ufpr.br\/index.php?rest_route=\/wp\/v2\/posts"}],"about":[{"href":"https:\/\/ciclovida.ufpr.br\/index.php?rest_route=\/wp\/v2\/types\/post"}],"author":[{"embeddable":true,"href":"https:\/\/ciclovida.ufpr.br\/index.php?rest_route=\/wp\/v2\/users\/5"}],"replies":[{"embeddable":true,"href":"https:\/\/ciclovida.ufpr.br\/index.php?rest_route=%2Fwp%2Fv2%2Fcomments&post=1465"}],"version-history":[{"count":1,"href":"https:\/\/ciclovida.ufpr.br\/index.php?rest_route=\/wp\/v2\/posts\/1465\/revisions"}],"predecessor-version":[{"id":1466,"href":"https:\/\/ciclovida.ufpr.br\/index.php?rest_route=\/wp\/v2\/posts\/1465\/revisions\/1466"}],"wp:attachment":[{"href":"https:\/\/ciclovida.ufpr.br\/index.php?rest_route=%2Fwp%2Fv2%2Fmedia&parent=1465"}],"wp:term":[{"taxonomy":"category","embeddable":true,"href":"https:\/\/ciclovida.ufpr.br\/index.php?rest_route=%2Fwp%2Fv2%2Fcategories&post=1465"},{"taxonomy":"post_tag","embeddable":true,"href":"https:\/\/ciclovida.ufpr.br\/index.php?rest_route=%2Fwp%2Fv2%2Ftags&post=1465"}],"curies":[{"name":"wp","href":"https:\/\/api.w.org\/{rel}","templated":true}]}}