{"id":1456,"date":"2013-06-07T12:35:55","date_gmt":"2013-06-07T15:35:55","guid":{"rendered":"https:\/\/ciclovida.ufpr.br\/?p=1456"},"modified":"2013-07-17T21:46:01","modified_gmt":"2013-07-18T00:46:01","slug":"globo-universidade-deste-sabado-8-mostra-projeto-ciclo-vida-da-ufpr","status":"publish","type":"post","link":"https:\/\/ciclovida.ufpr.br\/?p=1456","title":{"rendered":"(Sou + Bike) Globo Universidade deste s\u00e1bado (8) mostra projeto Ciclo Vida, da UFPR"},"content":{"rendered":"<p>Por<a href=\"http:\/\/redeglobo.globo.com\/rpctv\/sou-mais-bike\/platb\/2013\/06\/06\/globo-universidade-deste-sabado-mostra-projeto-ciclo-vida-da-ufpr\/\"> Sou Mais Bike<\/a><\/p>\n<p style=\"text-align: center;\"><a href=\"https:\/\/ciclovida.ufpr.br\/wp-content\/uploads\/2013\/06\/jose-belotto.jpg\"><img loading=\"lazy\" decoding=\"async\" class=\"aligncenter  wp-image-1457\" alt=\"jose-belotto\" src=\"https:\/\/ciclovida.ufpr.br\/wp-content\/uploads\/2013\/06\/jose-belotto.jpg\" width=\"496\" height=\"280\" srcset=\"https:\/\/ciclovida.ufpr.br\/wp-content\/uploads\/2013\/06\/jose-belotto.jpg 620w, https:\/\/ciclovida.ufpr.br\/wp-content\/uploads\/2013\/06\/jose-belotto-300x169.jpg 300w\" sizes=\"auto, (max-width: 496px) 100vw, 496px\" \/><\/a><\/p>\n<p>Durante o m\u00eas de junho, o <a href=\"http:\/\/redeglobo.globo.com\/globocidadania\" target=\"_blank\">Globo Cidadania<\/a> est\u00e1 apresentando a s\u00e9rie <strong>\u201cMobilidade Urbana\u201d<\/strong>. O primeiro epis\u00f3dio foi exibido no dia 1 de junho, pelo <a href=\"http:\/\/redeglobo.globo.com\/globoecologia\/videos\/t\/edicoes\/v\/globo-ecologia-01062013-mobilidade-urbana-integra\/2606701\/\" target=\"_blank\">Globo Ecologia, com o tema \u201cdesafios do tr\u00e2nsito nos m\u00e9dios e grandes centros urbanos brasileiros\u201d.<\/a> Neste s\u00e1bado (8), o <a href=\"http:\/\/redeglobo.globo.com\/globouniversidade\" target=\"_blank\">Globo Universidade<\/a> traz o segundo epis\u00f3dio, que destaca a bicicleta como op\u00e7\u00e3o para as cidades brasileiras.<\/p>\n<p>A rep\u00f3rter Mariana Queiroz vem a Curitiba e mostra que o nosso sistema de transporte p\u00fablico, que j\u00e1 foi modelo para o pa\u00eds, est\u00e1 defasado. Ela tamb\u00e9m conversa com o professor Jos\u00e9 Carlos Belotto, coordenador do projeto Ciclo Vida, da UFPR, e com alunos de pesquisadores da universidade sobre o que a capital paranaense tem feito para propor solu\u00e7\u00f5es para os problemas do tr\u00e2nsito nos grandes centros urbanos brasileiro.<\/p>\n<p>Em abril, <a href=\"http:\/\/redeglobo.globo.com\/rpctv\/sou-mais-bike\/platb\/2013\/04\/24\/parana-tv-falta-de-ciclovias-em-curitiba-dificulta-adesao-a-bicicleta-como-meio-de-transporte\/\" target=\"_blank\">Jos\u00e9 Belotto e alunos da UFPR participaram do Paran\u00e1 TV<\/a> e mostram um pouco das propostas do projeto Ciclo Vida e do trabalho que tem sido desenvolvido pela equipe multidisciplinar que est\u00e1 envolvida com ele. Um dos destaques \u00e9 para o simulador dispon\u00edvel no site do projeto, em que qualquer pessoa pode calcular quantas calorias vai perder, quantos quilos de gases poluentes vai deixar de jogar na atmosfera e quanto vai economizar se usar a bicicleta como meio de transporte.<\/p>\n<p>Agora, todo o Brasil vai poder conhecer o Ciclo Vida e ver como Curitiba est\u00e1 agindo para melhorar a nossa mobilidade urbana.<\/p>\n<p>O <a href=\"http:\/\/redeglobo.globo.com\/globouniversidade\" target=\"_blank\">Globo Universidade<\/a> vai ao ar neste s\u00e1bado, a partir das 7h10, dentro do <a href=\"http:\/\/redeglobo.globo.com\/globocidadania\" target=\"_blank\">Globo Cidadania<\/a>. N\u00e3o perca!<\/p>\n","protected":false},"excerpt":{"rendered":"<p>Por Sou Mais Bike Durante o m\u00eas de junho, o Globo Cidadania est\u00e1 apresentando a s\u00e9rie \u201cMobilidade Urbana\u201d. O primeiro epis\u00f3dio foi exibido no dia 1 de junho, pelo Globo [&hellip;]<\/p>\n","protected":false},"author":5,"featured_media":0,"comment_status":"open","ping_status":"open","sticky":false,"template":"","format":"standard","meta":{"_uag_custom_page_level_css":"","ngg_post_thumbnail":0,"footnotes":""},"categories":[17,1],"tags":[],"class_list":["post-1456","post","type-post","status-publish","format-standard","hentry","category-clipping","category-noticias"],"gutentor_comment":7,"featured_image_src":"","featured_image_src_square":false,"author_info":{"display_name":"paulabianchi","author_link":"https:\/\/ciclovida.ufpr.br\/?author=5"},"rbea_author_info":{"display_name":"paulabianchi","author_link":"https:\/\/ciclovida.ufpr.br\/?author=5"},"rbea_excerpt_info":"Por Sou Mais Bike Durante o m\u00eas de junho, o Globo Cidadania est\u00e1 apresentando a s\u00e9rie \u201cMobilidade Urbana\u201d. O primeiro epis\u00f3dio foi exibido no dia 1 de junho, pelo Globo [&hellip;]","category_list":"<a href=\"https:\/\/ciclovida.ufpr.br\/?cat=17\" rel=\"category\">Clipping<\/a>, <a href=\"https:\/\/ciclovida.ufpr.br\/?cat=1\" rel=\"category\">Not\u00edcias<\/a>","comments_num":"0 comments","uagb_featured_image_src":{"full":false,"thumbnail":false,"medium":false,"medium_large":false,"large":false,"1536x1536":false,"2048x2048":false,"post-thumbnail":false,"twentytwenty-fullscreen":false},"uagb_author_info":{"display_name":"paulabianchi","author_link":"https:\/\/ciclovida.ufpr.br\/?author=5"},"uagb_comment_info":7,"uagb_excerpt":"Por Sou Mais Bike Durante o m\u00eas de junho, o Globo Cidadania est\u00e1 apresentando a s\u00e9rie \u201cMobilidade Urbana\u201d. O primeiro epis\u00f3dio foi exibido no dia 1 de junho, pelo Globo [&hellip;]","wps_subtitle":"","_links":{"self":[{"href":"https:\/\/ciclovida.ufpr.br\/index.php?rest_route=\/wp\/v2\/posts\/1456","targetHints":{"allow":["GET"]}}],"collection":[{"href":"https:\/\/ciclovida.ufpr.br\/index.php?rest_route=\/wp\/v2\/posts"}],"about":[{"href":"https:\/\/ciclovida.ufpr.br\/index.php?rest_route=\/wp\/v2\/types\/post"}],"author":[{"embeddable":true,"href":"https:\/\/ciclovida.ufpr.br\/index.php?rest_route=\/wp\/v2\/users\/5"}],"replies":[{"embeddable":true,"href":"https:\/\/ciclovida.ufpr.br\/index.php?rest_route=%2Fwp%2Fv2%2Fcomments&post=1456"}],"version-history":[{"count":3,"href":"https:\/\/ciclovida.ufpr.br\/index.php?rest_route=\/wp\/v2\/posts\/1456\/revisions"}],"predecessor-version":[{"id":1568,"href":"https:\/\/ciclovida.ufpr.br\/index.php?rest_route=\/wp\/v2\/posts\/1456\/revisions\/1568"}],"wp:attachment":[{"href":"https:\/\/ciclovida.ufpr.br\/index.php?rest_route=%2Fwp%2Fv2%2Fmedia&parent=1456"}],"wp:term":[{"taxonomy":"category","embeddable":true,"href":"https:\/\/ciclovida.ufpr.br\/index.php?rest_route=%2Fwp%2Fv2%2Fcategories&post=1456"},{"taxonomy":"post_tag","embeddable":true,"href":"https:\/\/ciclovida.ufpr.br\/index.php?rest_route=%2Fwp%2Fv2%2Ftags&post=1456"}],"curies":[{"name":"wp","href":"https:\/\/api.w.org\/{rel}","templated":true}]}}