{"id":1448,"date":"2013-06-05T17:42:43","date_gmt":"2013-06-05T20:42:43","guid":{"rendered":"https:\/\/ciclovida.ufpr.br\/?p=1448"},"modified":"2013-06-30T16:55:46","modified_gmt":"2013-06-30T19:55:46","slug":"mais-voce-lista-regras-para-aumentar-seguranca-de-ciclistas-nas-metropoles","status":"publish","type":"post","link":"https:\/\/ciclovida.ufpr.br\/?p=1448","title":{"rendered":"Mais Voc\u00ea lista regras para aumentar seguran\u00e7a de ciclistas nas metr\u00f3poles"},"content":{"rendered":"<p>Por <strong><a href=\"http:\/\/tvg.globo.com\/programas\/mais-voce\/O-programa\/noticia\/2013\/06\/mais-voce-lista-regras-para-aumentar-seguranca-de-ciclistas-nas-metropoles.html\">Mais Voc\u00ea<\/a><\/strong><\/p>\n<p>Asfalto ruim, desrespeito de motoristas, falta de ciclovia ou desconhecimento das leis de tr\u00e2nsito. O que n\u00e3o faltam s\u00e3o motivos para o n\u00famero crescente de acidentes com ciclistas nas grandes cidades. Al\u00e9m de acompanhar um dia na vida do consultor de vendas M\u00e1rcio Santos, do Rio de Janeiro, que todos os dias vai pedalando de casa para o trabalho, Ana Maria mostrou um modelo de bicicleta desmont\u00e1vel ultramoderno. A apresentadora se &#8220;arriscou&#8221; na pedalada e ressaltou: &#8220;Parece uma nave espacial, eu n\u00e3o estou com roupa apropriada para isso. O pre\u00e7o \u00e9 salgado, custa cerca de R$ 7.600&#8221;,\u00a0 informou ela.<\/p>\n<p style=\"text-align: center;\"><a href=\"https:\/\/ciclovida.ufpr.br\/wp-content\/uploads\/2013\/06\/ana_na_bicicleta_montagem.jpg\"><img loading=\"lazy\" decoding=\"async\" class=\"aligncenter  wp-image-1449\" alt=\"ana_na_bicicleta_montagem\" src=\"https:\/\/ciclovida.ufpr.br\/wp-content\/uploads\/2013\/06\/ana_na_bicicleta_montagem.jpg\" width=\"502\" height=\"405\" srcset=\"https:\/\/ciclovida.ufpr.br\/wp-content\/uploads\/2013\/06\/ana_na_bicicleta_montagem.jpg 620w, https:\/\/ciclovida.ufpr.br\/wp-content\/uploads\/2013\/06\/ana_na_bicicleta_montagem-300x241.jpg 300w\" sizes=\"auto, (max-width: 502px) 100vw, 502px\" \/><\/a><\/p>\n<p><strong>O Mais Voc\u00ea listou algumas regrinhas b\u00e1sicas para aumentar a seguran\u00e7a dos ciclistas:<\/strong><\/p>\n<p>&#8211; Por lei, o canto da via \u00e9 do ciclista. Os carros precisam manter pelo menos 1,5 metro de dist\u00e2ncia de quem est\u00e1 pedalando;<br \/>\n&#8211; Pedale sempre na mesma m\u00e3o de dire\u00e7\u00e3o dos carros. Andando na contram\u00e3o, a velocidade do ciclista somada com a do carro \u00e9 sin\u00f4nimo de acidente fatal;<br \/>\n&#8211; O ciclista s\u00f3 pode andar na cal\u00e7ada onde haja sinaliza\u00e7\u00e3o indicando que \u00e9 permitido;<br \/>\n&#8211; Procure vias mais tranquilas para pedalar;<br \/>\n&#8211; Fique atento \u00e0s portas dos carros! Se algu\u00e9m abri-la, quando o ciclista estiver passando, \u00e9 acidente na certa;<\/p>\n<p>&#8211; Respeite a sinaliza\u00e7\u00e3o quando mandar parar. N\u00e3o s\u00e3o s\u00f3 os carros e motos que devem obedecer \u00e0s regras;<br \/>\n&#8211; Para virar \u00e0 direita ou esquerda, sinalize com as m\u00e3os;<br \/>\n&#8211; N\u00e3o pedale perto do meio-fio porque pode cair. O ideal \u00e9 vir quase no meio da faixa. \u00c9 seguro por lei;<br \/>\n&#8211; De acordo com o C\u00f3digo Brasileiro de Tr\u00e2nsito, se o tr\u00e1fego parar, o ciclista pode sim ultrapassar no meio dos carros. Quando os carros voltarem a andar, o ciclista volta para a sua faixa;<br \/>\n&#8211; Quando tem acostamento, o ideal \u00e9 pedalar l\u00e1;<br \/>\n&#8211; Aten\u00e7\u00e3o! Quando tiver um carro parado na via, o ciclista tem que ir para o meio da rua e corre o risco de ser atropelado;<\/p>\n<p>&#8211; Ao desembarcar da bicicleta, atravesse sempre na faixa!<\/p>\n<p><strong>Itens obrigat\u00f3rios<\/strong><br \/>\nOs ciclistas tamb\u00e9m devem cumprir algumas regrinhas b\u00e1sicas de tr\u00e2nsito! De acordo com o C\u00f3digo de Tr\u00e2nsito Brasileiro, todas as bicicletas com aro superior a 20 dever\u00e3o ter, obrigatoriamente, espelho retrovisor do lado esquerdo, campainha e sinaliza\u00e7\u00e3o noturna retro-refletora na dianteira, traseira e lateral do ve\u00edculo.<\/p>\n<p>Al\u00e9m dos equipamentos que devem ser instalados, \u00e9 sempre recomendado que o ciclista use luvas e, l\u00f3gico, capacete! As luvas ajudam a minimizar o trepidar do guid\u00e3o e protegem as m\u00e3os no caso de uma queda.<\/p>\n<p><strong>Infra\u00e7\u00f5es contra ciclistas geram multas<\/strong><br \/>\nPouco ou quase nenhum motorista sabe, mas, al\u00e9m de falta de educa\u00e7\u00e3o, algumas atitudes como colar na traseira da bicicleta ou empurrar o ciclista para a cal\u00e7ada s\u00e3o infra\u00e7\u00f5es de tr\u00e2nsito e geram multas e perda de pontos na carteira de habilita\u00e7\u00e3o. Fique ligado!<\/p>\n<p>&#8211; N\u00e3o guardar a dist\u00e2ncia lateral de 1,5 metro ao ultrapassar uma bicicleta \u00e9 uma infra\u00e7\u00e3o m\u00e9dia. Multa de R$ 85,13 e perda de quatro pontos na carteira.<br \/>\n&#8211; Colar na traseira da bicicleta ou prensar o ciclista contra a cal\u00e7ada \u00e9 infra\u00e7\u00e3o grave. Multa de R$ 127,69, al\u00e9m de o motorista perder cinco pontos na carteira.<br \/>\n&#8211; Ultrapassar uma bicicleta em alta velocidade tamb\u00e9m \u00e9 infra\u00e7\u00e3o grave. Multa de R$ 127,69 e perda de cinco pontos.<br \/>\n&#8211; Amea\u00e7ar o ciclista com o carro \u00e9 infra\u00e7\u00e3o grav\u00edssima. O motorista leva multa de R$ 191,54, perde sete pontos na carteira\u00a0 e ainda pode ter o direito de dirigir suspenso.<\/p>\n<p>Confira os videos no <a href=\"http:\/\/tvg.globo.com\/programas\/mais-voce\/O-programa\/noticia\/2013\/06\/mais-voce-lista-regras-para-aumentar-seguranca-de-ciclistas-nas-metropoles.html\">site do Mais Voc\u00ea<\/a><\/p>\n<p>&nbsp;<\/p>\n<p>&nbsp;<\/p>\n","protected":false},"excerpt":{"rendered":"<p>Por Mais Voc\u00ea Asfalto ruim, desrespeito de motoristas, falta de ciclovia ou desconhecimento das leis de tr\u00e2nsito. O que n\u00e3o faltam s\u00e3o motivos para o n\u00famero crescente de acidentes com [&hellip;]<\/p>\n","protected":false},"author":5,"featured_media":0,"comment_status":"open","ping_status":"open","sticky":false,"template":"","format":"standard","meta":{"_uag_custom_page_level_css":"","ngg_post_thumbnail":0,"footnotes":""},"categories":[1],"tags":[],"class_list":["post-1448","post","type-post","status-publish","format-standard","hentry","category-noticias"],"gutentor_comment":1,"featured_image_src":"","featured_image_src_square":false,"author_info":{"display_name":"paulabianchi","author_link":"https:\/\/ciclovida.ufpr.br\/?author=5"},"rbea_author_info":{"display_name":"paulabianchi","author_link":"https:\/\/ciclovida.ufpr.br\/?author=5"},"rbea_excerpt_info":"Por Mais Voc\u00ea Asfalto ruim, desrespeito de motoristas, falta de ciclovia ou desconhecimento das leis de tr\u00e2nsito. O que n\u00e3o faltam s\u00e3o motivos para o n\u00famero crescente de acidentes com [&hellip;]","category_list":"<a href=\"https:\/\/ciclovida.ufpr.br\/?cat=1\" rel=\"category\">Not\u00edcias<\/a>","comments_num":"0 comments","uagb_featured_image_src":{"full":false,"thumbnail":false,"medium":false,"medium_large":false,"large":false,"1536x1536":false,"2048x2048":false,"post-thumbnail":false,"twentytwenty-fullscreen":false},"uagb_author_info":{"display_name":"paulabianchi","author_link":"https:\/\/ciclovida.ufpr.br\/?author=5"},"uagb_comment_info":1,"uagb_excerpt":"Por Mais Voc\u00ea Asfalto ruim, desrespeito de motoristas, falta de ciclovia ou desconhecimento das leis de tr\u00e2nsito. O que n\u00e3o faltam s\u00e3o motivos para o n\u00famero crescente de acidentes com [&hellip;]","wps_subtitle":"","_links":{"self":[{"href":"https:\/\/ciclovida.ufpr.br\/index.php?rest_route=\/wp\/v2\/posts\/1448","targetHints":{"allow":["GET"]}}],"collection":[{"href":"https:\/\/ciclovida.ufpr.br\/index.php?rest_route=\/wp\/v2\/posts"}],"about":[{"href":"https:\/\/ciclovida.ufpr.br\/index.php?rest_route=\/wp\/v2\/types\/post"}],"author":[{"embeddable":true,"href":"https:\/\/ciclovida.ufpr.br\/index.php?rest_route=\/wp\/v2\/users\/5"}],"replies":[{"embeddable":true,"href":"https:\/\/ciclovida.ufpr.br\/index.php?rest_route=%2Fwp%2Fv2%2Fcomments&post=1448"}],"version-history":[{"count":3,"href":"https:\/\/ciclovida.ufpr.br\/index.php?rest_route=\/wp\/v2\/posts\/1448\/revisions"}],"predecessor-version":[{"id":1517,"href":"https:\/\/ciclovida.ufpr.br\/index.php?rest_route=\/wp\/v2\/posts\/1448\/revisions\/1517"}],"wp:attachment":[{"href":"https:\/\/ciclovida.ufpr.br\/index.php?rest_route=%2Fwp%2Fv2%2Fmedia&parent=1448"}],"wp:term":[{"taxonomy":"category","embeddable":true,"href":"https:\/\/ciclovida.ufpr.br\/index.php?rest_route=%2Fwp%2Fv2%2Fcategories&post=1448"},{"taxonomy":"post_tag","embeddable":true,"href":"https:\/\/ciclovida.ufpr.br\/index.php?rest_route=%2Fwp%2Fv2%2Ftags&post=1448"}],"curies":[{"name":"wp","href":"https:\/\/api.w.org\/{rel}","templated":true}]}}