{"id":1446,"date":"2013-06-04T17:38:32","date_gmt":"2013-06-04T20:38:32","guid":{"rendered":"https:\/\/ciclovida.ufpr.br\/?p=1446"},"modified":"2013-06-04T17:38:32","modified_gmt":"2013-06-04T20:38:32","slug":"brasileiro-cria-dispositivo-que-faz-qualquer-bicicleta-gerar-energia","status":"publish","type":"post","link":"https:\/\/ciclovida.ufpr.br\/?p=1446","title":{"rendered":"Brasileiro cria dispositivo que faz qualquer bicicleta gerar energia"},"content":{"rendered":"<p>Por <strong>Jornal Meio Ambiente<\/strong><\/p>\n<div id=\"texto\">\n<p style=\"text-align: justify;\">O inventor brasileiro Jos\u00e9 Carlos Armelin \u00e9 o respons\u00e1vel pela cria\u00e7\u00e3o de um dispositivo capaz de gerar energia a partir das pedaladas. O rolo de treino \u00e9 instalado em qualquer bicicleta e produz eletricidade para manter diversos equipamentos em funcionamento.<\/p>\n<p style=\"text-align: justify;\">\u201cEste produto foi criado para estimular a pratica atividade f\u00edsica dentro de casa e ainda se entreter com a energia el\u00e9trica gerada, al\u00e9m \u00e9 claro de fazer muito bem a sa\u00fade\u201d, conta o inventor e professor Jos\u00e9 Carlos Armelin, mesmo criador da tecnologia sustent\u00e1vel usada h\u00e1 mais de cinco anos pela Banda CO2 Zero, que faz shows com a energia gerada atrav\u00e9s das pedaladas.<\/p>\n<p style=\"text-align: justify;\">A voltagem gerada pelo sistema \u00e9 de 14,5 VCC, que, ao passar por um inversor de tens\u00e3o, \u00e9 transformada em 115 Volts. Neste formato, a eletricidade pode energizar os eletr\u00f4nicos residenciais.<\/p>\n<p style=\"text-align: justify;\">O montante produzido por ser utilizado no mesmo instante ou armazenado em baterias para abastecer TVs de LED, aparelhos de som, ilumina\u00e7\u00e3o, cubos de guitarra, amplificador de voz, games, recarregar celulares, notebooks, iPads, iPhones, Tablets e eletr\u00f4nicos em geral.<\/p>\n<p style=\"text-align: justify;\">A capacidade total de gera\u00e7\u00e3o do sistema pode chegar a 150 watts, o suficiente para fazer funcionar um TV LED de 42\u201d ou ainda recarregar\u00a0 40 celulares ao mesmo tempo. Por depender do esfor\u00e7o f\u00edsico de quem pedala a bicicleta, a quantidade de eletricidade produzida est\u00e1 diretamente relacionada \u00e0 ao preparo de quem pedala. Pessoas sedent\u00e1rias normalmente geram apenas 50 watts, mas depois de treinar poder\u00e3o alcan\u00e7ar a capacidade total.<\/p>\n<p style=\"text-align: justify;\">Nas escolas este equipamento tem grande aplica\u00e7\u00e3o did\u00e1tica, podendo tem ser conceito e funcionamento trabalhado nas aulas de f\u00edsica, matem\u00e1tica e educa\u00e7\u00e3o ambiental nos temas energia, sustentabilidade e efici\u00eancia energ\u00e9tica.<\/p>\n<p style=\"text-align: justify;\">O invento vem sendo preparado para atender a academias que queiram economizar na conta de luz. A ideia \u00e9 permitir que os usu\u00e1rios utilizem suas bicicletas injetar a energia produzida na rede el\u00e9trica do estabelecimento, fazendo com que o valor da conta de luz diminua.<\/p>\n<p style=\"text-align: justify;\">Este produto tem a patente requerida no Brasil \u00e9 j\u00e1 esta sendo comercializado. Mais informa\u00e7\u00f5es pelo <strong><a href=\"http:\/\/pedalsustentavel.com.br\/\" target=\"_blank\">www.pedalsustentavel.com.br<\/a>.<\/strong><\/p>\n<\/div>\n","protected":false},"excerpt":{"rendered":"<p>Por Jornal Meio Ambiente O inventor brasileiro Jos\u00e9 Carlos Armelin \u00e9 o respons\u00e1vel pela cria\u00e7\u00e3o de um dispositivo capaz de gerar energia a partir das pedaladas. O rolo de treino [&hellip;]<\/p>\n","protected":false},"author":5,"featured_media":0,"comment_status":"open","ping_status":"open","sticky":false,"template":"","format":"standard","meta":{"_uag_custom_page_level_css":"","ngg_post_thumbnail":0,"footnotes":""},"categories":[1],"tags":[],"class_list":["post-1446","post","type-post","status-publish","format-standard","hentry","category-noticias"],"gutentor_comment":8,"featured_image_src":"","featured_image_src_square":false,"author_info":{"display_name":"paulabianchi","author_link":"https:\/\/ciclovida.ufpr.br\/?author=5"},"rbea_author_info":{"display_name":"paulabianchi","author_link":"https:\/\/ciclovida.ufpr.br\/?author=5"},"rbea_excerpt_info":"Por Jornal Meio Ambiente O inventor brasileiro Jos\u00e9 Carlos Armelin \u00e9 o respons\u00e1vel pela cria\u00e7\u00e3o de um dispositivo capaz de gerar energia a partir das pedaladas. O rolo de treino [&hellip;]","category_list":"<a href=\"https:\/\/ciclovida.ufpr.br\/?cat=1\" rel=\"category\">Not\u00edcias<\/a>","comments_num":"0 comments","uagb_featured_image_src":{"full":false,"thumbnail":false,"medium":false,"medium_large":false,"large":false,"1536x1536":false,"2048x2048":false,"post-thumbnail":false,"twentytwenty-fullscreen":false},"uagb_author_info":{"display_name":"paulabianchi","author_link":"https:\/\/ciclovida.ufpr.br\/?author=5"},"uagb_comment_info":8,"uagb_excerpt":"Por Jornal Meio Ambiente O inventor brasileiro Jos\u00e9 Carlos Armelin \u00e9 o respons\u00e1vel pela cria\u00e7\u00e3o de um dispositivo capaz de gerar energia a partir das pedaladas. O rolo de treino [&hellip;]","wps_subtitle":"","_links":{"self":[{"href":"https:\/\/ciclovida.ufpr.br\/index.php?rest_route=\/wp\/v2\/posts\/1446","targetHints":{"allow":["GET"]}}],"collection":[{"href":"https:\/\/ciclovida.ufpr.br\/index.php?rest_route=\/wp\/v2\/posts"}],"about":[{"href":"https:\/\/ciclovida.ufpr.br\/index.php?rest_route=\/wp\/v2\/types\/post"}],"author":[{"embeddable":true,"href":"https:\/\/ciclovida.ufpr.br\/index.php?rest_route=\/wp\/v2\/users\/5"}],"replies":[{"embeddable":true,"href":"https:\/\/ciclovida.ufpr.br\/index.php?rest_route=%2Fwp%2Fv2%2Fcomments&post=1446"}],"version-history":[{"count":1,"href":"https:\/\/ciclovida.ufpr.br\/index.php?rest_route=\/wp\/v2\/posts\/1446\/revisions"}],"predecessor-version":[{"id":1447,"href":"https:\/\/ciclovida.ufpr.br\/index.php?rest_route=\/wp\/v2\/posts\/1446\/revisions\/1447"}],"wp:attachment":[{"href":"https:\/\/ciclovida.ufpr.br\/index.php?rest_route=%2Fwp%2Fv2%2Fmedia&parent=1446"}],"wp:term":[{"taxonomy":"category","embeddable":true,"href":"https:\/\/ciclovida.ufpr.br\/index.php?rest_route=%2Fwp%2Fv2%2Fcategories&post=1446"},{"taxonomy":"post_tag","embeddable":true,"href":"https:\/\/ciclovida.ufpr.br\/index.php?rest_route=%2Fwp%2Fv2%2Ftags&post=1446"}],"curies":[{"name":"wp","href":"https:\/\/api.w.org\/{rel}","templated":true}]}}