{"id":1419,"date":"2013-05-22T10:43:26","date_gmt":"2013-05-22T13:43:26","guid":{"rendered":"https:\/\/ciclovida.ufpr.br\/?p=1419"},"modified":"2013-05-20T21:46:39","modified_gmt":"2013-05-21T00:46:39","slug":"veiculos-sustentaveis-como-as-bicicletas-tendem-a-ganhar-cada-vez-mais-espaco-nas-grandes-cidades","status":"publish","type":"post","link":"https:\/\/ciclovida.ufpr.br\/?p=1419","title":{"rendered":"Ve\u00edculos sustent\u00e1veis, como as bicicletas, tendem a ganhar cada vez mais espa\u00e7o nas grandes cidades"},"content":{"rendered":"<p>Por <a href=\"http:\/\/jcrs.uol.com.br\/site\/\">Jornal do Com\u00e9rcio\/UOL<\/a><\/p>\n<p style=\"text-align: justify;\">Os constantes congestionamentos nas grandes cidades e o impacto ambiental<br \/>\nda movimenta\u00e7\u00e3o de uma frota de milh\u00f5es de ve\u00edculos far\u00e3o com que novas<br \/>\nop\u00e7\u00f5es ao transporte por autom\u00f3veis se desenvolvam. Essa tend\u00eancia foi<br \/>\napontada durante o semin\u00e1rio Sustentabilidade e Mobilidade Urbana,<br \/>\nrealizado pela Organiza\u00e7\u00e3o da Sociedade Civil de Interesse P\u00fablico (Oscip)<br \/>\nTodaVida, na sexta-feira, em Porto Alegre.<\/p>\n<p><a href=\"https:\/\/ciclovida.ufpr.br\/wp-content\/uploads\/2013\/05\/124418_transporte_thumb_medio.jpg\"><img loading=\"lazy\" decoding=\"async\" class=\"alignleft size-full wp-image-1420\" alt=\"124418_transporte_thumb_medio\" src=\"https:\/\/ciclovida.ufpr.br\/wp-content\/uploads\/2013\/05\/124418_transporte_thumb_medio.jpg\" width=\"206\" height=\"137\" \/><\/a>O coordenador do Programa de Extens\u00e3o Ciclovida da Universidade Federal do<br \/>\nParan\u00e1, Jos\u00e9 Carlos Assun\u00e7\u00e3o Belotto, acredita que a realidade atual pode<br \/>\ncome\u00e7ar a mudar atrav\u00e9s do ambiente universit\u00e1rio. Ele destaca que esse \u00e9<br \/>\num espa\u00e7o frequentado por um p\u00fablico formador de opini\u00e3o e jovem. Al\u00e9m<br \/>\ndisso, o tema da mobilidade sustent\u00e1vel tem se inserido no meio acad\u00eamico,<br \/>\ncom o desenvolvimento de pesquisas.<\/p>\n<p>Belotto defende que as universidades precisam estar na vanguarda do<br \/>\nmovimento de transforma\u00e7\u00e3o que a sociedade dever\u00e1 adotar. \u201cO que vivemos<br \/>\nhoje \u00e9 uma cultura do autom\u00f3vel e, por consequ\u00eancia, ela tamb\u00e9m acompanha<br \/>\nos t\u00e9cnicos que trabalham na quest\u00e3o do tr\u00e2nsito e pol\u00edticos\u201d, salienta o<br \/>\ncoordenador do Ciclovida. Ele pondera que, se foi a sociedade que criou o<br \/>\nproblema, ela tamb\u00e9m tem condi\u00e7\u00f5es de resolv\u00ea-lo. No entanto, Belotto<br \/>\nadmite que se trata de um processo lento, pois a economia precisa girar e a<br \/>\nind\u00fastria automobil\u00edstica exerce uma importante fun\u00e7\u00e3o nesse sentido.<\/p>\n<p>O coordenador do Ciclovida diz que, aos poucos, a humanidade ter\u00e1 que dar<br \/>\nvalor a atividades menos poluidoras, que afetem menos a qualidade de vida<br \/>\nno planeta. \u201cO autom\u00f3vel chegou a um ponto que tem que ter seu uso<br \/>\nrepensado, n\u00e3o somos contra as pessoas terem carro, mas que o utilizem com<br \/>\nmodera\u00e7\u00e3o\u201d, ressalta Belotto. Ele sugere que seja mais bem aproveitado o<br \/>\nespa\u00e7o dentro do carro, evitando que o ve\u00edculo transporte apenas uma<br \/>\npessoa, que dist\u00e2ncias curtas sejam percorridas a p\u00e9 ou com bicicletas,<br \/>\nassim como a utiliza\u00e7\u00e3o do transporte coletivo.<\/p>\n<p>Sobre o autom\u00f3vel ainda ser um bem de consumo muito desej\u00e1vel, Belotto n\u00e3o<br \/>\ndescarta a possibilidade de isso mudar. Ele recorda que o ex-prefeito de<br \/>\nCuritiba e governador do Paran\u00e1 Jaime Lerner j\u00e1 declarou que o carro \u00e9 o<br \/>\ncigarro do futuro. O coordenador do Ciclovida salienta que, h\u00e1 30 anos,<br \/>\nnunca se imaginaria que se proibiria o fumo dentro de cinemas, \u00f4nibus,<br \/>\nrestaurantes etc. Para ele, o autom\u00f3vel acabar\u00e1 \u201cmatando\u201d a efici\u00eancia do<br \/>\npr\u00f3prio autom\u00f3vel, que seria o usu\u00e1rio mover-se com rapidez e n\u00e3o se<br \/>\nestressar com o deslocamento. Essas vantagens est\u00e3o desaparecendo devido ao<br \/>\nac\u00famulo de carros nas vias urbanas. Belotto enfatiza tamb\u00e9m que a ind\u00fastria<br \/>\nautomobil\u00edstica est\u00e1 preocupada com o comportamento da juventude europeia,<br \/>\nque n\u00e3o pensa que seja t\u00e3o importante acumular bens e prefere gastar com<br \/>\ncultura e viagens.<\/p>\n<p>Para o coordenador do Ciclovida, o segredo de uma mobilidade adequada \u00e9 ter<br \/>\nv\u00e1rias op\u00e7\u00f5es de transporte (coletivo, bicicletas etc). Ele ainda alerta<br \/>\nque, se a ideia for querer enfrentar os congestionamentos alargando ruas,<br \/>\nisso ser\u00e1 como combater a obesidade soltando o cinto. Haver\u00e1 um conforto<br \/>\nmoment\u00e2neo, por\u00e9m a causa do problema n\u00e3o ser\u00e1 superada e o \u201ccinto\u201d logo<br \/>\nvoltar\u00e1 a apertar. O professor do Laborat\u00f3rio de Sistemas de Transportes<br \/>\n(Lastran) da Ufrgs Fernando Dutra Michel diz que o carro continua sendo um<br \/>\nsonho de consumo da popula\u00e7\u00e3o.<\/p>\n<p>\u201cA grande dificuldade \u00e9 como o autom\u00f3vel vai circular\u201d, adverte o<br \/>\nprofessor. Ele concorda que o ideal \u00e9 trabalhar no \u201ccomo\u201d usar o autom\u00f3vel.<br \/>\nO especialista refor\u00e7a que \u00e9 preciso desenvolver uma cultura sobre isso e<br \/>\nacrescenta que os alunos das universidades est\u00e3o demonstrando preocupa\u00e7\u00e3o<br \/>\ncom a sustentabilidade no setor de transportes. Michel cita a bicicleta<br \/>\ncomo uma boa alternativa que vem surgindo. Ele afirma que Porto Alegre tem<br \/>\ncondi\u00e7\u00f5es de implementar um conjunto de ciclovias que permita condi\u00e7\u00f5es de<br \/>\nmobilidade para todos.<\/p>\n<p>A presidente da Oscip TodaVida, a engenheira Ligia Miranda, cr\u00ea que, se a<br \/>\nsociedade cobrar, \u00e9 poss\u00edvel expandir as ciclovias, melhorar as cal\u00e7adas e<br \/>\nutilizar o transporte hidrovi\u00e1rio. Ela argumenta que a desacelera\u00e7\u00e3o da<br \/>\nind\u00fastria automobil\u00edstica seria compensada com o crescimento dos segmentos<br \/>\nde \u00f4nibus, trens, entre outros. \u201cO carro n\u00e3o \u00e9 o vil\u00e3o, mas, sim, o mau<br \/>\nuso; \u00e9 preciso integrar e tornar seguros todos os meios de transportes\u201d,<br \/>\ndiz Ligia. Ela defende que sejam dadas op\u00e7\u00f5es de v\u00e1rios meios de transporte<br \/>\ncoletivo para \u201ccaber no bolso de cada um\u201d, atraindo p\u00fablicos com diferentes<br \/>\ncondi\u00e7\u00f5es financeiras.<\/p>\n","protected":false},"excerpt":{"rendered":"<p>Por Jornal do Com\u00e9rcio\/UOL Os constantes congestionamentos nas grandes cidades e o impacto ambiental da movimenta\u00e7\u00e3o de uma frota de milh\u00f5es de ve\u00edculos far\u00e3o com que novas op\u00e7\u00f5es ao transporte [&hellip;]<\/p>\n","protected":false},"author":5,"featured_media":0,"comment_status":"open","ping_status":"open","sticky":false,"template":"","format":"standard","meta":{"_uag_custom_page_level_css":"","ngg_post_thumbnail":0,"footnotes":""},"categories":[1],"tags":[],"class_list":["post-1419","post","type-post","status-publish","format-standard","hentry","category-noticias"],"gutentor_comment":4,"featured_image_src":"","featured_image_src_square":false,"author_info":{"display_name":"paulabianchi","author_link":"https:\/\/ciclovida.ufpr.br\/?author=5"},"rbea_author_info":{"display_name":"paulabianchi","author_link":"https:\/\/ciclovida.ufpr.br\/?author=5"},"rbea_excerpt_info":"Por Jornal do Com\u00e9rcio\/UOL Os constantes congestionamentos nas grandes cidades e o impacto ambiental da movimenta\u00e7\u00e3o de uma frota de milh\u00f5es de ve\u00edculos far\u00e3o com que novas op\u00e7\u00f5es ao transporte [&hellip;]","category_list":"<a href=\"https:\/\/ciclovida.ufpr.br\/?cat=1\" rel=\"category\">Not\u00edcias<\/a>","comments_num":"0 comments","uagb_featured_image_src":{"full":false,"thumbnail":false,"medium":false,"medium_large":false,"large":false,"1536x1536":false,"2048x2048":false,"post-thumbnail":false,"twentytwenty-fullscreen":false},"uagb_author_info":{"display_name":"paulabianchi","author_link":"https:\/\/ciclovida.ufpr.br\/?author=5"},"uagb_comment_info":4,"uagb_excerpt":"Por Jornal do Com\u00e9rcio\/UOL Os constantes congestionamentos nas grandes cidades e o impacto ambiental da movimenta\u00e7\u00e3o de uma frota de milh\u00f5es de ve\u00edculos far\u00e3o com que novas op\u00e7\u00f5es ao transporte [&hellip;]","wps_subtitle":"","_links":{"self":[{"href":"https:\/\/ciclovida.ufpr.br\/index.php?rest_route=\/wp\/v2\/posts\/1419","targetHints":{"allow":["GET"]}}],"collection":[{"href":"https:\/\/ciclovida.ufpr.br\/index.php?rest_route=\/wp\/v2\/posts"}],"about":[{"href":"https:\/\/ciclovida.ufpr.br\/index.php?rest_route=\/wp\/v2\/types\/post"}],"author":[{"embeddable":true,"href":"https:\/\/ciclovida.ufpr.br\/index.php?rest_route=\/wp\/v2\/users\/5"}],"replies":[{"embeddable":true,"href":"https:\/\/ciclovida.ufpr.br\/index.php?rest_route=%2Fwp%2Fv2%2Fcomments&post=1419"}],"version-history":[{"count":2,"href":"https:\/\/ciclovida.ufpr.br\/index.php?rest_route=\/wp\/v2\/posts\/1419\/revisions"}],"predecessor-version":[{"id":1422,"href":"https:\/\/ciclovida.ufpr.br\/index.php?rest_route=\/wp\/v2\/posts\/1419\/revisions\/1422"}],"wp:attachment":[{"href":"https:\/\/ciclovida.ufpr.br\/index.php?rest_route=%2Fwp%2Fv2%2Fmedia&parent=1419"}],"wp:term":[{"taxonomy":"category","embeddable":true,"href":"https:\/\/ciclovida.ufpr.br\/index.php?rest_route=%2Fwp%2Fv2%2Fcategories&post=1419"},{"taxonomy":"post_tag","embeddable":true,"href":"https:\/\/ciclovida.ufpr.br\/index.php?rest_route=%2Fwp%2Fv2%2Ftags&post=1419"}],"curies":[{"name":"wp","href":"https:\/\/api.w.org\/{rel}","templated":true}]}}