{"id":1415,"date":"2013-05-21T11:00:39","date_gmt":"2013-05-21T14:00:39","guid":{"rendered":"https:\/\/ciclovida.ufpr.br\/?p=1415"},"modified":"2013-05-22T11:09:31","modified_gmt":"2013-05-22T14:09:31","slug":"vou-de-bike-2","status":"publish","type":"post","link":"https:\/\/ciclovida.ufpr.br\/?p=1415","title":{"rendered":"Vou de Bike!"},"content":{"rendered":"<p><a href=\"https:\/\/ciclovida.ufpr.br\/wp-content\/uploads\/2013\/05\/20130518_105022.jpg\"><img loading=\"lazy\" decoding=\"async\" class=\"alignleft size-medium wp-image-1416\" alt=\"20130518_105022\" src=\"https:\/\/ciclovida.ufpr.br\/wp-content\/uploads\/2013\/05\/20130518_105022-225x300.jpg\" width=\"225\" height=\"300\" srcset=\"https:\/\/ciclovida.ufpr.br\/wp-content\/uploads\/2013\/05\/20130518_105022-225x300.jpg 225w, https:\/\/ciclovida.ufpr.br\/wp-content\/uploads\/2013\/05\/20130518_105022-768x1024.jpg 768w, https:\/\/ciclovida.ufpr.br\/wp-content\/uploads\/2013\/05\/20130518_105022.jpg 1920w\" sizes=\"auto, (max-width: 225px) 100vw, 225px\" \/><\/a>Lourdes de Almeida \u00e9 um grande exemplo para aqueles que dizem ter pregui\u00e7a de andar de bicicleta. Com 71 anos a catarinense de Joa\u00e7aba j\u00e1 pedala h\u00e1 mais de 60, e diz que n\u00e3o pretende parar t\u00e3o cedo!<\/p>\n<p>Ela come\u00e7ou a pedalar quando ainda morava em Mandagua\u00e7u, no interior do Paran\u00e1 e carregava a cachorrinha a cesta da bicicleta. &#8220;Era proibido mulher andar de bicicleta, mas eu aprendi escondido&#8221;, conta. Hoje, morando em Curitiba, ela anda por tudo, n\u00e3o precisa de \u00f4nibus e muito menos de carro. &#8220;Sou muito cuidadosa, nunca ca\u00ed e me machuquei&#8221;, conta com orgulho.<\/p>\n<p>Lourdes afirma que hoje em dia, com o aumento das ciclovias, est\u00e1 bem mais f\u00e1cil pedalar nas grades cidades. Sempre que poss\u00edvel ela prefere as vias destinadas \u00e0s bicicletas, mas n\u00e3o tem problemas em andar na rua. &#8220;S\u00f3 n\u00e3o ando na cal\u00e7ada&#8221;, comenta.<\/p>\n<p>&nbsp;<\/p>\n<p>&nbsp;<\/p>\n","protected":false},"excerpt":{"rendered":"<p>Lourdes de Almeida \u00e9 um grande exemplo para aqueles que dizem ter pregui\u00e7a de andar de bicicleta. Com 71 anos a catarinense de Joa\u00e7aba j\u00e1 pedala h\u00e1 mais de 60, [&hellip;]<\/p>\n","protected":false},"author":5,"featured_media":0,"comment_status":"open","ping_status":"open","sticky":false,"template":"","format":"standard","meta":{"_uag_custom_page_level_css":"","ngg_post_thumbnail":0,"footnotes":""},"categories":[1],"tags":[],"class_list":["post-1415","post","type-post","status-publish","format-standard","hentry","category-noticias"],"gutentor_comment":1,"featured_image_src":"","featured_image_src_square":false,"author_info":{"display_name":"paulabianchi","author_link":"https:\/\/ciclovida.ufpr.br\/?author=5"},"rbea_author_info":{"display_name":"paulabianchi","author_link":"https:\/\/ciclovida.ufpr.br\/?author=5"},"rbea_excerpt_info":"Lourdes de Almeida \u00e9 um grande exemplo para aqueles que dizem ter pregui\u00e7a de andar de bicicleta. Com 71 anos a catarinense de Joa\u00e7aba j\u00e1 pedala h\u00e1 mais de 60, [&hellip;]","category_list":"<a href=\"https:\/\/ciclovida.ufpr.br\/?cat=1\" rel=\"category\">Not\u00edcias<\/a>","comments_num":"0 comments","uagb_featured_image_src":{"full":false,"thumbnail":false,"medium":false,"medium_large":false,"large":false,"1536x1536":false,"2048x2048":false,"post-thumbnail":false,"twentytwenty-fullscreen":false},"uagb_author_info":{"display_name":"paulabianchi","author_link":"https:\/\/ciclovida.ufpr.br\/?author=5"},"uagb_comment_info":1,"uagb_excerpt":"Lourdes de Almeida \u00e9 um grande exemplo para aqueles que dizem ter pregui\u00e7a de andar de bicicleta. Com 71 anos a catarinense de Joa\u00e7aba j\u00e1 pedala h\u00e1 mais de 60, [&hellip;]","wps_subtitle":"","_links":{"self":[{"href":"https:\/\/ciclovida.ufpr.br\/index.php?rest_route=\/wp\/v2\/posts\/1415","targetHints":{"allow":["GET"]}}],"collection":[{"href":"https:\/\/ciclovida.ufpr.br\/index.php?rest_route=\/wp\/v2\/posts"}],"about":[{"href":"https:\/\/ciclovida.ufpr.br\/index.php?rest_route=\/wp\/v2\/types\/post"}],"author":[{"embeddable":true,"href":"https:\/\/ciclovida.ufpr.br\/index.php?rest_route=\/wp\/v2\/users\/5"}],"replies":[{"embeddable":true,"href":"https:\/\/ciclovida.ufpr.br\/index.php?rest_route=%2Fwp%2Fv2%2Fcomments&post=1415"}],"version-history":[{"count":3,"href":"https:\/\/ciclovida.ufpr.br\/index.php?rest_route=\/wp\/v2\/posts\/1415\/revisions"}],"predecessor-version":[{"id":1429,"href":"https:\/\/ciclovida.ufpr.br\/index.php?rest_route=\/wp\/v2\/posts\/1415\/revisions\/1429"}],"wp:attachment":[{"href":"https:\/\/ciclovida.ufpr.br\/index.php?rest_route=%2Fwp%2Fv2%2Fmedia&parent=1415"}],"wp:term":[{"taxonomy":"category","embeddable":true,"href":"https:\/\/ciclovida.ufpr.br\/index.php?rest_route=%2Fwp%2Fv2%2Fcategories&post=1415"},{"taxonomy":"post_tag","embeddable":true,"href":"https:\/\/ciclovida.ufpr.br\/index.php?rest_route=%2Fwp%2Fv2%2Ftags&post=1415"}],"curies":[{"name":"wp","href":"https:\/\/api.w.org\/{rel}","templated":true}]}}