{"id":1408,"date":"2013-05-20T09:08:35","date_gmt":"2013-05-20T12:08:35","guid":{"rendered":"https:\/\/ciclovida.ufpr.br\/?p=1408"},"modified":"2013-05-20T09:08:35","modified_gmt":"2013-05-20T12:08:35","slug":"ciclovida-na-comemoracao-da-rua-da-cidadania-matriz","status":"publish","type":"post","link":"https:\/\/ciclovida.ufpr.br\/?p=1408","title":{"rendered":"Ciclovida na Comemora\u00e7\u00e3o da Rua da Cidadania Matriz"},"content":{"rendered":"<p><em>A vice-prefeita de Curitiba, Mirian Gon\u00e7alves, \u00a0e o presidente da C\u00e2mara de Vereadores, Paulo Salamuni, prestigiaram o projeto<\/em><\/p>\n<p>Por <strong>Paula Bianchi<\/strong><\/p>\n<p><a href=\"https:\/\/ciclovida.ufpr.br\/wp-content\/uploads\/2013\/05\/20130518_094342.jpg\"><img loading=\"lazy\" decoding=\"async\" class=\"alignleft size-medium wp-image-1411\" alt=\"20130518_094342\" src=\"https:\/\/ciclovida.ufpr.br\/wp-content\/uploads\/2013\/05\/20130518_094342-300x225.jpg\" width=\"300\" height=\"225\" srcset=\"https:\/\/ciclovida.ufpr.br\/wp-content\/uploads\/2013\/05\/20130518_094342-300x225.jpg 300w, https:\/\/ciclovida.ufpr.br\/wp-content\/uploads\/2013\/05\/20130518_094342-1024x768.jpg 1024w\" sizes=\"auto, (max-width: 300px) 100vw, 300px\" \/><\/a>No \u00faltimo s\u00e1bado (18) os Curitibanos puderam aproveitar a\u00a0programa\u00e7\u00e3o\u00a0especial realizada na Pra\u00e7a Rui Barbosa em celebra\u00e7\u00e3o aos 16 anos da Rua da Cidadania Matriz. \u00a0Durante o evento, a popula\u00e7\u00e3o p\u00f4de obter a carteira de trabalho e orienta\u00e7\u00f5es sobre temas como educa\u00e7\u00e3o para o tr\u00e2nsito, sa\u00fade, educa\u00e7\u00e3o ambiental e direitos da mulher. Um bolo comemorativo tamb\u00e9m foi distribu\u00eddo dentro da Rua da\u00a0Cidadania.<\/p>\n<p>O Programa Ciclovida esteve presente para distribuir a sua mais nova publica\u00e7\u00e3o: O Manual do Ciclista &#8211; Pedalando na Cidade. Al\u00e9m da vice-prefeita Mirian Gon\u00e7alves, que foi ao estande e ficou bastante interessada no Programa, o presidente da C\u00e2mara de Vereadores, Paulo Salamuni dedicou um tempo especial ao Ciclovida.<br \/>\nJunto com o coordenador Jos\u00e9 Carlo Belotto, ele conversou sobre pol\u00edticas p\u00fablicas relacionadas ao tr\u00e2nsito e \u00e0 mobilidade sustent\u00e1vel.<\/p>\n<p><a href=\"https:\/\/ciclovida.ufpr.br\/wp-content\/uploads\/2013\/05\/20130518_094228.jpg\"><img loading=\"lazy\" decoding=\"async\" class=\"aligncenter size-medium wp-image-1409\" alt=\"20130518_094228\" src=\"https:\/\/ciclovida.ufpr.br\/wp-content\/uploads\/2013\/05\/20130518_094228-300x225.jpg\" width=\"300\" height=\"225\" srcset=\"https:\/\/ciclovida.ufpr.br\/wp-content\/uploads\/2013\/05\/20130518_094228-300x225.jpg 300w, https:\/\/ciclovida.ufpr.br\/wp-content\/uploads\/2013\/05\/20130518_094228-1024x768.jpg 1024w\" sizes=\"auto, (max-width: 300px) 100vw, 300px\" \/><\/a><\/p>\n<p><a href=\"https:\/\/ciclovida.ufpr.br\/wp-content\/uploads\/2013\/05\/20130518_094243.jpg\"><img loading=\"lazy\" decoding=\"async\" class=\"aligncenter size-medium wp-image-1410\" alt=\"20130518_094243\" src=\"https:\/\/ciclovida.ufpr.br\/wp-content\/uploads\/2013\/05\/20130518_094243-300x225.jpg\" width=\"300\" height=\"225\" srcset=\"https:\/\/ciclovida.ufpr.br\/wp-content\/uploads\/2013\/05\/20130518_094243-300x225.jpg 300w, https:\/\/ciclovida.ufpr.br\/wp-content\/uploads\/2013\/05\/20130518_094243-1024x768.jpg 1024w\" sizes=\"auto, (max-width: 300px) 100vw, 300px\" \/><\/a><\/p>\n<p><a href=\"https:\/\/ciclovida.ufpr.br\/wp-content\/uploads\/2013\/05\/20130518_111015.jpg\"><img loading=\"lazy\" decoding=\"async\" class=\"aligncenter size-medium wp-image-1412\" alt=\"20130518_111015\" src=\"https:\/\/ciclovida.ufpr.br\/wp-content\/uploads\/2013\/05\/20130518_111015-300x225.jpg\" width=\"300\" height=\"225\" srcset=\"https:\/\/ciclovida.ufpr.br\/wp-content\/uploads\/2013\/05\/20130518_111015-300x225.jpg 300w, https:\/\/ciclovida.ufpr.br\/wp-content\/uploads\/2013\/05\/20130518_111015-1024x768.jpg 1024w\" sizes=\"auto, (max-width: 300px) 100vw, 300px\" \/><\/a><\/p>\n","protected":false},"excerpt":{"rendered":"<p>A vice-prefeita de Curitiba, Mirian Gon\u00e7alves, \u00a0e o presidente da C\u00e2mara de Vereadores, Paulo Salamuni, prestigiaram o projeto Por Paula Bianchi No \u00faltimo s\u00e1bado (18) os Curitibanos puderam aproveitar a\u00a0programa\u00e7\u00e3o\u00a0especial [&hellip;]<\/p>\n","protected":false},"author":5,"featured_media":0,"comment_status":"open","ping_status":"open","sticky":false,"template":"","format":"standard","meta":{"_uag_custom_page_level_css":"","ngg_post_thumbnail":0,"footnotes":""},"categories":[6,1],"tags":[],"class_list":["post-1408","post","type-post","status-publish","format-standard","hentry","category-eventos","category-noticias"],"gutentor_comment":3,"featured_image_src":"","featured_image_src_square":false,"author_info":{"display_name":"paulabianchi","author_link":"https:\/\/ciclovida.ufpr.br\/?author=5"},"rbea_author_info":{"display_name":"paulabianchi","author_link":"https:\/\/ciclovida.ufpr.br\/?author=5"},"rbea_excerpt_info":"A vice-prefeita de Curitiba, Mirian Gon\u00e7alves, \u00a0e o presidente da C\u00e2mara de Vereadores, Paulo Salamuni, prestigiaram o projeto Por Paula Bianchi No \u00faltimo s\u00e1bado (18) os Curitibanos puderam aproveitar a\u00a0programa\u00e7\u00e3o\u00a0especial [&hellip;]","category_list":"<a href=\"https:\/\/ciclovida.ufpr.br\/?cat=6\" rel=\"category\">Eventos<\/a>, <a href=\"https:\/\/ciclovida.ufpr.br\/?cat=1\" rel=\"category\">Not\u00edcias<\/a>","comments_num":"2 comments","uagb_featured_image_src":{"full":false,"thumbnail":false,"medium":false,"medium_large":false,"large":false,"1536x1536":false,"2048x2048":false,"post-thumbnail":false,"twentytwenty-fullscreen":false},"uagb_author_info":{"display_name":"paulabianchi","author_link":"https:\/\/ciclovida.ufpr.br\/?author=5"},"uagb_comment_info":3,"uagb_excerpt":"A vice-prefeita de Curitiba, Mirian Gon\u00e7alves, \u00a0e o presidente da C\u00e2mara de Vereadores, Paulo Salamuni, prestigiaram o projeto Por Paula Bianchi No \u00faltimo s\u00e1bado (18) os Curitibanos puderam aproveitar a\u00a0programa\u00e7\u00e3o\u00a0especial [&hellip;]","wps_subtitle":"","_links":{"self":[{"href":"https:\/\/ciclovida.ufpr.br\/index.php?rest_route=\/wp\/v2\/posts\/1408","targetHints":{"allow":["GET"]}}],"collection":[{"href":"https:\/\/ciclovida.ufpr.br\/index.php?rest_route=\/wp\/v2\/posts"}],"about":[{"href":"https:\/\/ciclovida.ufpr.br\/index.php?rest_route=\/wp\/v2\/types\/post"}],"author":[{"embeddable":true,"href":"https:\/\/ciclovida.ufpr.br\/index.php?rest_route=\/wp\/v2\/users\/5"}],"replies":[{"embeddable":true,"href":"https:\/\/ciclovida.ufpr.br\/index.php?rest_route=%2Fwp%2Fv2%2Fcomments&post=1408"}],"version-history":[{"count":1,"href":"https:\/\/ciclovida.ufpr.br\/index.php?rest_route=\/wp\/v2\/posts\/1408\/revisions"}],"predecessor-version":[{"id":1414,"href":"https:\/\/ciclovida.ufpr.br\/index.php?rest_route=\/wp\/v2\/posts\/1408\/revisions\/1414"}],"wp:attachment":[{"href":"https:\/\/ciclovida.ufpr.br\/index.php?rest_route=%2Fwp%2Fv2%2Fmedia&parent=1408"}],"wp:term":[{"taxonomy":"category","embeddable":true,"href":"https:\/\/ciclovida.ufpr.br\/index.php?rest_route=%2Fwp%2Fv2%2Fcategories&post=1408"},{"taxonomy":"post_tag","embeddable":true,"href":"https:\/\/ciclovida.ufpr.br\/index.php?rest_route=%2Fwp%2Fv2%2Ftags&post=1408"}],"curies":[{"name":"wp","href":"https:\/\/api.w.org\/{rel}","templated":true}]}}