{"id":1399,"date":"2013-05-14T16:51:49","date_gmt":"2013-05-14T19:51:49","guid":{"rendered":"https:\/\/ciclovida.ufpr.br\/?p=1399"},"modified":"2013-05-14T16:52:49","modified_gmt":"2013-05-14T19:52:49","slug":"seminario-de-sustentabilidade-e-mobilidade-urbana","status":"publish","type":"post","link":"https:\/\/ciclovida.ufpr.br\/?p=1399","title":{"rendered":"Semin\u00e1rio de Sustentabilidade e Mobilidade Urbana"},"content":{"rendered":"<p>No dia 17 de maio, Porto Alegre (RS), ser\u00e1 sede do Semin\u00e1rio de Sustentabilidade e Mobilidade Urbana. O evento acontecer\u00e1 das 9h \u00e0s 18h no\u00a0 Edif\u00edcio Santa Cruz, Rua dos Andradas, 1234, 8\u00ba andar, no centro da capital.<\/p>\n<p>O semin\u00e1rio tem como objetivo abordar a integra\u00e7\u00e3o entre os diversos tipos de transportes p\u00fablicos, como o hidrovi\u00e1rio, ciclovi\u00e1rio,\u00a0aerom\u00f3vel, Trensurb, lota\u00e7\u00e3o, andar a p\u00e9 e \u00f4nibus. Tamb\u00e9m ser\u00e3o discutidas fontes alternativas de combust\u00edvel menos poluentes al\u00e9m de como as universidades brasileiras est\u00e3o contribuindo para\u00a0 melhorar a qualidade de vida nas cidades.<\/p>\n<p>O coordenador do Programa Ciclovida contribu\u00edra com o evento as 15h, no bloco de palestras com o tema &#8220;Transportes ciclovi\u00e1rios, Hidrovi\u00e1rios e Pedestres&#8221;.<\/p>\n<p style=\"text-align: center;\"><a href=\"https:\/\/ciclovida.ufpr.br\/wp-content\/uploads\/2013\/05\/imagem.bmp\"><img loading=\"lazy\" decoding=\"async\" class=\"size-full wp-image-1401 aligncenter\" alt=\"imagem\" src=\"https:\/\/ciclovida.ufpr.br\/wp-content\/uploads\/2013\/05\/imagem.bmp\" width=\"532\" height=\"695\" \/><\/a><\/p>\n","protected":false},"excerpt":{"rendered":"<p>No dia 17 de maio, Porto Alegre (RS), ser\u00e1 sede do Semin\u00e1rio de Sustentabilidade e Mobilidade Urbana. O evento acontecer\u00e1 das 9h \u00e0s 18h no\u00a0 Edif\u00edcio Santa Cruz, Rua dos [&hellip;]<\/p>\n","protected":false},"author":5,"featured_media":0,"comment_status":"open","ping_status":"open","sticky":false,"template":"","format":"standard","meta":{"_uag_custom_page_level_css":"","ngg_post_thumbnail":0,"footnotes":""},"categories":[1],"tags":[],"class_list":["post-1399","post","type-post","status-publish","format-standard","hentry","category-noticias"],"gutentor_comment":5,"featured_image_src":"","featured_image_src_square":false,"author_info":{"display_name":"paulabianchi","author_link":"https:\/\/ciclovida.ufpr.br\/?author=5"},"rbea_author_info":{"display_name":"paulabianchi","author_link":"https:\/\/ciclovida.ufpr.br\/?author=5"},"rbea_excerpt_info":"No dia 17 de maio, Porto Alegre (RS), ser\u00e1 sede do Semin\u00e1rio de Sustentabilidade e Mobilidade Urbana. O evento acontecer\u00e1 das 9h \u00e0s 18h no\u00a0 Edif\u00edcio Santa Cruz, Rua dos [&hellip;]","category_list":"<a href=\"https:\/\/ciclovida.ufpr.br\/?cat=1\" rel=\"category\">Not\u00edcias<\/a>","comments_num":"0 comments","uagb_featured_image_src":{"full":false,"thumbnail":false,"medium":false,"medium_large":false,"large":false,"1536x1536":false,"2048x2048":false,"post-thumbnail":false,"twentytwenty-fullscreen":false},"uagb_author_info":{"display_name":"paulabianchi","author_link":"https:\/\/ciclovida.ufpr.br\/?author=5"},"uagb_comment_info":5,"uagb_excerpt":"No dia 17 de maio, Porto Alegre (RS), ser\u00e1 sede do Semin\u00e1rio de Sustentabilidade e Mobilidade Urbana. O evento acontecer\u00e1 das 9h \u00e0s 18h no\u00a0 Edif\u00edcio Santa Cruz, Rua dos [&hellip;]","wps_subtitle":"","_links":{"self":[{"href":"https:\/\/ciclovida.ufpr.br\/index.php?rest_route=\/wp\/v2\/posts\/1399","targetHints":{"allow":["GET"]}}],"collection":[{"href":"https:\/\/ciclovida.ufpr.br\/index.php?rest_route=\/wp\/v2\/posts"}],"about":[{"href":"https:\/\/ciclovida.ufpr.br\/index.php?rest_route=\/wp\/v2\/types\/post"}],"author":[{"embeddable":true,"href":"https:\/\/ciclovida.ufpr.br\/index.php?rest_route=\/wp\/v2\/users\/5"}],"replies":[{"embeddable":true,"href":"https:\/\/ciclovida.ufpr.br\/index.php?rest_route=%2Fwp%2Fv2%2Fcomments&post=1399"}],"version-history":[{"count":2,"href":"https:\/\/ciclovida.ufpr.br\/index.php?rest_route=\/wp\/v2\/posts\/1399\/revisions"}],"predecessor-version":[{"id":1403,"href":"https:\/\/ciclovida.ufpr.br\/index.php?rest_route=\/wp\/v2\/posts\/1399\/revisions\/1403"}],"wp:attachment":[{"href":"https:\/\/ciclovida.ufpr.br\/index.php?rest_route=%2Fwp%2Fv2%2Fmedia&parent=1399"}],"wp:term":[{"taxonomy":"category","embeddable":true,"href":"https:\/\/ciclovida.ufpr.br\/index.php?rest_route=%2Fwp%2Fv2%2Fcategories&post=1399"},{"taxonomy":"post_tag","embeddable":true,"href":"https:\/\/ciclovida.ufpr.br\/index.php?rest_route=%2Fwp%2Fv2%2Ftags&post=1399"}],"curies":[{"name":"wp","href":"https:\/\/api.w.org\/{rel}","templated":true}]}}