{"id":1395,"date":"2013-05-09T15:53:36","date_gmt":"2013-05-09T18:53:36","guid":{"rendered":"https:\/\/ciclovida.ufpr.br\/?p=1395"},"modified":"2013-05-09T15:53:36","modified_gmt":"2013-05-09T18:53:36","slug":"transito-bilhete-unico-sera-integrado-com-o-projeto-bike-sampa-a-partir-de-hoje-29","status":"publish","type":"post","link":"https:\/\/ciclovida.ufpr.br\/?p=1395","title":{"rendered":"Tr\u00e2nsito: Bilhete \u00danico ser\u00e1 integrado com o projeto Bike Sampa a partir de hoje 29"},"content":{"rendered":"<p>Por <a href=\"http:\/\/noticias.uol.com.br\/cotidiano\/ultimas-noticias\/2013\/05\/06\/transito-bilhete-unico-sera-integrado-com-o-projeto-bike-sampa-a-partir-de-amanha.htm?cmpid=ctw-cotidiano-news\">Uol<\/a><\/p>\n<p>A Prefeitura de S\u00e3o Paulo\u00a0inicia, nesta segunda-feira (6), o projeto piloto de integra\u00e7\u00e3o do Bilhete \u00danico com o projeto Bike Sampa. Com a novidade, exclusivamente os cadastrados no servi\u00e7o poder\u00e3o utilizar o cart\u00e3o do transporte p\u00fablico para o empr\u00e9stimo das bicicletas.<\/p>\n<p><a href=\"https:\/\/ciclovida.ufpr.br\/wp-content\/uploads\/2013\/05\/24mai2012-o-bike-sampa-foi-lancado-na-cinemateca-na-vila-mariana-zona-sul-de-sao-paulo-1337889047250_300x300.jpg\"><img loading=\"lazy\" decoding=\"async\" class=\"alignright size-full wp-image-1396\" alt=\"24mai2012---o-bike-sampa-foi-lancado-na-cinemateca-na-vila-mariana-zona-sul-de-sao-paulo-1337889047250_300x300\" src=\"https:\/\/ciclovida.ufpr.br\/wp-content\/uploads\/2013\/05\/24mai2012-o-bike-sampa-foi-lancado-na-cinemateca-na-vila-mariana-zona-sul-de-sao-paulo-1337889047250_300x300.jpg\" width=\"300\" height=\"300\" srcset=\"https:\/\/ciclovida.ufpr.br\/wp-content\/uploads\/2013\/05\/24mai2012-o-bike-sampa-foi-lancado-na-cinemateca-na-vila-mariana-zona-sul-de-sao-paulo-1337889047250_300x300.jpg 300w, https:\/\/ciclovida.ufpr.br\/wp-content\/uploads\/2013\/05\/24mai2012-o-bike-sampa-foi-lancado-na-cinemateca-na-vila-mariana-zona-sul-de-sao-paulo-1337889047250_300x300-100x100.jpg 100w\" sizes=\"auto, (max-width: 300px) 100vw, 300px\" \/><\/a>O projeto inaugural contempla a implanta\u00e7\u00e3o de leitores dos cart\u00f5es de transporte da SPTrans em tr\u00eas esta\u00e7\u00f5es estrat\u00e9gicas: Parque Trianon, Shopping Eldorado e Shopping Santa Cruz. Assim, o projeto de compartilhamento de bicicletas a integra definitivamente\u00a0como um meio de transporte na capital paulista. A esta\u00e7\u00e3o Parque Trianon interliga a bicicleta com corredor de \u00f4nibus e metr\u00f4; a esta\u00e7\u00e3o Shopping Eldorado conecta a bicicleta com o trem e \u00f4nibus; e a esta\u00e7\u00e3o Shopping Santa Cruz vincula a bicicleta com o metr\u00f4 e \u00f4nibus.<\/p>\n<h3>Cadastrar para usar<\/h3>\n<p>Para a primeira etapa da integra\u00e7\u00e3o, 100 usu\u00e1rios, identificados a partir de levantamento de utiliza\u00e7\u00e3o no banco de dados do Bike Sampa, poder\u00e3o liberar as magrelas atrav\u00e9s do Bilhete \u00danico. No entanto, a utiliza\u00e7\u00e3o n\u00e3o ficar\u00e1 restrita. Quem quiser emprestar uma bicicleta deve atualizar seu cadastro junto ao projeto, incluindo o n\u00famero do\u00a0bilhete.<\/p>\n<p>As regras para quem liberar as bicicletas com o Bilhete \u00danico ser\u00e3o as que j\u00e1 valem atualmente no Bike Sampa. O ve\u00edculo pode ser usado por 30 minutos e poder\u00e1 ser devolvido em qualquer esta\u00e7\u00e3o do projeto, ainda que esta n\u00e3o possua um validador do cart\u00e3o.<\/p>\n<p>Durante um m\u00eas, ser\u00e3o monitoradas a esta\u00e7\u00e3o de retirada, data e hora do empr\u00e9stimo, esta\u00e7\u00e3o, data e hora da devolu\u00e7\u00e3o da bicicleta. Esse monitoramento tem como objetivo avaliar os dados estat\u00edsticos de utiliza\u00e7\u00e3o.<\/p>\n<h3>O projeto<\/h3>\n<p>O Bike Sampa foi inaugurado em 24 de maio de 2012 e contabiliza 220 mil viagens realizadas e mais de 140 mil cadastros. Cem esta\u00e7\u00f5es e 1.000 bikes est\u00e3o \u00e0 disposi\u00e7\u00e3o dos usu\u00e1rios do projeto nos bairros Vila Mariana, Para\u00edso, Jardim Paulista, Jardim Am\u00e9rica, Itaim Bibi, Vila Ol\u00edmpia, Vila Nova Concei\u00e7\u00e3o, Jardim Paulistano, Jardim Europa, Ch\u00e1cara Itaim, Campo Belo, Vila Clementino, Cidades Mon\u00e7\u00f5es, Moema, Jardim Lusit\u00e2nia, Brooklin Novo, Via Funchal e Jardim Edith.<\/p>\n<p>A partir de junho, mais 100 esta\u00e7\u00f5es come\u00e7am a ser instaladas na cidade, todas com leitor do bilhete \u00fanico, contemplando os bairros Bela Vista, Consola\u00e7\u00e3o, S\u00e9, Rep\u00fablica, Santa Cec\u00edlia, Higien\u00f3polis, Pinheiros, Vila Madalena, Bom Retiro, Luz, Br\u00e1s e Mooca. Ao todo, mais 1.000 bikes ser\u00e3o disponibilizadas, totalizando 2.000 bicicletas em 200 esta\u00e7\u00f5es at\u00e9 o final deste ano.<\/p>\n<p>At\u00e9 2014, o Bike Sampa disponibilizar\u00e1 3.000 bikes num total de 300 esta\u00e7\u00f5es.<\/p>\n<h3>O perfil dos usu\u00e1rios e das viagens<\/h3>\n<ul>\n<li>70% das viagens semanais s\u00e3o realizadas nos dias \u00fateis<\/li>\n<li>Curta dura\u00e7\u00e3o: 70% das viagens duram at\u00e9 15 minutos<\/li>\n<li>85% dos usu\u00e1rios utilizam o sistema at\u00e9 5 vezes por semana<\/li>\n<li>60 % do compartilhamento\/uso da Bicicleta por dia ocorre nos hor\u00e1rios de pico, entre 7h e 10h e 17h e 20h<\/li>\n<li>A maior parte dos compartilhamentos de bicicletas s\u00e3o feitas em pontos pr\u00f3ximos a esta\u00e7\u00f5es de Metr\u00f4, deixando clara a intermodalidade<\/li>\n<li>45% dos ciclistas do Bike Sampa s\u00e3o usu\u00e1rios do transporte coletivo da cidade de S\u00e3o Paulo<\/li>\n<\/ul>\n","protected":false},"excerpt":{"rendered":"<p>Por Uol A Prefeitura de S\u00e3o Paulo\u00a0inicia, nesta segunda-feira (6), o projeto piloto de integra\u00e7\u00e3o do Bilhete \u00danico com o projeto Bike Sampa. Com a novidade, exclusivamente os cadastrados no [&hellip;]<\/p>\n","protected":false},"author":5,"featured_media":0,"comment_status":"open","ping_status":"open","sticky":false,"template":"","format":"standard","meta":{"_uag_custom_page_level_css":"","ngg_post_thumbnail":0,"footnotes":""},"categories":[1],"tags":[],"class_list":["post-1395","post","type-post","status-publish","format-standard","hentry","category-noticias"],"gutentor_comment":1,"featured_image_src":"","featured_image_src_square":false,"author_info":{"display_name":"paulabianchi","author_link":"https:\/\/ciclovida.ufpr.br\/?author=5"},"rbea_author_info":{"display_name":"paulabianchi","author_link":"https:\/\/ciclovida.ufpr.br\/?author=5"},"rbea_excerpt_info":"Por Uol A Prefeitura de S\u00e3o Paulo\u00a0inicia, nesta segunda-feira (6), o projeto piloto de integra\u00e7\u00e3o do Bilhete \u00danico com o projeto Bike Sampa. Com a novidade, exclusivamente os cadastrados no [&hellip;]","category_list":"<a href=\"https:\/\/ciclovida.ufpr.br\/?cat=1\" rel=\"category\">Not\u00edcias<\/a>","comments_num":"0 comments","uagb_featured_image_src":{"full":false,"thumbnail":false,"medium":false,"medium_large":false,"large":false,"1536x1536":false,"2048x2048":false,"post-thumbnail":false,"twentytwenty-fullscreen":false},"uagb_author_info":{"display_name":"paulabianchi","author_link":"https:\/\/ciclovida.ufpr.br\/?author=5"},"uagb_comment_info":1,"uagb_excerpt":"Por Uol A Prefeitura de S\u00e3o Paulo\u00a0inicia, nesta segunda-feira (6), o projeto piloto de integra\u00e7\u00e3o do Bilhete \u00danico com o projeto Bike Sampa. Com a novidade, exclusivamente os cadastrados no [&hellip;]","wps_subtitle":"","_links":{"self":[{"href":"https:\/\/ciclovida.ufpr.br\/index.php?rest_route=\/wp\/v2\/posts\/1395","targetHints":{"allow":["GET"]}}],"collection":[{"href":"https:\/\/ciclovida.ufpr.br\/index.php?rest_route=\/wp\/v2\/posts"}],"about":[{"href":"https:\/\/ciclovida.ufpr.br\/index.php?rest_route=\/wp\/v2\/types\/post"}],"author":[{"embeddable":true,"href":"https:\/\/ciclovida.ufpr.br\/index.php?rest_route=\/wp\/v2\/users\/5"}],"replies":[{"embeddable":true,"href":"https:\/\/ciclovida.ufpr.br\/index.php?rest_route=%2Fwp%2Fv2%2Fcomments&post=1395"}],"version-history":[{"count":1,"href":"https:\/\/ciclovida.ufpr.br\/index.php?rest_route=\/wp\/v2\/posts\/1395\/revisions"}],"predecessor-version":[{"id":1397,"href":"https:\/\/ciclovida.ufpr.br\/index.php?rest_route=\/wp\/v2\/posts\/1395\/revisions\/1397"}],"wp:attachment":[{"href":"https:\/\/ciclovida.ufpr.br\/index.php?rest_route=%2Fwp%2Fv2%2Fmedia&parent=1395"}],"wp:term":[{"taxonomy":"category","embeddable":true,"href":"https:\/\/ciclovida.ufpr.br\/index.php?rest_route=%2Fwp%2Fv2%2Fcategories&post=1395"},{"taxonomy":"post_tag","embeddable":true,"href":"https:\/\/ciclovida.ufpr.br\/index.php?rest_route=%2Fwp%2Fv2%2Ftags&post=1395"}],"curies":[{"name":"wp","href":"https:\/\/api.w.org\/{rel}","templated":true}]}}