{"id":1389,"date":"2013-05-05T18:35:20","date_gmt":"2013-05-05T21:35:20","guid":{"rendered":"https:\/\/ciclovida.ufpr.br\/?p=1389"},"modified":"2013-05-05T18:40:20","modified_gmt":"2013-05-05T21:40:20","slug":"dia-10-de-maio-e-dia-de-ir-de-bike-ao-trabalho","status":"publish","type":"post","link":"https:\/\/ciclovida.ufpr.br\/?p=1389","title":{"rendered":"Dia 10 de maio \u00e9 dia de ir de bike ao trabalho!"},"content":{"rendered":"<p dir=\"ltr\"><span style=\"font-size: 13px;\">O Programa Ciclovida est\u00e1 participando do <\/span><a style=\"font-size: 13px;\" href=\"http:\/\/debikeaotrabalho.org\/\">De Bike ao Trabalho<\/a><span style=\"font-size: 13px;\">, uma iniciativa inspirada no Bike To Work Day em que, anualmente, durante o m\u00eas de maio, cidades do mundo inteiro realizam atividades para promover a bicicleta como uma op\u00e7\u00e3o vi\u00e1vel de transporte para o trabalho. No Brasil adotamos o De Bike ao Trabalho para toda segunda sexta-feira do m\u00eas. Logo, em 2013, ser\u00e1 no dia 10 de maio.<\/span><\/p>\n<p>S\u00e3o mais de 25 parceiros por todo o Brasil que est\u00e3o promovendo e propondo atividades como oficinas de aprender a pedalar e de mec\u00e2nica, palestras com empresas, caf\u00e9 da manh\u00e3 e orienta\u00e7\u00f5es para o ciclista urbano, dentre v\u00e1rias outras atividades.<\/p>\n<p>Se voc\u00ea quer se inscrever para ir De Bike ao Trabalho, <a href=\"http:\/\/debikeaotrabalho.org\/comoaderir\/\">clique AQUI<\/a><\/p>\n<p style=\"text-align: center;\"><a href=\"https:\/\/ciclovida.ufpr.br\/wp-content\/uploads\/2013\/05\/M\u00eddias-Sociais-2_De-Bike-ao-Trabalho-inclua-seu-logo.png\"><img loading=\"lazy\" decoding=\"async\" class=\"aligncenter  wp-image-1390\" alt=\"M\u00eddias Sociais 2_De Bike ao Trabalho - inclua seu logo\" src=\"https:\/\/ciclovida.ufpr.br\/wp-content\/uploads\/2013\/05\/M\u00eddias-Sociais-2_De-Bike-ao-Trabalho-inclua-seu-logo.png\" width=\"560\" height=\"686\" srcset=\"https:\/\/ciclovida.ufpr.br\/wp-content\/uploads\/2013\/05\/M\u00eddias-Sociais-2_De-Bike-ao-Trabalho-inclua-seu-logo.png 700w, https:\/\/ciclovida.ufpr.br\/wp-content\/uploads\/2013\/05\/M\u00eddias-Sociais-2_De-Bike-ao-Trabalho-inclua-seu-logo-245x300.png 245w\" sizes=\"auto, (max-width: 560px) 100vw, 560px\" \/><\/a><\/p>\n","protected":false},"excerpt":{"rendered":"<p>O Programa Ciclovida est\u00e1 participando do De Bike ao Trabalho, uma iniciativa inspirada no Bike To Work Day em que, anualmente, durante o m\u00eas de maio, cidades do mundo inteiro [&hellip;]<\/p>\n","protected":false},"author":5,"featured_media":0,"comment_status":"open","ping_status":"open","sticky":false,"template":"","format":"standard","meta":{"_uag_custom_page_level_css":"","ngg_post_thumbnail":0,"footnotes":""},"categories":[1],"tags":[],"class_list":["post-1389","post","type-post","status-publish","format-standard","hentry","category-noticias"],"gutentor_comment":16,"featured_image_src":"","featured_image_src_square":false,"author_info":{"display_name":"paulabianchi","author_link":"https:\/\/ciclovida.ufpr.br\/?author=5"},"rbea_author_info":{"display_name":"paulabianchi","author_link":"https:\/\/ciclovida.ufpr.br\/?author=5"},"rbea_excerpt_info":"O Programa Ciclovida est\u00e1 participando do De Bike ao Trabalho, uma iniciativa inspirada no Bike To Work Day em que, anualmente, durante o m\u00eas de maio, cidades do mundo inteiro [&hellip;]","category_list":"<a href=\"https:\/\/ciclovida.ufpr.br\/?cat=1\" rel=\"category\">Not\u00edcias<\/a>","comments_num":"0 comments","uagb_featured_image_src":{"full":false,"thumbnail":false,"medium":false,"medium_large":false,"large":false,"1536x1536":false,"2048x2048":false,"post-thumbnail":false,"twentytwenty-fullscreen":false},"uagb_author_info":{"display_name":"paulabianchi","author_link":"https:\/\/ciclovida.ufpr.br\/?author=5"},"uagb_comment_info":16,"uagb_excerpt":"O Programa Ciclovida est\u00e1 participando do De Bike ao Trabalho, uma iniciativa inspirada no Bike To Work Day em que, anualmente, durante o m\u00eas de maio, cidades do mundo inteiro [&hellip;]","wps_subtitle":"","_links":{"self":[{"href":"https:\/\/ciclovida.ufpr.br\/index.php?rest_route=\/wp\/v2\/posts\/1389","targetHints":{"allow":["GET"]}}],"collection":[{"href":"https:\/\/ciclovida.ufpr.br\/index.php?rest_route=\/wp\/v2\/posts"}],"about":[{"href":"https:\/\/ciclovida.ufpr.br\/index.php?rest_route=\/wp\/v2\/types\/post"}],"author":[{"embeddable":true,"href":"https:\/\/ciclovida.ufpr.br\/index.php?rest_route=\/wp\/v2\/users\/5"}],"replies":[{"embeddable":true,"href":"https:\/\/ciclovida.ufpr.br\/index.php?rest_route=%2Fwp%2Fv2%2Fcomments&post=1389"}],"version-history":[{"count":4,"href":"https:\/\/ciclovida.ufpr.br\/index.php?rest_route=\/wp\/v2\/posts\/1389\/revisions"}],"predecessor-version":[{"id":1393,"href":"https:\/\/ciclovida.ufpr.br\/index.php?rest_route=\/wp\/v2\/posts\/1389\/revisions\/1393"}],"wp:attachment":[{"href":"https:\/\/ciclovida.ufpr.br\/index.php?rest_route=%2Fwp%2Fv2%2Fmedia&parent=1389"}],"wp:term":[{"taxonomy":"category","embeddable":true,"href":"https:\/\/ciclovida.ufpr.br\/index.php?rest_route=%2Fwp%2Fv2%2Fcategories&post=1389"},{"taxonomy":"post_tag","embeddable":true,"href":"https:\/\/ciclovida.ufpr.br\/index.php?rest_route=%2Fwp%2Fv2%2Ftags&post=1389"}],"curies":[{"name":"wp","href":"https:\/\/api.w.org\/{rel}","templated":true}]}}