{"id":1357,"date":"2013-04-19T18:07:51","date_gmt":"2013-04-19T21:07:51","guid":{"rendered":"https:\/\/ciclovida.ufpr.br\/?p=1357"},"modified":"2013-04-19T18:07:51","modified_gmt":"2013-04-19T21:07:51","slug":"ufpe-cria-disciplina-sobre-bicicleta-para-2o-semestre-de-2012","status":"publish","type":"post","link":"https:\/\/ciclovida.ufpr.br\/?p=1357","title":{"rendered":"UFPE cria disciplina sobre bicicleta para 2\u00ba semestre de 2012"},"content":{"rendered":"<p>Por <strong>Terra<\/strong><\/p>\n<p style=\"text-align: justify;\">A partir do pr\u00f3ximo semestre, os alunos de gradua\u00e7\u00e3o em Engenharia Mec\u00e2nica da Universidade Federal de Pernambuco (UFPE) n\u00e3o v\u00e3o precisar estudar apenas c\u00e1lculo, f\u00edsica, automa\u00e7\u00e3o industrial e mec\u00e2nica. Caso queiram fugir um pouco das ci\u00eancias exatas, ser\u00e1 poss\u00edvel optar por Estudos da Bicicleta &#8211; disciplina que inova ao focar n\u00e3o s\u00f3 na parte de engenharia do ve\u00edculo, mas tamb\u00e9m nos processos hist\u00f3ricos e sociais de um meio de transporte cada vez mais presente nas ruas.<\/p>\n<p style=\"text-align: justify;\">\n<p style=\"text-align: justify;\">A nova mat\u00e9ria ser\u00e1 eletiva, ter\u00e1 30 horas de dura\u00e7\u00e3o ao longo de seis meses e ser\u00e1 dividida em tr\u00eas m\u00f3dulos: Hist\u00f3ria da Tecnologia, Ci\u00eancias do Ciclismo, e Cultura, Mercado e Pol\u00edtica. A ideia \u00e9 fugir um pouco da abordagem apenas pr\u00e1tica de uma linha de montagem do produto e apontar problemas e solu\u00e7\u00f5es relacionados ao tr\u00e1fego e \u00e0 polui\u00e7\u00e3o para que os futuros engenheiros saibam como atuar no mercado. &#8220;\u00c9 importante fazer a liga\u00e7\u00e3o entre tecnologia e cultura. O que parece impedir um uso maior do ve\u00edculo \u00e9 mais uma quest\u00e3o cultural, como n\u00e3o ter um biciclet\u00e1rio, chuveiro ou arm\u00e1rio para os ciclistas. A disciplina vai juntar o que os alunos j\u00e1 t\u00eam de conhecimento mec\u00e2nico e aplicar \u00e0 bicicleta, para que possam, por meio da tecnologia, fazer o que a sociedade precisa&#8221;, explica o professor de Engenharia Mec\u00e2nica da UFPE e encarregado da nova disciplina, F\u00e1bio Magnani.<\/p>\n<p style=\"text-align: justify;\">\n<p style=\"text-align: justify;\">O lado mais social de ve\u00edculos em duas rodas j\u00e1 era objeto de estudo do docente, na linha de pesquisa Estudos em Duas Rodas, que at\u00e9 ent\u00e3o focava apenas em motocicletas nas rela\u00e7\u00f5es de trabalho dos motoboys, riscos de acidentes e polui\u00e7\u00e3o gerada pelo seu uso. Agora, ele diz, h\u00e1 um novo contexto social no qual a bike se insere e que merece ser estudado. &#8220;Antigamente, as bicicletas eram utilizadas por pessoas ricas para manter status. Quando apareceram carros e motos, nosso tr\u00e2nsito foi todo modificado, e hoje temos estradas e ruas feitas apenas para quatro rodas. Nessa disciplina, vamos tentar fazer a liga\u00e7\u00e3o entre a bicicleta e o tr\u00e1fego atual, falar por que as pessoas n\u00e3o querem mais us\u00e1-la e tentar contribuir para que os estudantes v\u00e3o para as f\u00e1bricas antenados&#8221;, afirma Magnani.<\/p>\n<p style=\"text-align: justify;\">\n<p style=\"text-align: justify;\">Apesar de Estudos da Bicicleta fazer parte da gradua\u00e7\u00e3o em Engenharia Mec\u00e2nica, estudantes de outros cursos ou mesmo de fora da UFPE podem curs\u00e1-la. No entanto, h\u00e1 somente 30 vagas, e \u00e9 necess\u00e1rio estar em uma gradua\u00e7\u00e3o e fazer uma solicita\u00e7\u00e3o de matr\u00edcula isolada, al\u00e9m de j\u00e1 ter cursado as disciplinas de Din\u00e2mica e Mec\u00e2nica dos Flu\u00eddos ou possuir conhecimentos equivalentes.<\/p>\n<p style=\"text-align: justify;\">\n<p style=\"text-align: justify;\"><b>Nova disciplina beneficia a sociedade, diz professor<\/b><\/p>\n<p style=\"text-align: justify;\">Ensinar aos futuros engenheiros mec\u00e2nicos sobre o impacto da bicicleta na sociedade vai fazer com que os produtos oferecidos sejam de melhor qualidade e mais adaptados \u00e0 realidade local, afirma o coordenador do curso de Arquitetura e Urbanismo da PUC-PR, Carlos Herdt. Como exemplo, ele cita que n\u00e3o adianta planejar uma bike com fun\u00e7\u00f5es de \u00faltima gera\u00e7\u00e3o se a cidade na qual ela for usada for tomada por buracos que estraguem o aro do ve\u00edculo.<\/p>\n<p style=\"text-align: justify;\">\n<p style=\"text-align: justify;\">Ele diz que, ao inserir a bicicleta no curso de Engenharia Mec\u00e2nica, quem vai ser afetada diretamente \u00e9 a sociedade. &#8220;Isso vai fazer com que a bicicleta entre na pauta de solu\u00e7\u00f5es para a mobilidade nas cidades e vai fazer com que o engenheiro, na hora de ser demandado a desenvolver um novo produto, tenha melhores condi\u00e7\u00f5es de elabor\u00e1-lo, j\u00e1 que vai ter conhecimentos sobre o contexto dele&#8221;, opina.<\/p>\n","protected":false},"excerpt":{"rendered":"<p>Por Terra A partir do pr\u00f3ximo semestre, os alunos de gradua\u00e7\u00e3o em Engenharia Mec\u00e2nica da Universidade Federal de Pernambuco (UFPE) n\u00e3o v\u00e3o precisar estudar apenas c\u00e1lculo, f\u00edsica, automa\u00e7\u00e3o industrial e [&hellip;]<\/p>\n","protected":false},"author":5,"featured_media":0,"comment_status":"open","ping_status":"open","sticky":false,"template":"","format":"standard","meta":{"_uag_custom_page_level_css":"","ngg_post_thumbnail":0,"footnotes":""},"categories":[1],"tags":[],"class_list":["post-1357","post","type-post","status-publish","format-standard","hentry","category-noticias"],"gutentor_comment":2,"featured_image_src":"","featured_image_src_square":false,"author_info":{"display_name":"paulabianchi","author_link":"https:\/\/ciclovida.ufpr.br\/?author=5"},"rbea_author_info":{"display_name":"paulabianchi","author_link":"https:\/\/ciclovida.ufpr.br\/?author=5"},"rbea_excerpt_info":"Por Terra A partir do pr\u00f3ximo semestre, os alunos de gradua\u00e7\u00e3o em Engenharia Mec\u00e2nica da Universidade Federal de Pernambuco (UFPE) n\u00e3o v\u00e3o precisar estudar apenas c\u00e1lculo, f\u00edsica, automa\u00e7\u00e3o industrial e [&hellip;]","category_list":"<a href=\"https:\/\/ciclovida.ufpr.br\/?cat=1\" rel=\"category\">Not\u00edcias<\/a>","comments_num":"0 comments","uagb_featured_image_src":{"full":false,"thumbnail":false,"medium":false,"medium_large":false,"large":false,"1536x1536":false,"2048x2048":false,"post-thumbnail":false,"twentytwenty-fullscreen":false},"uagb_author_info":{"display_name":"paulabianchi","author_link":"https:\/\/ciclovida.ufpr.br\/?author=5"},"uagb_comment_info":2,"uagb_excerpt":"Por Terra A partir do pr\u00f3ximo semestre, os alunos de gradua\u00e7\u00e3o em Engenharia Mec\u00e2nica da Universidade Federal de Pernambuco (UFPE) n\u00e3o v\u00e3o precisar estudar apenas c\u00e1lculo, f\u00edsica, automa\u00e7\u00e3o industrial e [&hellip;]","wps_subtitle":"","_links":{"self":[{"href":"https:\/\/ciclovida.ufpr.br\/index.php?rest_route=\/wp\/v2\/posts\/1357","targetHints":{"allow":["GET"]}}],"collection":[{"href":"https:\/\/ciclovida.ufpr.br\/index.php?rest_route=\/wp\/v2\/posts"}],"about":[{"href":"https:\/\/ciclovida.ufpr.br\/index.php?rest_route=\/wp\/v2\/types\/post"}],"author":[{"embeddable":true,"href":"https:\/\/ciclovida.ufpr.br\/index.php?rest_route=\/wp\/v2\/users\/5"}],"replies":[{"embeddable":true,"href":"https:\/\/ciclovida.ufpr.br\/index.php?rest_route=%2Fwp%2Fv2%2Fcomments&post=1357"}],"version-history":[{"count":1,"href":"https:\/\/ciclovida.ufpr.br\/index.php?rest_route=\/wp\/v2\/posts\/1357\/revisions"}],"predecessor-version":[{"id":1358,"href":"https:\/\/ciclovida.ufpr.br\/index.php?rest_route=\/wp\/v2\/posts\/1357\/revisions\/1358"}],"wp:attachment":[{"href":"https:\/\/ciclovida.ufpr.br\/index.php?rest_route=%2Fwp%2Fv2%2Fmedia&parent=1357"}],"wp:term":[{"taxonomy":"category","embeddable":true,"href":"https:\/\/ciclovida.ufpr.br\/index.php?rest_route=%2Fwp%2Fv2%2Fcategories&post=1357"},{"taxonomy":"post_tag","embeddable":true,"href":"https:\/\/ciclovida.ufpr.br\/index.php?rest_route=%2Fwp%2Fv2%2Ftags&post=1357"}],"curies":[{"name":"wp","href":"https:\/\/api.w.org\/{rel}","templated":true}]}}