{"id":1344,"date":"2013-04-08T17:12:39","date_gmt":"2013-04-08T20:12:39","guid":{"rendered":"https:\/\/ciclovida.ufpr.br\/?p=1344"},"modified":"2013-04-08T17:12:39","modified_gmt":"2013-04-08T20:12:39","slug":"vou-de-bike","status":"publish","type":"post","link":"https:\/\/ciclovida.ufpr.br\/?p=1344","title":{"rendered":"Vou de bike!"},"content":{"rendered":"<p><b>N<\/b>este m\u00eas, iniciaremos aqui no site do Ciclovida essa nova se\u00e7\u00e3o chamada <i>Vou de Bike!<\/i> Aqui mostraremos personagens reais que realmente j\u00e1 adquiriram a bicicleta como meio de transporte. Eles poder\u00e3o incentivar, e at\u00e9 mesmo dar dicas, para quem est\u00e1 pensando em troca o carro pelo pedal.<\/p>\n<p>&nbsp;<\/p>\n<p>Jos\u00e9 Carlos Belotto possui 50 anos, \u00e9 graduado em marketing \u2013 e especialista na quest\u00e3o social \u2013 e coordenador do Programa Ciclovida. Ele j\u00e1 utiliza a bicicleta como meio de transporte h\u00e1 11 anos.<\/p>\n<p>&nbsp;<\/p>\n<p><b>Por que e quando voc\u00ea decidiu se locomover de bike?<\/b><\/p>\n<p><b>\u00a0<\/b><\/p>\n<p>Sempre gostei de andar de bicicleta desde minha inf\u00e2ncia, mas a partir dede 2002 comecei a me interessar por mobilidade urbana. Ent\u00e3o, passei a andar mais, estudar o tema e me\u00a0envolver com o cicloativismo.<b><\/b><\/p>\n<p><b>\u00a0<\/b><\/p>\n<p><b>Que benef\u00edcios esse novo modal trouxe para a sua rotina?<\/b><\/p>\n<p><b>\u00a0<\/b><\/p>\n<p>Economia financeira, atividade\u00a0f\u00edsica\u00a0regular e \u00a0consci\u00eancia\u00a0ambiental.<\/p>\n<p><b>\u00a0<\/b><\/p>\n<p><b>Quantos Km voc\u00ea anda por dia de bike? Quais s\u00e3o as maiores dificuldades?<\/b><\/p>\n<p><b>\u00a0<\/b><\/p>\n<p>Em m\u00e9dia uns 30 km por dia. Os problemas que eu enfrento s\u00e3o a falta de infraestrutura para o ciclista e a falta de educa\u00e7\u00e3o no tr\u00e2nsito.<b><\/b><\/p>\n<p><b>\u00a0<\/b><\/p>\n<p><b>Quais s\u00e3o os mitos sobre andar de bike no dia-a-dia que voc\u00ea desvendou ap\u00f3s come\u00e7ar a usar a bicicleta?<\/b><\/p>\n<p><b>\u00a0<\/b><\/p>\n<p>Antes eu achava que s\u00f3 dava para andar de bicicleta com roupas esportivas, comecei a ver que d\u00e1 para voc\u00ea usar as roupas do dia a dia sem problema. Minhas refer\u00eancias de dist\u00e2ncias tamb\u00e9m mudaram, antes achava imposs\u00edvel fazer 50 km de bicicleta. Ano passado pedalei 200Km em um mesmo dia e este ano pretendo chegar aos 300 km.<\/p>\n<p>&nbsp;<\/p>\n<p><b>Voc\u00ea incentiva outras pessoas a se locomoverem de bike? Por qu\u00ea?<\/b><\/p>\n<p>Incentivo porque acredito que \u00e9 uma maneira de melhorar a nossa sociedade al\u00e9m dos benef\u00edcios para a sa\u00fade e economia do praticante, tem a quest\u00e3o ambiental que beneficia a todos e a bicicleta humaniza mais as nossas cidades. &#8220;Mais amor e menos motor&#8221;.<\/p>\n<p style=\"text-align: center;\"><a href=\"https:\/\/ciclovida.ufpr.br\/wp-content\/uploads\/2013\/04\/pedalada-caioba-1.jpg\"><img loading=\"lazy\" decoding=\"async\" class=\"aligncenter  wp-image-1345\" alt=\"pedalada caioba 1\" src=\"https:\/\/ciclovida.ufpr.br\/wp-content\/uploads\/2013\/04\/pedalada-caioba-1.jpg\" width=\"475\" height=\"356\" srcset=\"https:\/\/ciclovida.ufpr.br\/wp-content\/uploads\/2013\/04\/pedalada-caioba-1.jpg 1632w, https:\/\/ciclovida.ufpr.br\/wp-content\/uploads\/2013\/04\/pedalada-caioba-1-300x225.jpg 300w, https:\/\/ciclovida.ufpr.br\/wp-content\/uploads\/2013\/04\/pedalada-caioba-1-1024x768.jpg 1024w\" sizes=\"auto, (max-width: 475px) 100vw, 475px\" \/><\/a><\/p>\n","protected":false},"excerpt":{"rendered":"<p>Neste m\u00eas, iniciaremos aqui no site do Ciclovida essa nova se\u00e7\u00e3o chamada Vou de Bike! Aqui mostraremos personagens reais que realmente j\u00e1 adquiriram a bicicleta como meio de transporte. Eles [&hellip;]<\/p>\n","protected":false},"author":5,"featured_media":0,"comment_status":"open","ping_status":"open","sticky":false,"template":"","format":"standard","meta":{"_uag_custom_page_level_css":"","ngg_post_thumbnail":0,"footnotes":""},"categories":[1],"tags":[],"class_list":["post-1344","post","type-post","status-publish","format-standard","hentry","category-noticias"],"gutentor_comment":16,"featured_image_src":"","featured_image_src_square":false,"author_info":{"display_name":"paulabianchi","author_link":"https:\/\/ciclovida.ufpr.br\/?author=5"},"rbea_author_info":{"display_name":"paulabianchi","author_link":"https:\/\/ciclovida.ufpr.br\/?author=5"},"rbea_excerpt_info":"Neste m\u00eas, iniciaremos aqui no site do Ciclovida essa nova se\u00e7\u00e3o chamada Vou de Bike! Aqui mostraremos personagens reais que realmente j\u00e1 adquiriram a bicicleta como meio de transporte. Eles [&hellip;]","category_list":"<a href=\"https:\/\/ciclovida.ufpr.br\/?cat=1\" rel=\"category\">Not\u00edcias<\/a>","comments_num":"3 comments","uagb_featured_image_src":{"full":false,"thumbnail":false,"medium":false,"medium_large":false,"large":false,"1536x1536":false,"2048x2048":false,"post-thumbnail":false,"twentytwenty-fullscreen":false},"uagb_author_info":{"display_name":"paulabianchi","author_link":"https:\/\/ciclovida.ufpr.br\/?author=5"},"uagb_comment_info":16,"uagb_excerpt":"Neste m\u00eas, iniciaremos aqui no site do Ciclovida essa nova se\u00e7\u00e3o chamada Vou de Bike! Aqui mostraremos personagens reais que realmente j\u00e1 adquiriram a bicicleta como meio de transporte. Eles [&hellip;]","wps_subtitle":"","_links":{"self":[{"href":"https:\/\/ciclovida.ufpr.br\/index.php?rest_route=\/wp\/v2\/posts\/1344","targetHints":{"allow":["GET"]}}],"collection":[{"href":"https:\/\/ciclovida.ufpr.br\/index.php?rest_route=\/wp\/v2\/posts"}],"about":[{"href":"https:\/\/ciclovida.ufpr.br\/index.php?rest_route=\/wp\/v2\/types\/post"}],"author":[{"embeddable":true,"href":"https:\/\/ciclovida.ufpr.br\/index.php?rest_route=\/wp\/v2\/users\/5"}],"replies":[{"embeddable":true,"href":"https:\/\/ciclovida.ufpr.br\/index.php?rest_route=%2Fwp%2Fv2%2Fcomments&post=1344"}],"version-history":[{"count":1,"href":"https:\/\/ciclovida.ufpr.br\/index.php?rest_route=\/wp\/v2\/posts\/1344\/revisions"}],"predecessor-version":[{"id":1346,"href":"https:\/\/ciclovida.ufpr.br\/index.php?rest_route=\/wp\/v2\/posts\/1344\/revisions\/1346"}],"wp:attachment":[{"href":"https:\/\/ciclovida.ufpr.br\/index.php?rest_route=%2Fwp%2Fv2%2Fmedia&parent=1344"}],"wp:term":[{"taxonomy":"category","embeddable":true,"href":"https:\/\/ciclovida.ufpr.br\/index.php?rest_route=%2Fwp%2Fv2%2Fcategories&post=1344"},{"taxonomy":"post_tag","embeddable":true,"href":"https:\/\/ciclovida.ufpr.br\/index.php?rest_route=%2Fwp%2Fv2%2Ftags&post=1344"}],"curies":[{"name":"wp","href":"https:\/\/api.w.org\/{rel}","templated":true}]}}