{"id":1315,"date":"2013-03-21T16:48:23","date_gmt":"2013-03-21T19:48:23","guid":{"rendered":"https:\/\/ciclovida.ufpr.br\/?p=1315"},"modified":"2013-03-21T16:48:23","modified_gmt":"2013-03-21T19:48:23","slug":"criancas-que-vao-a-escola-de-bike-se-concentram-mais-diz-estudo","status":"publish","type":"post","link":"https:\/\/ciclovida.ufpr.br\/?p=1315","title":{"rendered":"Crian\u00e7as que v\u00e3o \u00e0 escola de bike se concentram mais, diz estudo"},"content":{"rendered":"<p>Por <a href=\"http:\/\/www.rasca.com.br\/noticia\/835\/criancas-que-vao-a-escola-de-bike-se-concentram-mais-diz-estudo\"><strong>Rasca<\/strong><\/a><\/p>\n<p style=\"text-align: center;\"><a href=\"https:\/\/ciclovida.ufpr.br\/?attachment_id=1317\" rel=\"attachment wp-att-1317\"><img loading=\"lazy\" decoding=\"async\" class=\"aligncenter  wp-image-1317\" title=\"bikecrianca19032013150312\" src=\"https:\/\/ciclovida.ufpr.br\/wp-content\/uploads\/2013\/03\/bikecrianca190320131503121.jpg\" alt=\"\" width=\"450\" height=\"338\" srcset=\"https:\/\/ciclovida.ufpr.br\/wp-content\/uploads\/2013\/03\/bikecrianca190320131503121.jpg 500w, https:\/\/ciclovida.ufpr.br\/wp-content\/uploads\/2013\/03\/bikecrianca190320131503121-300x225.jpg 300w\" sizes=\"auto, (max-width: 450px) 100vw, 450px\" \/><\/a><\/p>\n<p style=\"text-align: justify;\">Um estudo dinamarqu\u00eas mostrou que h\u00e1 uma rela\u00e7\u00e3o interessante entre a execu\u00e7\u00e3o de tarefas escolares que exigem concentra\u00e7\u00e3o e o tipo de transporte que leva as crian\u00e7as ao col\u00e9gio. De acordo com a pesquisa, certos deveres eram cumpridos de modo mais satisfat\u00f3rio por crian\u00e7as que pedalavam antes de entrar na aula.<\/p>\n<p>O mesmo ocorre com crian\u00e7as que v\u00e3o a p\u00e9. O estudo exemplificou que a montagem de um quebra-cabe\u00e7a era mais f\u00e1cil para essas crian\u00e7as. O \u201cefeito\u201d da caminhada ou pedalada pode durar at\u00e9 quatro horas ap\u00f3s o exerc\u00edcio f\u00edsico.<\/p>\n<p>A pesquisa \u201cDanish Science Week\u201d \u00e9 da Universidade de Aarhus, na Dinamarca. Um dos autores, Niels Egelund, afirma que o estudo integra um projeto chamado Mass Experiment, que busca avaliar a capacidade de concentra\u00e7\u00e3o a partir de rela\u00e7\u00f5es com dieta e exerc\u00edcio f\u00edsico. Ele se diz surpreso com o fato da segunda op\u00e7\u00e3o ter um efeito maior do que a dieta.<\/p>\n<p>Durante o estudo, foram analisadas aproximadamente 20 mil crian\u00e7as de cinco a 19 anos. Os alunos foram analisados entre os que andavam de bicicleta ou caminhavam em contraposi\u00e7\u00e3o aos que s\u00e3o levados pelos pais de carro ou utilizam transporte p\u00fablico.<\/p>\n<p>Um estudo semelhante, do pesquisador urbanista Donald Appleyard, j\u00e1 havia afirmado que as crian\u00e7as que s\u00f3 saem de carro n\u00e3o t\u00eam conhecimento sobre a localiza\u00e7\u00e3o das regi\u00f5es pr\u00f3ximas ao local em que vivem, al\u00e9m disso, elas desconhecem a maior parte da paisagem ao seu redor.<\/p>\n<p>Seja por seguran\u00e7a ou praticidade, o fato \u00e9 que levar os filhos de carro para todos os lugares cria uma depend\u00eancia ao ve\u00edculo que tende a tornar-se cada vez maior com o passar dos anos.<\/p>\n","protected":false},"excerpt":{"rendered":"<p>Por Rasca Um estudo dinamarqu\u00eas mostrou que h\u00e1 uma rela\u00e7\u00e3o interessante entre a execu\u00e7\u00e3o de tarefas escolares que exigem concentra\u00e7\u00e3o e o tipo de transporte que leva as crian\u00e7as ao [&hellip;]<\/p>\n","protected":false},"author":5,"featured_media":0,"comment_status":"open","ping_status":"open","sticky":false,"template":"","format":"standard","meta":{"_uag_custom_page_level_css":"","ngg_post_thumbnail":0,"footnotes":""},"categories":[1],"tags":[],"class_list":["post-1315","post","type-post","status-publish","format-standard","hentry","category-noticias"],"gutentor_comment":1,"featured_image_src":"","featured_image_src_square":false,"author_info":{"display_name":"paulabianchi","author_link":"https:\/\/ciclovida.ufpr.br\/?author=5"},"rbea_author_info":{"display_name":"paulabianchi","author_link":"https:\/\/ciclovida.ufpr.br\/?author=5"},"rbea_excerpt_info":"Por Rasca Um estudo dinamarqu\u00eas mostrou que h\u00e1 uma rela\u00e7\u00e3o interessante entre a execu\u00e7\u00e3o de tarefas escolares que exigem concentra\u00e7\u00e3o e o tipo de transporte que leva as crian\u00e7as ao [&hellip;]","category_list":"<a href=\"https:\/\/ciclovida.ufpr.br\/?cat=1\" rel=\"category\">Not\u00edcias<\/a>","comments_num":"0 comments","uagb_featured_image_src":{"full":false,"thumbnail":false,"medium":false,"medium_large":false,"large":false,"1536x1536":false,"2048x2048":false,"post-thumbnail":false,"twentytwenty-fullscreen":false},"uagb_author_info":{"display_name":"paulabianchi","author_link":"https:\/\/ciclovida.ufpr.br\/?author=5"},"uagb_comment_info":1,"uagb_excerpt":"Por Rasca Um estudo dinamarqu\u00eas mostrou que h\u00e1 uma rela\u00e7\u00e3o interessante entre a execu\u00e7\u00e3o de tarefas escolares que exigem concentra\u00e7\u00e3o e o tipo de transporte que leva as crian\u00e7as ao [&hellip;]","wps_subtitle":"","_links":{"self":[{"href":"https:\/\/ciclovida.ufpr.br\/index.php?rest_route=\/wp\/v2\/posts\/1315","targetHints":{"allow":["GET"]}}],"collection":[{"href":"https:\/\/ciclovida.ufpr.br\/index.php?rest_route=\/wp\/v2\/posts"}],"about":[{"href":"https:\/\/ciclovida.ufpr.br\/index.php?rest_route=\/wp\/v2\/types\/post"}],"author":[{"embeddable":true,"href":"https:\/\/ciclovida.ufpr.br\/index.php?rest_route=\/wp\/v2\/users\/5"}],"replies":[{"embeddable":true,"href":"https:\/\/ciclovida.ufpr.br\/index.php?rest_route=%2Fwp%2Fv2%2Fcomments&post=1315"}],"version-history":[{"count":1,"href":"https:\/\/ciclovida.ufpr.br\/index.php?rest_route=\/wp\/v2\/posts\/1315\/revisions"}],"predecessor-version":[{"id":1318,"href":"https:\/\/ciclovida.ufpr.br\/index.php?rest_route=\/wp\/v2\/posts\/1315\/revisions\/1318"}],"wp:attachment":[{"href":"https:\/\/ciclovida.ufpr.br\/index.php?rest_route=%2Fwp%2Fv2%2Fmedia&parent=1315"}],"wp:term":[{"taxonomy":"category","embeddable":true,"href":"https:\/\/ciclovida.ufpr.br\/index.php?rest_route=%2Fwp%2Fv2%2Fcategories&post=1315"},{"taxonomy":"post_tag","embeddable":true,"href":"https:\/\/ciclovida.ufpr.br\/index.php?rest_route=%2Fwp%2Fv2%2Ftags&post=1315"}],"curies":[{"name":"wp","href":"https:\/\/api.w.org\/{rel}","templated":true}]}}