{"id":1290,"date":"2013-03-10T18:02:21","date_gmt":"2013-03-10T21:02:21","guid":{"rendered":"https:\/\/ciclovida.ufpr.br\/?p=1290"},"modified":"2013-03-10T18:02:21","modified_gmt":"2013-03-10T21:02:21","slug":"federacao-paranaense-de-ciclismo-tem-novo-presidente","status":"publish","type":"post","link":"https:\/\/ciclovida.ufpr.br\/?p=1290","title":{"rendered":"Federa\u00e7\u00e3o Paranaense de Ciclismo tem novo Presidente"},"content":{"rendered":"<p>Por <a href=\"http:\/\/www.fpciclismo.com.br\/?area=ler_noticia&amp;id=978\">FPC<\/a><\/p>\n<p>No dia 02 de mar\u00e7o foi realizado, como rege o estatuto da FPC a Assembl\u00e9ia Geral Eletiva, e a elei\u00e7\u00e3o do conselho fiscal para o quadri\u00eanio 2013\/2016, na sede do Consorcio Unilance em Curitiba.<\/p>\n<p><a href=\"https:\/\/ciclovida.ufpr.br\/?attachment_id=1291\" rel=\"attachment wp-att-1291\"><img loading=\"lazy\" decoding=\"async\" class=\"alignleft size-full wp-image-1291\" title=\"resize_img\" src=\"https:\/\/ciclovida.ufpr.br\/wp-content\/uploads\/2013\/03\/resize_img.jpg\" alt=\"\" width=\"178\" height=\"230\" \/><\/a>Com o intuito que o processo eleitoral transcorresse na maior tranq\u00fcilidade e transpar\u00eancia, o presidente Sidney Marlon de Paula, nomeou uma comiss\u00e3o eleitoral, formada pelos senhores Thiago Antonio Soares Pinto, Marluws S. da Costa e Silva, Di\u00f3genes Justechechen.<\/p>\n<p>Mesmo havendo apenas uma chapa inscrita a comiss\u00e3o eleitoral\u00a0apresentou o processo eleitoral, conforme prescrito no estatuto social da entidade e a rela\u00e7\u00e3o de pesos e votos referente a participa\u00e7\u00e3o nos eventos oficiais conforme artigo 13 do estatuto\u00a0e procedeu a vota\u00e7\u00e3o com os filiados.<\/p>\n<p>Contabilizados 15 votos favor\u00e1veis a Chapa Ciclismo no Estado do Paran\u00e1, composta por,\u00a0Adir Luiz Romeo como Presidente,\u00a0Darlan Fran\u00e7a\u00a0Ciesielski Junior,\u00a01\u00ba Vice presidente\u00a0e Jos\u00e9 Carlos Assun\u00e7\u00e3o Belotto, 2\u00ba Vice presidente.<\/p>\n<p>Na ocasi\u00e3o tamb\u00e9m foi eleito o Conselho Fiscal da FPC que assim ficou definido como membros efetivos, Fabrizio Borlin, Arthur Nauffal de Azevedo e Degiorgio Andrade de Souza e suplentes Edson Cesar Ferreira, Johnny Costa de Lima e Luiz Geraldo do Carmo.<\/p>\n<p>O Presidente Sidney Marlon de Paula, em seu \u00faltimo pronunciamento e falou as dificuldades que teve para administrar ressaltando que n\u00e3o deixa a federa\u00e7\u00e3o e que continuar\u00e1 ajudando a gest\u00e3o que se iniciar\u00e1 hoje.<\/p>\n<p>O presidente eleito\u00a0Adir Luiz Romeo fala da grande import\u00e2ncia em agregar as pessoas para que as coisas aconte\u00e7am, expoe a ideia de cria\u00e7\u00e3o de conselhos e coordena\u00e7\u00f5es para descentralizar e setorizar as a\u00e7\u00f5es, devido \u00e0 complexidade do esporte.<\/p>\n<p>Adir tamb\u00e9m e apresenta seus vice-presidentes, 1\u00ba vice, Sr Darlan Fran\u00e7a Ciesielki Junior, medalhista paraolimpico como t\u00e9cnico e que ter\u00e1 grande trabalho nessa \u00e1rea do ciclismo e 2\u00ba Vice, Sr Jos\u00e9 Carlos Assun\u00e7\u00e3o Belotto que tem um grande trabalho junto aos cicloativista, no estudo e implanta\u00e7\u00e3o da mobilidade urbana.<\/p>\n<p>Em breveentrevista com cada um dos novos diretores do ciclismo paranaense.<\/p>\n<h2><\/h2>\n<div><\/div>\n","protected":false},"excerpt":{"rendered":"<p>Por FPC No dia 02 de mar\u00e7o foi realizado, como rege o estatuto da FPC a Assembl\u00e9ia Geral Eletiva, e a elei\u00e7\u00e3o do conselho fiscal para o quadri\u00eanio 2013\/2016, na [&hellip;]<\/p>\n","protected":false},"author":5,"featured_media":0,"comment_status":"open","ping_status":"open","sticky":false,"template":"","format":"standard","meta":{"_uag_custom_page_level_css":"","ngg_post_thumbnail":0,"footnotes":""},"categories":[1],"tags":[],"class_list":["post-1290","post","type-post","status-publish","format-standard","hentry","category-noticias"],"gutentor_comment":3,"featured_image_src":"","featured_image_src_square":false,"author_info":{"display_name":"paulabianchi","author_link":"https:\/\/ciclovida.ufpr.br\/?author=5"},"rbea_author_info":{"display_name":"paulabianchi","author_link":"https:\/\/ciclovida.ufpr.br\/?author=5"},"rbea_excerpt_info":"Por FPC No dia 02 de mar\u00e7o foi realizado, como rege o estatuto da FPC a Assembl\u00e9ia Geral Eletiva, e a elei\u00e7\u00e3o do conselho fiscal para o quadri\u00eanio 2013\/2016, na [&hellip;]","category_list":"<a href=\"https:\/\/ciclovida.ufpr.br\/?cat=1\" rel=\"category\">Not\u00edcias<\/a>","comments_num":"0 comments","uagb_featured_image_src":{"full":false,"thumbnail":false,"medium":false,"medium_large":false,"large":false,"1536x1536":false,"2048x2048":false,"post-thumbnail":false,"twentytwenty-fullscreen":false},"uagb_author_info":{"display_name":"paulabianchi","author_link":"https:\/\/ciclovida.ufpr.br\/?author=5"},"uagb_comment_info":3,"uagb_excerpt":"Por FPC No dia 02 de mar\u00e7o foi realizado, como rege o estatuto da FPC a Assembl\u00e9ia Geral Eletiva, e a elei\u00e7\u00e3o do conselho fiscal para o quadri\u00eanio 2013\/2016, na [&hellip;]","wps_subtitle":"","_links":{"self":[{"href":"https:\/\/ciclovida.ufpr.br\/index.php?rest_route=\/wp\/v2\/posts\/1290","targetHints":{"allow":["GET"]}}],"collection":[{"href":"https:\/\/ciclovida.ufpr.br\/index.php?rest_route=\/wp\/v2\/posts"}],"about":[{"href":"https:\/\/ciclovida.ufpr.br\/index.php?rest_route=\/wp\/v2\/types\/post"}],"author":[{"embeddable":true,"href":"https:\/\/ciclovida.ufpr.br\/index.php?rest_route=\/wp\/v2\/users\/5"}],"replies":[{"embeddable":true,"href":"https:\/\/ciclovida.ufpr.br\/index.php?rest_route=%2Fwp%2Fv2%2Fcomments&post=1290"}],"version-history":[{"count":1,"href":"https:\/\/ciclovida.ufpr.br\/index.php?rest_route=\/wp\/v2\/posts\/1290\/revisions"}],"predecessor-version":[{"id":1292,"href":"https:\/\/ciclovida.ufpr.br\/index.php?rest_route=\/wp\/v2\/posts\/1290\/revisions\/1292"}],"wp:attachment":[{"href":"https:\/\/ciclovida.ufpr.br\/index.php?rest_route=%2Fwp%2Fv2%2Fmedia&parent=1290"}],"wp:term":[{"taxonomy":"category","embeddable":true,"href":"https:\/\/ciclovida.ufpr.br\/index.php?rest_route=%2Fwp%2Fv2%2Fcategories&post=1290"},{"taxonomy":"post_tag","embeddable":true,"href":"https:\/\/ciclovida.ufpr.br\/index.php?rest_route=%2Fwp%2Fv2%2Ftags&post=1290"}],"curies":[{"name":"wp","href":"https:\/\/api.w.org\/{rel}","templated":true}]}}