{"id":1275,"date":"2013-02-28T09:30:23","date_gmt":"2013-02-28T12:30:23","guid":{"rendered":"https:\/\/ciclovida.ufpr.br\/?p=1275"},"modified":"2013-02-28T09:30:23","modified_gmt":"2013-02-28T12:30:23","slug":"2-forum-mundial-da-bicicleta","status":"publish","type":"post","link":"https:\/\/ciclovida.ufpr.br\/?p=1275","title":{"rendered":"2\u00b0 F\u00f3rum Mundial da Bicicleta"},"content":{"rendered":"<p>O evento contou com a participa\u00e7\u00e3o do Programa Ciclovida. Esse que apresentou uma oficina sobre o Desafio Intermodal.<\/p>\n<p>&nbsp;<\/p>\n<p style=\"text-align: justify;\">\u201cA Assembleia do 2\u00b0 F\u00f3rum Mundial da Bicicleta, reunida no dia 24 de fevereiro de<br \/>\n2013, ap\u00f3s dias de discuss\u00e3o e debates sobre as altera\u00e7\u00f5es da cidade para o uso da<br \/>\nbicicleta e sobre o lema Pedalar para Transformar, reafirma que:<\/p>\n<p style=\"text-align: justify;\">Somos a favor de cidades pensadas para as pessoas, onde haja a valoriza\u00e7\u00e3o<br \/>\ndos espa\u00e7os verdes e de lazer, e n\u00e3o a redu\u00e7\u00e3o deles. Somos a favor da amplia\u00e7\u00e3o dos<br \/>\nespa\u00e7os p\u00fablicos, seja de lazer ou de circula\u00e7\u00e3o de pedestres, pois \u00e9 neles que a vida<br \/>\nda cidade acontece.<\/p>\n<p style=\"text-align: justify;\">Somos a favor da mobilidade urbana, de transportes inteligentes e eficientes.<br \/>\nAcreditamos que os problemas do tr\u00e2nsito se resolvem com investimento e valoriza\u00e7\u00e3o<br \/>\ndo transporte coletivo p\u00fablico e de qualidade, dos pedestres e das bicicletas, que<br \/>\nprecisam ter a prefer\u00eancia sobre o fluxo de autom\u00f3veis particulares, desde o<br \/>\nplanejamento das vias at\u00e9 as leis de tr\u00e2nsito.<\/p>\n<p style=\"text-align: justify;\">Somos a favor de cidades mais humanas, onde as pessoas \u2013 sejam crian\u00e7as,<br \/>\nadultos, idosos ou pessoas com defici\u00eancia \u2013 n\u00e3o precisem ter medo das ruas, mas sim<br \/>\nserem parte delas e sentirem-se valorizadas, respeitadas e cuidadas.<\/p>\n<p style=\"text-align: justify;\">Somos a favor das \u00e1rvores, desde aquelas que foram herdadas h\u00e1 d\u00e9cadas e<br \/>\nfazem parte de nossa hist\u00f3ria e do nosso cotidiano, embelezando a cidade, fornecendo<br \/>\nsombra e oxig\u00eanio, amenizando as temperaturas e reduzindo a polui\u00e7\u00e3o atmosf\u00e9rica e<br \/>\nsonora causada pelos autom\u00f3veis, at\u00e9 as novas mudas que est\u00e3o sendo plantadas e<br \/>\nservir\u00e3o para as futuras gera\u00e7\u00f5es.Somos a favor do progresso, mas entendemos que obras focadas na circula\u00e7\u00e3o\u00a0de autom\u00f3veis particulares n\u00e3o o representam, pois s\u00e3o contr\u00e1rias \u00e0 ideia de cidades<br \/>\npara as pessoas, queremos seguir o exemplo das cidades mais progressistas do mundo<br \/>\nque j\u00e1 perceberam que o autom\u00f3vel n\u00e3o \u00e9 solu\u00e7\u00e3o para a mobilidade urbana, e que a<br \/>\ncircula\u00e7\u00e3o dele deve ser restringida e desestimulada.<\/p>\n<p style=\"text-align: justify;\">Somos a favor da perman\u00eancia das comunidades em seu local original.<br \/>\nConsideramos a remo\u00e7\u00e3o de comunidades para a periferia da cidade um atentado aos<br \/>\ndireitos humanos e uma invers\u00e3o de valores, onde o lucro de algumas corpora\u00e7\u00f5es se<br \/>\nsobrep\u00f5e aos direitos fundamentais dos seres humanos, e o fluxo de autom\u00f3veis vale<br \/>\nmais do que a vida em comunidade.<\/p>\n<p style=\"text-align: justify;\">Somos a favor da democracia direta, participativa, do di\u00e1logo e da plena<br \/>\ntranspar\u00eancia.<\/p>\n<p style=\"text-align: justify;\">Lembrando que as cidades s\u00e3o constru\u00eddas pelas pessoas que nelas habitam e<br \/>\ns\u00e3o o reflexo de suas a\u00e7\u00f5es e h\u00e1bitos, queremos convidar todas e todos a pedalar para<br \/>\ntransformar.<\/p>\n<p style=\"text-align: right;\">Assembleia do 2\u00ba F\u00f3rum Mundial da Bicicleta.<br \/>\nPorto Alegre, 24 de fevereiro de 2013.\u201d<\/p>\n<p style=\"text-align: right;\">\n","protected":false},"excerpt":{"rendered":"<p>O evento contou com a participa\u00e7\u00e3o do Programa Ciclovida. Esse que apresentou uma oficina sobre o Desafio Intermodal. &nbsp; \u201cA Assembleia do 2\u00b0 F\u00f3rum Mundial da Bicicleta, reunida no dia [&hellip;]<\/p>\n","protected":false},"author":5,"featured_media":0,"comment_status":"open","ping_status":"open","sticky":false,"template":"","format":"standard","meta":{"_uag_custom_page_level_css":"","ngg_post_thumbnail":0,"footnotes":""},"categories":[1],"tags":[],"class_list":["post-1275","post","type-post","status-publish","format-standard","hentry","category-noticias"],"gutentor_comment":1,"featured_image_src":"","featured_image_src_square":false,"author_info":{"display_name":"paulabianchi","author_link":"https:\/\/ciclovida.ufpr.br\/?author=5"},"rbea_author_info":{"display_name":"paulabianchi","author_link":"https:\/\/ciclovida.ufpr.br\/?author=5"},"rbea_excerpt_info":"O evento contou com a participa\u00e7\u00e3o do Programa Ciclovida. Esse que apresentou uma oficina sobre o Desafio Intermodal. &nbsp; \u201cA Assembleia do 2\u00b0 F\u00f3rum Mundial da Bicicleta, reunida no dia [&hellip;]","category_list":"<a href=\"https:\/\/ciclovida.ufpr.br\/?cat=1\" rel=\"category\">Not\u00edcias<\/a>","comments_num":"0 comments","uagb_featured_image_src":{"full":false,"thumbnail":false,"medium":false,"medium_large":false,"large":false,"1536x1536":false,"2048x2048":false,"post-thumbnail":false,"twentytwenty-fullscreen":false},"uagb_author_info":{"display_name":"paulabianchi","author_link":"https:\/\/ciclovida.ufpr.br\/?author=5"},"uagb_comment_info":1,"uagb_excerpt":"O evento contou com a participa\u00e7\u00e3o do Programa Ciclovida. Esse que apresentou uma oficina sobre o Desafio Intermodal. &nbsp; \u201cA Assembleia do 2\u00b0 F\u00f3rum Mundial da Bicicleta, reunida no dia [&hellip;]","wps_subtitle":"","_links":{"self":[{"href":"https:\/\/ciclovida.ufpr.br\/index.php?rest_route=\/wp\/v2\/posts\/1275","targetHints":{"allow":["GET"]}}],"collection":[{"href":"https:\/\/ciclovida.ufpr.br\/index.php?rest_route=\/wp\/v2\/posts"}],"about":[{"href":"https:\/\/ciclovida.ufpr.br\/index.php?rest_route=\/wp\/v2\/types\/post"}],"author":[{"embeddable":true,"href":"https:\/\/ciclovida.ufpr.br\/index.php?rest_route=\/wp\/v2\/users\/5"}],"replies":[{"embeddable":true,"href":"https:\/\/ciclovida.ufpr.br\/index.php?rest_route=%2Fwp%2Fv2%2Fcomments&post=1275"}],"version-history":[{"count":4,"href":"https:\/\/ciclovida.ufpr.br\/index.php?rest_route=\/wp\/v2\/posts\/1275\/revisions"}],"predecessor-version":[{"id":1279,"href":"https:\/\/ciclovida.ufpr.br\/index.php?rest_route=\/wp\/v2\/posts\/1275\/revisions\/1279"}],"wp:attachment":[{"href":"https:\/\/ciclovida.ufpr.br\/index.php?rest_route=%2Fwp%2Fv2%2Fmedia&parent=1275"}],"wp:term":[{"taxonomy":"category","embeddable":true,"href":"https:\/\/ciclovida.ufpr.br\/index.php?rest_route=%2Fwp%2Fv2%2Fcategories&post=1275"},{"taxonomy":"post_tag","embeddable":true,"href":"https:\/\/ciclovida.ufpr.br\/index.php?rest_route=%2Fwp%2Fv2%2Ftags&post=1275"}],"curies":[{"name":"wp","href":"https:\/\/api.w.org\/{rel}","templated":true}]}}