{"id":1261,"date":"2013-02-06T10:03:28","date_gmt":"2013-02-06T13:03:28","guid":{"rendered":"https:\/\/ciclovida.ufpr.br\/?p=1261"},"modified":"2013-02-06T10:03:28","modified_gmt":"2013-02-06T13:03:28","slug":"frente-parlamentar-da-mobilidade","status":"publish","type":"post","link":"https:\/\/ciclovida.ufpr.br\/?p=1261","title":{"rendered":"Frente parlamentar da mobilidade"},"content":{"rendered":"<p>Publicado em <a href=\"http:\/\/www.bemparana.com.br\/politicaemdebate\/index.php\/2013\/01\/29\/frente-parlamentar-da-mobilidade\/\"><strong>Bem Paran\u00e1<\/strong><\/a><\/p>\n<p>&nbsp;<\/p>\n<p>O vereador Bruno Pessuti (PSC) pretende criar a Frente Parlamentar Municipal<br \/>\nda Mobilidade Urbana Sustent\u00e1vel em Curitiba. O requerimento com a<br \/>\nproposta foi encaminhado \u00e0 presid\u00eancia da C\u00e2mara Municipal, nesta<br \/>\nter\u00e7a-feira (29), ap\u00f3s reuni\u00e3o com cicloativistas, realizada na tarde de<br \/>\nsegunda-feira (28). O encontro contou com a presen\u00e7a do vereador, Jonny Stica\u00a0 (PT), que tamb\u00e9m far\u00e1 parte da Frente.<\/p>\n<p>De acordo com o vereador, o objetivo ser\u00e1 acompanhar e\u00a0 criar pol\u00edticas p\u00fablicas sobre o tema.\u00a0 Entre os temas que far\u00e3o parte das discuss\u00f5es da Frente na C\u00e2mara\u00a0 Municipal de Curitiba est\u00e3o acessibilidade, cal\u00e7adas, sinaliza\u00e7\u00e3o, p\u00f3los\u00a0 geradores de tr\u00e2nsito, programas de incentivo \u00e0 carona solid\u00e1ria e<br \/>\ncampanhas educativas.<\/p>\n<p>O coordenador do Programa Ciclovida da Universidade Federal do Paran\u00e1<br \/>\n(UFPR), Jos\u00e9 Carlos Belotto, adiantou que o grupo pretende trazer para a<br \/>\nFrente Municipal debates sobre o Plano Municipal de Apoio \u00e0 Bicicleta.<br \/>\nOutra proposta que est\u00e1 j\u00e1 sendo discutida com a administra\u00e7\u00e3o<br \/>\nmunicipal \u00e9 a cria\u00e7\u00e3o de um departamento de apoio \u00e0 mobilidade n\u00e3o<br \/>\nmotorizada.<\/p>\n","protected":false},"excerpt":{"rendered":"<p>Publicado em Bem Paran\u00e1 &nbsp; O vereador Bruno Pessuti (PSC) pretende criar a Frente Parlamentar Municipal da Mobilidade Urbana Sustent\u00e1vel em Curitiba. O requerimento com a proposta foi encaminhado \u00e0 [&hellip;]<\/p>\n","protected":false},"author":5,"featured_media":0,"comment_status":"open","ping_status":"open","sticky":false,"template":"","format":"standard","meta":{"_uag_custom_page_level_css":"","ngg_post_thumbnail":0,"footnotes":""},"categories":[1],"tags":[],"class_list":["post-1261","post","type-post","status-publish","format-standard","hentry","category-noticias"],"gutentor_comment":0,"featured_image_src":"","featured_image_src_square":false,"author_info":{"display_name":"paulabianchi","author_link":"https:\/\/ciclovida.ufpr.br\/?author=5"},"rbea_author_info":{"display_name":"paulabianchi","author_link":"https:\/\/ciclovida.ufpr.br\/?author=5"},"rbea_excerpt_info":"Publicado em Bem Paran\u00e1 &nbsp; O vereador Bruno Pessuti (PSC) pretende criar a Frente Parlamentar Municipal da Mobilidade Urbana Sustent\u00e1vel em Curitiba. O requerimento com a proposta foi encaminhado \u00e0 [&hellip;]","category_list":"<a href=\"https:\/\/ciclovida.ufpr.br\/?cat=1\" rel=\"category\">Not\u00edcias<\/a>","comments_num":"0 comments","uagb_featured_image_src":{"full":false,"thumbnail":false,"medium":false,"medium_large":false,"large":false,"1536x1536":false,"2048x2048":false,"post-thumbnail":false,"twentytwenty-fullscreen":false},"uagb_author_info":{"display_name":"paulabianchi","author_link":"https:\/\/ciclovida.ufpr.br\/?author=5"},"uagb_comment_info":0,"uagb_excerpt":"Publicado em Bem Paran\u00e1 &nbsp; O vereador Bruno Pessuti (PSC) pretende criar a Frente Parlamentar Municipal da Mobilidade Urbana Sustent\u00e1vel em Curitiba. O requerimento com a proposta foi encaminhado \u00e0 [&hellip;]","wps_subtitle":"","_links":{"self":[{"href":"https:\/\/ciclovida.ufpr.br\/index.php?rest_route=\/wp\/v2\/posts\/1261","targetHints":{"allow":["GET"]}}],"collection":[{"href":"https:\/\/ciclovida.ufpr.br\/index.php?rest_route=\/wp\/v2\/posts"}],"about":[{"href":"https:\/\/ciclovida.ufpr.br\/index.php?rest_route=\/wp\/v2\/types\/post"}],"author":[{"embeddable":true,"href":"https:\/\/ciclovida.ufpr.br\/index.php?rest_route=\/wp\/v2\/users\/5"}],"replies":[{"embeddable":true,"href":"https:\/\/ciclovida.ufpr.br\/index.php?rest_route=%2Fwp%2Fv2%2Fcomments&post=1261"}],"version-history":[{"count":2,"href":"https:\/\/ciclovida.ufpr.br\/index.php?rest_route=\/wp\/v2\/posts\/1261\/revisions"}],"predecessor-version":[{"id":1263,"href":"https:\/\/ciclovida.ufpr.br\/index.php?rest_route=\/wp\/v2\/posts\/1261\/revisions\/1263"}],"wp:attachment":[{"href":"https:\/\/ciclovida.ufpr.br\/index.php?rest_route=%2Fwp%2Fv2%2Fmedia&parent=1261"}],"wp:term":[{"taxonomy":"category","embeddable":true,"href":"https:\/\/ciclovida.ufpr.br\/index.php?rest_route=%2Fwp%2Fv2%2Fcategories&post=1261"},{"taxonomy":"post_tag","embeddable":true,"href":"https:\/\/ciclovida.ufpr.br\/index.php?rest_route=%2Fwp%2Fv2%2Ftags&post=1261"}],"curies":[{"name":"wp","href":"https:\/\/api.w.org\/{rel}","templated":true}]}}