{"id":1222,"date":"2012-11-20T08:30:32","date_gmt":"2012-11-20T11:30:32","guid":{"rendered":"https:\/\/ciclovida.ufpr.br\/?p=1222"},"modified":"2012-11-20T08:30:32","modified_gmt":"2012-11-20T11:30:32","slug":"programa-toopedalando-e-reconhecido-nacionalmente","status":"publish","type":"post","link":"https:\/\/ciclovida.ufpr.br\/?p=1222","title":{"rendered":"Programa Toopedalando \u00e9 reconhecido nacionalmente"},"content":{"rendered":"<p>Por<a href=\"http:\/\/www.jornaldooeste.com.br\/cidade\/programa-toopedalando-e-reconhecido-nacionalmente-37192\/\"><strong> Jornal do Oeste<\/strong><\/a><\/p>\n<p><a href=\"https:\/\/ciclovida.ufpr.br\/?attachment_id=1223\" rel=\"attachment wp-att-1223\"><img loading=\"lazy\" decoding=\"async\" class=\"aligncenter size-full wp-image-1223\" title=\"toopedalando_1\" src=\"https:\/\/ciclovida.ufpr.br\/wp-content\/uploads\/2012\/11\/toopedalando_1.jpg\" alt=\"\" width=\"620\" height=\"400\" srcset=\"https:\/\/ciclovida.ufpr.br\/wp-content\/uploads\/2012\/11\/toopedalando_1.jpg 620w, https:\/\/ciclovida.ufpr.br\/wp-content\/uploads\/2012\/11\/toopedalando_1-300x193.jpg 300w\" sizes=\"auto, (max-width: 620px) 100vw, 620px\" \/><\/a><\/p>\n<p>O programa TooPedalando, deu a Toledo mais um pr\u00eamio. O munic\u00edpio foi vencedor do VIII Pr\u00eamio Selo Cidade Cidad\u00e3, organizado pela C\u00e2mara dos Deputados. O munic\u00edpio venceu na categoria populacional de 60.001 at\u00e9 499.999 habitantes e grupo tem\u00e1tico A (o transporte e o tr\u00e2nsito no desenvolvimento e na mobilidade urbanos).<\/p>\n<p>O programa Toopedalando j\u00e1 tinha sido selecionado como uma das experi\u00eancias mais exitosas para a Confer\u00eancia Rio Mais 20, tendo sido exposto durante o evento em estande da Frente Nacional dos Prefeitos (FNP). O novo pr\u00eamio, o Selo de Cidade Cidad\u00e3 2012 ser\u00e1 entregue em Bras\u00edlia, no dia 13 de dezembro, quando tamb\u00e9m ser\u00e3o premiados os demais munic\u00edpios nas suas respectivas categorias.<\/p>\n<p>\u201cO Toopedalando \u00e9 um programa que valoriza a utiliza\u00e7\u00e3o da bicicleta como meio de transporte alternativo limpo. \u00c9 um programa inteligente, de baixo custo que traz mais sa\u00fade e mais qualidade de vida aos usu\u00e1rios. A premia\u00e7\u00e3o mostra que Toledo que est\u00e1 no caminho certo ao investir em um programa como este, de baixo custo, que reduz impactos ambientais e que traz mais qualidade de vida e sa\u00fade \u00e0s pessoas\u201d, destacou o prefeito de Toledo, Jos\u00e9 Carlos Schiavinato.<\/p>\n<p>Implantado em 10 de novembro do ano passado, o programa Toopedalando conta com cinco esta\u00e7\u00f5es estrategicamente espalhadas na cidade e 65 bicicletas. Elas s\u00e3o divididas entre as cinco esta\u00e7\u00f5es (nos dois extremos da avenida Parigot de Souza, rodovi\u00e1ria, Parque Ecol\u00f3gico Diva Paim Barth e Pra\u00e7a Willy Barth) e para reposi\u00e7\u00e3o. A utiliza\u00e7\u00e3o \u00e9 gratuita, mas o usu\u00e1rio deve fazer um cadastro pr\u00e9vio. Ele recebe um cart\u00e3o magn\u00e9tico, que permite o desbloqueio da bicicleta em qualquer uma das esta\u00e7\u00f5es.<\/p>\n<p>A aceita\u00e7\u00e3o do programa, segundo o secret\u00e1rio municipal de Seguran\u00e7a e Tr\u00e2nsito, Jo\u00e3o Vianei Cresp\u00e3o, \u00e9 excelente e os atos de vandalismo inicialmente registrados ca\u00edram a praticamente zero. \u201cHoje o programa funciona muito bem, com cidad\u00e3os de bem utilizando um servi\u00e7o gratuito oferecido pela administra\u00e7\u00e3o p\u00fablica \u00e0 popula\u00e7\u00e3o\u201d, comenta.<\/p>\n<p>Al\u00e9m do investimento nas bicicletas e nas esta\u00e7\u00f5es, o munic\u00edpio implantou ciclovias e ciclofaixas, interligando parques e principais ruas centrais. Ao todo s\u00e3o cerca de 30 quil\u00f4metros de ciclovias e ciclofaixas, oferecendo mais seguran\u00e7a \u00e0 popula\u00e7\u00e3o. Quatro das cinco esta\u00e7\u00f5es est\u00e3o interligadas por ciclovias e ciclofaixas e o \u00faltimo trecho, do Parque Ecol\u00f3gico \u00e0 Pra\u00e7a Willy Barth est\u00e1 com o projeto pronto. Tamb\u00e9m est\u00e3o interligados por ciclovias dois dos principais parques de Toledo, o Ecol\u00f3gico com o Parque do Povo.<\/p>\n<p>Em fun\u00e7\u00e3o da cultura e do clima, a maior utiliza\u00e7\u00e3o das bicicletas do Toopedalando tem sido para lazer, principalmente nos finais de semana e ap\u00f3s as 18h.<\/p>\n","protected":false},"excerpt":{"rendered":"<p>Por Jornal do Oeste O programa TooPedalando, deu a Toledo mais um pr\u00eamio. O munic\u00edpio foi vencedor do VIII Pr\u00eamio Selo Cidade Cidad\u00e3, organizado pela C\u00e2mara dos Deputados. O munic\u00edpio [&hellip;]<\/p>\n","protected":false},"author":5,"featured_media":0,"comment_status":"open","ping_status":"open","sticky":false,"template":"","format":"standard","meta":{"_uag_custom_page_level_css":"","ngg_post_thumbnail":0,"footnotes":""},"categories":[1],"tags":[],"class_list":["post-1222","post","type-post","status-publish","format-standard","hentry","category-noticias"],"gutentor_comment":4,"featured_image_src":"","featured_image_src_square":false,"author_info":{"display_name":"paulabianchi","author_link":"https:\/\/ciclovida.ufpr.br\/?author=5"},"rbea_author_info":{"display_name":"paulabianchi","author_link":"https:\/\/ciclovida.ufpr.br\/?author=5"},"rbea_excerpt_info":"Por Jornal do Oeste O programa TooPedalando, deu a Toledo mais um pr\u00eamio. O munic\u00edpio foi vencedor do VIII Pr\u00eamio Selo Cidade Cidad\u00e3, organizado pela C\u00e2mara dos Deputados. O munic\u00edpio [&hellip;]","category_list":"<a href=\"https:\/\/ciclovida.ufpr.br\/?cat=1\" rel=\"category\">Not\u00edcias<\/a>","comments_num":"0 comments","uagb_featured_image_src":{"full":false,"thumbnail":false,"medium":false,"medium_large":false,"large":false,"1536x1536":false,"2048x2048":false,"post-thumbnail":false,"twentytwenty-fullscreen":false},"uagb_author_info":{"display_name":"paulabianchi","author_link":"https:\/\/ciclovida.ufpr.br\/?author=5"},"uagb_comment_info":4,"uagb_excerpt":"Por Jornal do Oeste O programa TooPedalando, deu a Toledo mais um pr\u00eamio. O munic\u00edpio foi vencedor do VIII Pr\u00eamio Selo Cidade Cidad\u00e3, organizado pela C\u00e2mara dos Deputados. O munic\u00edpio [&hellip;]","wps_subtitle":"","_links":{"self":[{"href":"https:\/\/ciclovida.ufpr.br\/index.php?rest_route=\/wp\/v2\/posts\/1222","targetHints":{"allow":["GET"]}}],"collection":[{"href":"https:\/\/ciclovida.ufpr.br\/index.php?rest_route=\/wp\/v2\/posts"}],"about":[{"href":"https:\/\/ciclovida.ufpr.br\/index.php?rest_route=\/wp\/v2\/types\/post"}],"author":[{"embeddable":true,"href":"https:\/\/ciclovida.ufpr.br\/index.php?rest_route=\/wp\/v2\/users\/5"}],"replies":[{"embeddable":true,"href":"https:\/\/ciclovida.ufpr.br\/index.php?rest_route=%2Fwp%2Fv2%2Fcomments&post=1222"}],"version-history":[{"count":1,"href":"https:\/\/ciclovida.ufpr.br\/index.php?rest_route=\/wp\/v2\/posts\/1222\/revisions"}],"predecessor-version":[{"id":1224,"href":"https:\/\/ciclovida.ufpr.br\/index.php?rest_route=\/wp\/v2\/posts\/1222\/revisions\/1224"}],"wp:attachment":[{"href":"https:\/\/ciclovida.ufpr.br\/index.php?rest_route=%2Fwp%2Fv2%2Fmedia&parent=1222"}],"wp:term":[{"taxonomy":"category","embeddable":true,"href":"https:\/\/ciclovida.ufpr.br\/index.php?rest_route=%2Fwp%2Fv2%2Fcategories&post=1222"},{"taxonomy":"post_tag","embeddable":true,"href":"https:\/\/ciclovida.ufpr.br\/index.php?rest_route=%2Fwp%2Fv2%2Ftags&post=1222"}],"curies":[{"name":"wp","href":"https:\/\/api.w.org\/{rel}","templated":true}]}}