{"id":1217,"date":"2012-10-31T19:14:12","date_gmt":"2012-10-31T22:14:12","guid":{"rendered":"https:\/\/ciclovida.ufpr.br\/?p=1217"},"modified":"2012-10-31T19:14:12","modified_gmt":"2012-10-31T22:14:12","slug":"assembleia-legislativa-aprova-lei-que-institui-o-mes-da-bicicleta-no-parana","status":"publish","type":"post","link":"https:\/\/ciclovida.ufpr.br\/?p=1217","title":{"rendered":"Assembleia Legislativa aprova lei que institui o &#8220;M\u00eas da Bicicleta&#8221; no Paran\u00e1"},"content":{"rendered":"<p>Publicado em <a href=\"http:\/\/www.gazetadopovo.com.br\/blog\/irevirdebike\/?id=1313393&amp;tit=assembleia-legislativa-aprova-lei-que-institui-o\"><strong>Ir e Vir de Bike<\/strong><\/a><\/p>\n<p><a href=\"https:\/\/ciclovida.ufpr.br\/?attachment_id=1218\" rel=\"attachment wp-att-1218\"><img loading=\"lazy\" decoding=\"async\" class=\"size-full wp-image-1218 alignleft\" title=\"Alexandre Costa Nascimento\/Ir e Vir de Bike\" src=\"https:\/\/ciclovida.ufpr.br\/wp-content\/uploads\/2012\/10\/370-alepciclo.jpg\" alt=\"Alexandre Costa Nascimento\/Ir e Vir de Bike\" width=\"370\" height=\"495\" srcset=\"https:\/\/ciclovida.ufpr.br\/wp-content\/uploads\/2012\/10\/370-alepciclo.jpg 370w, https:\/\/ciclovida.ufpr.br\/wp-content\/uploads\/2012\/10\/370-alepciclo-224x300.jpg 224w\" sizes=\"auto, (max-width: 370px) 100vw, 370px\" \/><\/a>A\u00a0<strong>Assembleia Legislativa do Paran\u00e1<\/strong>\u00a0aprovou nessa ter\u00e7a-feira (30), em primeira vota\u00e7\u00e3o, o Projeto de Lei\u00a0<a href=\"http:\/\/www.alep.pr.gov.br\/web\/baixarArquivo.php?id=4786&amp;tipo=I\" target=\"_blank\">n\u00ba 316\/12<\/a>\u00a0que institui Setembro como o M\u00eas da Bicicleta no estado.<\/p>\n<p>A iniciativa \u00e9 do deputado\u00a0<strong>Rasca Rodrigues (PV)<\/strong>, membro da<a href=\"http:\/\/www.gazetadopovo.com.br\/blog\/irevirdebike\/?id=1265442&amp;tit=assembleia-legislativa-do-pr-tera-frente-parlamentar-da-mobilidade\" target=\"_blank\">Frente Parlamentar da Mobilidade Urbana Sustent\u00e1vel<\/a>, e prev\u00ea a inclus\u00e3o da data no calend\u00e1rio oficial de eventos do estado.<\/p>\n<p>O objetivo da Lei \u00e9 mobilizar a sociedade, poder p\u00fablico, iniciativa privada, comunidade acad\u00eamica e outros segmentos organizados em a\u00e7\u00f5es e campanhas que esclare\u00e7am e incentivem o uso da bicicleta como meio de transporte eficiente e sustent\u00e1vel.<\/p>\n<p>Com isso, \u00f3rg\u00e3os dos Poderes Executivo, Legislativo, Judici\u00e1rio, rede p\u00fablica de Educa\u00e7\u00e3o Infantil, Ensino Fundamental e M\u00e9dio al\u00e9m de Universidades Estaduais e autarquias ficam encarregados de realizar a\u00e7\u00f5es educativas e est\u00edmulo ao uso desse meio de transporte.<\/p>\n<p>A data\u00a0<a href=\"http:\/\/www.gazetadopovo.com.br\/blog\/irevirdebike\/?id=1293169&amp;tit=setembro-e-o-mes-da-bicicleta-em-curitiba\" target=\"_blank\">j\u00e1 \u00e9 comemorada<\/a>\u00a0desde 2007 em Curitiba, com a realiza\u00e7\u00e3o do festival<strong>ArteBiciMob<\/strong>, que inclui atividades regulares ao longo de todo o m\u00eas como debates, bicicletadas, poesias, festival de cinema, m\u00fasica, exposi\u00e7\u00f5es de artes visuais, oficinas, aulas para ciclistas iniciantes, oficinas de mec\u00e2nica, entre outros.<\/p>\n<p>O cicloativista Jos\u00e9 Carlos Belotto, coordenador do Programa CicloVida da UFPR e um dos propositores da lei, avalia que tanto a lei quanto a cria\u00e7\u00e3o da Frente de Mobilidade Urbana Sustent\u00e1vel representam a possibilidade de dissemina\u00e7\u00e3o da cultura da bicicleta no Paran\u00e1.<\/p>\n<p><strong>Tramita\u00e7\u00e3o<\/strong><\/p>\n<p>O projeto recebeu parecer favor\u00e1vel na Comiss\u00e3o de Constitui\u00e7\u00e3o e Justi\u00e7a (CCJ) da Assembleia Legislativa do Paran\u00e1. A proposta ser\u00e1 votada em segundo turno no Plen\u00e1rio e, se aprovada, segue para san\u00e7\u00e3o do governador Beto Richa (PSDB).<\/p>\n<p><strong>Coment\u00e1rio<\/strong><\/p>\n<p>A cria\u00e7\u00e3o da data por for\u00e7a de lei pode parecer apenas oportunismo pol\u00edtico. Afinal, a data j\u00e1 \u00e9 celebrada sem que uma lei determine que assim seja, certo?<\/p>\n<p>Certo. Um olhar mais anal\u00edtico, por\u00e9m, pode ajudar a perceber nessa iniciativa uma demonstra\u00e7\u00e3o da acumula\u00e7\u00e3o de for\u00e7a pol\u00edtica do movimento cicloativista paranaense.<\/p>\n<p>Todas as sociedades que experimentaram uma transforma\u00e7\u00e3o urban\u00edstica em favor das bicicletas passaram por um processo comum, que come\u00e7ou com a press\u00e3o dos ciclistas nas ruas e culminou na incorpora\u00e7\u00e3o das demandas pelo poder p\u00fablico.<\/p>\n<p>A eventual aprova\u00e7\u00e3o do projeto e oficializa\u00e7\u00e3o do M\u00eas da Bicicleta no Paran\u00e1 tem car\u00e1ter meramente simb\u00f3lico. Mas revela sua import\u00e2ncia ao levar a voz das ruas e das Bicicletadas ao parlamento estadual.<\/p>\n<p>Em uma democracia representativa, \u00e9 leg\u00edtimo que grupos de press\u00e3o utilizem os canais institucionais para promover os avan\u00e7os que defendem.<\/p>\n<p>\u00c9 pedalando, ocupando as ruas, pautando o debate p\u00fablico e a agenda pol\u00edtica que vamos conquistando as transforma\u00e7\u00f5es que sonhamos para as nossas cidades, estado e pa\u00eds.<\/p>\n<p>&nbsp;<\/p>\n","protected":false},"excerpt":{"rendered":"<p>Publicado em Ir e Vir de Bike A\u00a0Assembleia Legislativa do Paran\u00e1\u00a0aprovou nessa ter\u00e7a-feira (30), em primeira vota\u00e7\u00e3o, o Projeto de Lei\u00a0n\u00ba 316\/12\u00a0que institui Setembro como o M\u00eas da Bicicleta no [&hellip;]<\/p>\n","protected":false},"author":5,"featured_media":0,"comment_status":"open","ping_status":"open","sticky":false,"template":"","format":"standard","meta":{"_uag_custom_page_level_css":"","ngg_post_thumbnail":0,"footnotes":""},"categories":[1],"tags":[],"class_list":["post-1217","post","type-post","status-publish","format-standard","hentry","category-noticias"],"gutentor_comment":1,"featured_image_src":"","featured_image_src_square":false,"author_info":{"display_name":"paulabianchi","author_link":"https:\/\/ciclovida.ufpr.br\/?author=5"},"rbea_author_info":{"display_name":"paulabianchi","author_link":"https:\/\/ciclovida.ufpr.br\/?author=5"},"rbea_excerpt_info":"Publicado em Ir e Vir de Bike A\u00a0Assembleia Legislativa do Paran\u00e1\u00a0aprovou nessa ter\u00e7a-feira (30), em primeira vota\u00e7\u00e3o, o Projeto de Lei\u00a0n\u00ba 316\/12\u00a0que institui Setembro como o M\u00eas da Bicicleta no [&hellip;]","category_list":"<a href=\"https:\/\/ciclovida.ufpr.br\/?cat=1\" rel=\"category\">Not\u00edcias<\/a>","comments_num":"0 comments","uagb_featured_image_src":{"full":false,"thumbnail":false,"medium":false,"medium_large":false,"large":false,"1536x1536":false,"2048x2048":false,"post-thumbnail":false,"twentytwenty-fullscreen":false},"uagb_author_info":{"display_name":"paulabianchi","author_link":"https:\/\/ciclovida.ufpr.br\/?author=5"},"uagb_comment_info":1,"uagb_excerpt":"Publicado em Ir e Vir de Bike A\u00a0Assembleia Legislativa do Paran\u00e1\u00a0aprovou nessa ter\u00e7a-feira (30), em primeira vota\u00e7\u00e3o, o Projeto de Lei\u00a0n\u00ba 316\/12\u00a0que institui Setembro como o M\u00eas da Bicicleta no [&hellip;]","wps_subtitle":"","_links":{"self":[{"href":"https:\/\/ciclovida.ufpr.br\/index.php?rest_route=\/wp\/v2\/posts\/1217","targetHints":{"allow":["GET"]}}],"collection":[{"href":"https:\/\/ciclovida.ufpr.br\/index.php?rest_route=\/wp\/v2\/posts"}],"about":[{"href":"https:\/\/ciclovida.ufpr.br\/index.php?rest_route=\/wp\/v2\/types\/post"}],"author":[{"embeddable":true,"href":"https:\/\/ciclovida.ufpr.br\/index.php?rest_route=\/wp\/v2\/users\/5"}],"replies":[{"embeddable":true,"href":"https:\/\/ciclovida.ufpr.br\/index.php?rest_route=%2Fwp%2Fv2%2Fcomments&post=1217"}],"version-history":[{"count":2,"href":"https:\/\/ciclovida.ufpr.br\/index.php?rest_route=\/wp\/v2\/posts\/1217\/revisions"}],"predecessor-version":[{"id":1220,"href":"https:\/\/ciclovida.ufpr.br\/index.php?rest_route=\/wp\/v2\/posts\/1217\/revisions\/1220"}],"wp:attachment":[{"href":"https:\/\/ciclovida.ufpr.br\/index.php?rest_route=%2Fwp%2Fv2%2Fmedia&parent=1217"}],"wp:term":[{"taxonomy":"category","embeddable":true,"href":"https:\/\/ciclovida.ufpr.br\/index.php?rest_route=%2Fwp%2Fv2%2Fcategories&post=1217"},{"taxonomy":"post_tag","embeddable":true,"href":"https:\/\/ciclovida.ufpr.br\/index.php?rest_route=%2Fwp%2Fv2%2Ftags&post=1217"}],"curies":[{"name":"wp","href":"https:\/\/api.w.org\/{rel}","templated":true}]}}