{"id":1193,"date":"2012-10-22T09:11:05","date_gmt":"2012-10-22T12:11:05","guid":{"rendered":"https:\/\/ciclovida.ufpr.br\/?p=1193"},"modified":"2012-12-10T12:12:08","modified_gmt":"2012-12-10T15:12:08","slug":"pesquisa-realizda-pela-cicloiguacu-mostra-os-habitos-e-carcateristicas-de-quem-usa-a-bicicleta","status":"publish","type":"post","link":"https:\/\/ciclovida.ufpr.br\/?p=1193","title":{"rendered":"Pesquisa realizada pela CicloIgua\u00e7u mostra os h\u00e1bitos e carcater\u00edsticas de quem usa a bicicleta"},"content":{"rendered":"<p><strong><a href=\"https:\/\/ciclovida.ufpr.br\/?attachment_id=1194\" rel=\"attachment wp-att-1194\">Relat\u00f3rio da Pesquisa<\/a>\u00a0(esse link abrir\u00e1 uma nova p\u00e1gina com mais um link, clique nele para acessar o relat\u00f3rio!)<\/strong><\/p>\n<p style=\"text-align: center;\"><a href=\"https:\/\/ciclovida.ufpr.br\/?attachment_id=1205\" rel=\"attachment wp-att-1205\"><img loading=\"lazy\" decoding=\"async\" class=\" wp-image-1205  aligncenter\" title=\"178977_378017215579927_259795336_n\" src=\"https:\/\/ciclovida.ufpr.br\/wp-content\/uploads\/2012\/10\/178977_378017215579927_259795336_n.jpg\" alt=\"\" width=\"344\" height=\"518\" srcset=\"https:\/\/ciclovida.ufpr.br\/wp-content\/uploads\/2012\/10\/178977_378017215579927_259795336_n.jpg 638w, https:\/\/ciclovida.ufpr.br\/wp-content\/uploads\/2012\/10\/178977_378017215579927_259795336_n-199x300.jpg 199w\" sizes=\"auto, (max-width: 344px) 100vw, 344px\" \/><\/a><\/p>\n<p style=\"text-align: center;\">Foto: Danilo Herek<\/p>\n<p>&nbsp;<\/p>\n","protected":false},"excerpt":{"rendered":"<p>Relat\u00f3rio da Pesquisa\u00a0(esse link abrir\u00e1 uma nova p\u00e1gina com mais um link, clique nele para acessar o relat\u00f3rio!) Foto: Danilo Herek &nbsp;<\/p>\n","protected":false},"author":5,"featured_media":0,"comment_status":"open","ping_status":"open","sticky":false,"template":"","format":"standard","meta":{"_uag_custom_page_level_css":"","ngg_post_thumbnail":0,"footnotes":""},"categories":[5],"tags":[],"class_list":["post-1193","post","type-post","status-publish","format-standard","hentry","category-biblioteca"],"gutentor_comment":0,"featured_image_src":"","featured_image_src_square":false,"author_info":{"display_name":"paulabianchi","author_link":"https:\/\/ciclovida.ufpr.br\/?author=5"},"rbea_author_info":{"display_name":"paulabianchi","author_link":"https:\/\/ciclovida.ufpr.br\/?author=5"},"rbea_excerpt_info":"Relat\u00f3rio da Pesquisa\u00a0(esse link abrir\u00e1 uma nova p\u00e1gina com mais um link, clique nele para acessar o relat\u00f3rio!) Foto: Danilo Herek &nbsp;","category_list":"<a href=\"https:\/\/ciclovida.ufpr.br\/?cat=5\" rel=\"category\">Biblioteca<\/a>","comments_num":"0 comments","uagb_featured_image_src":{"full":false,"thumbnail":false,"medium":false,"medium_large":false,"large":false,"1536x1536":false,"2048x2048":false,"post-thumbnail":false,"twentytwenty-fullscreen":false},"uagb_author_info":{"display_name":"paulabianchi","author_link":"https:\/\/ciclovida.ufpr.br\/?author=5"},"uagb_comment_info":0,"uagb_excerpt":"Relat\u00f3rio da Pesquisa\u00a0(esse link abrir\u00e1 uma nova p\u00e1gina com mais um link, clique nele para acessar o relat\u00f3rio!) Foto: Danilo Herek &nbsp;","wps_subtitle":"","_links":{"self":[{"href":"https:\/\/ciclovida.ufpr.br\/index.php?rest_route=\/wp\/v2\/posts\/1193","targetHints":{"allow":["GET"]}}],"collection":[{"href":"https:\/\/ciclovida.ufpr.br\/index.php?rest_route=\/wp\/v2\/posts"}],"about":[{"href":"https:\/\/ciclovida.ufpr.br\/index.php?rest_route=\/wp\/v2\/types\/post"}],"author":[{"embeddable":true,"href":"https:\/\/ciclovida.ufpr.br\/index.php?rest_route=\/wp\/v2\/users\/5"}],"replies":[{"embeddable":true,"href":"https:\/\/ciclovida.ufpr.br\/index.php?rest_route=%2Fwp%2Fv2%2Fcomments&post=1193"}],"version-history":[{"count":11,"href":"https:\/\/ciclovida.ufpr.br\/index.php?rest_route=\/wp\/v2\/posts\/1193\/revisions"}],"predecessor-version":[{"id":1240,"href":"https:\/\/ciclovida.ufpr.br\/index.php?rest_route=\/wp\/v2\/posts\/1193\/revisions\/1240"}],"wp:attachment":[{"href":"https:\/\/ciclovida.ufpr.br\/index.php?rest_route=%2Fwp%2Fv2%2Fmedia&parent=1193"}],"wp:term":[{"taxonomy":"category","embeddable":true,"href":"https:\/\/ciclovida.ufpr.br\/index.php?rest_route=%2Fwp%2Fv2%2Fcategories&post=1193"},{"taxonomy":"post_tag","embeddable":true,"href":"https:\/\/ciclovida.ufpr.br\/index.php?rest_route=%2Fwp%2Fv2%2Ftags&post=1193"}],"curies":[{"name":"wp","href":"https:\/\/api.w.org\/{rel}","templated":true}]}}