{"id":1182,"date":"2012-10-09T17:10:20","date_gmt":"2012-10-09T20:10:20","guid":{"rendered":"https:\/\/ciclovida.ufpr.br\/?p=1182"},"modified":"2012-10-09T17:10:20","modified_gmt":"2012-10-09T20:10:20","slug":"convite-2","status":"publish","type":"post","link":"https:\/\/ciclovida.ufpr.br\/?p=1182","title":{"rendered":"CONVITE"},"content":{"rendered":"<div>Gostaria de convidar a todos do Ciclovida, para estas palestras que estamos organizando com visitantes do Equador.<\/div>\n<div><\/div>\n<div>18 de outubro de 2012<\/div>\n<div>9:00 \u2013 Centro Polit\u00e9cnico \u2013\u00a0sala de videoconferencia do CESEC<\/div>\n<div><\/div>\n<div>Profa. Maria do Carmo y Marciano Sehn<\/div>\n<div>Las Investigaciones sobre urbanismo e sostenibilidad<\/div>\n<div><\/div>\n<div>Edificios y ciudades sustentables \u2013<\/div>\n<div>Prof. Dr. Alo\u00edsio Leoni Schmid y<br \/>\nProf. Dr. Sergio Fernando Tavares (Arquiteto)<\/p>\n<\/div>\n<div>Sostenibilidad y Gesti\u00f3n urbana en la Grande Curitiba<br \/>\nProfa. Dra. Cristina de Ara\u00fajo Lima (Arquitecta urbanista)El futuro en las grandes ciudades: Proyecto social \u201cA carona solidaria\u201d<br \/>\nProf. Dr. Ricardo Mendes Junior (Ingeniero civil)<\/p>\n<\/div>\n<div><\/div>\n<div><br clear=\"all\" \/><\/p>\n<div>\n<div>Prof Dr Ricardo Mendes Jr<\/div>\n<p><a href=\"http:\/\/www.twitter.com\/ricardomendesjr\" target=\"_blank\">twitter.com\/ricardomendesjr<\/a><\/div>\n<div><a href=\"http:\/\/www.linkedin.com\/in\/ricardomendesjr\" target=\"_blank\">http:\/\/www.linkedin.com\/in\/<wbr>ricardomendesjr<\/wbr><\/a><\/div>\n<div><a href=\"http:\/\/pt.wikipedia.org\/wiki\/Usu%C3%A1rio(a):RicardoMendesJr\" target=\"_blank\">http:\/\/pt.wikipedia.org\/wiki\/<wbr>Usu\u00e1rio(a):RicardoMendesJr<\/wbr><\/a><\/p>\n<div>Grupo de Tecnologia de Informa\u00e7\u00e3o e Comunica\u00e7\u00e3o na Constru\u00e7\u00e3o Civil, GRUPOTIC<br \/>\n<a href=\"http:\/\/www.twitter.com\/grupotic\" target=\"_blank\">twitter.com\/grupotic<\/a><\/div>\n<div>Departamento de Engenharia de Produ\u00e7\u00e3o<br \/>\nUniversidade Federal do Paran\u00e1<br \/>\nTel\/Fax\u00a0<a href=\"tel:41-3361-3448\" target=\"_blank\">41-3361-3448<\/a><\/p>\n<div>\n<div id=\":ui\" data-tooltip=\"Mostrar conte\u00fado cortado\"><img decoding=\"async\" src=\"https:\/\/mail.google.com\/mail\/u\/0\/images\/cleardot.gif\" alt=\"\" \/><\/div>\n<\/div>\n<\/div>\n<\/div>\n<\/div>\n","protected":false},"excerpt":{"rendered":"<p>Gostaria de convidar a todos do Ciclovida, para estas palestras que estamos organizando com visitantes do Equador. 18 de outubro de 2012 9:00 \u2013 Centro Polit\u00e9cnico \u2013\u00a0sala de videoconferencia do [&hellip;]<\/p>\n","protected":false},"author":5,"featured_media":0,"comment_status":"open","ping_status":"open","sticky":false,"template":"","format":"standard","meta":{"_uag_custom_page_level_css":"","ngg_post_thumbnail":0,"footnotes":""},"categories":[1],"tags":[],"class_list":["post-1182","post","type-post","status-publish","format-standard","hentry","category-noticias"],"gutentor_comment":1,"featured_image_src":"","featured_image_src_square":false,"author_info":{"display_name":"paulabianchi","author_link":"https:\/\/ciclovida.ufpr.br\/?author=5"},"rbea_author_info":{"display_name":"paulabianchi","author_link":"https:\/\/ciclovida.ufpr.br\/?author=5"},"rbea_excerpt_info":"Gostaria de convidar a todos do Ciclovida, para estas palestras que estamos organizando com visitantes do Equador. 18 de outubro de 2012 9:00 \u2013 Centro Polit\u00e9cnico \u2013\u00a0sala de videoconferencia do [&hellip;]","category_list":"<a href=\"https:\/\/ciclovida.ufpr.br\/?cat=1\" rel=\"category\">Not\u00edcias<\/a>","comments_num":"0 comments","uagb_featured_image_src":{"full":false,"thumbnail":false,"medium":false,"medium_large":false,"large":false,"1536x1536":false,"2048x2048":false,"post-thumbnail":false,"twentytwenty-fullscreen":false},"uagb_author_info":{"display_name":"paulabianchi","author_link":"https:\/\/ciclovida.ufpr.br\/?author=5"},"uagb_comment_info":1,"uagb_excerpt":"Gostaria de convidar a todos do Ciclovida, para estas palestras que estamos organizando com visitantes do Equador. 18 de outubro de 2012 9:00 \u2013 Centro Polit\u00e9cnico \u2013\u00a0sala de videoconferencia do [&hellip;]","wps_subtitle":"","_links":{"self":[{"href":"https:\/\/ciclovida.ufpr.br\/index.php?rest_route=\/wp\/v2\/posts\/1182","targetHints":{"allow":["GET"]}}],"collection":[{"href":"https:\/\/ciclovida.ufpr.br\/index.php?rest_route=\/wp\/v2\/posts"}],"about":[{"href":"https:\/\/ciclovida.ufpr.br\/index.php?rest_route=\/wp\/v2\/types\/post"}],"author":[{"embeddable":true,"href":"https:\/\/ciclovida.ufpr.br\/index.php?rest_route=\/wp\/v2\/users\/5"}],"replies":[{"embeddable":true,"href":"https:\/\/ciclovida.ufpr.br\/index.php?rest_route=%2Fwp%2Fv2%2Fcomments&post=1182"}],"version-history":[{"count":3,"href":"https:\/\/ciclovida.ufpr.br\/index.php?rest_route=\/wp\/v2\/posts\/1182\/revisions"}],"predecessor-version":[{"id":1186,"href":"https:\/\/ciclovida.ufpr.br\/index.php?rest_route=\/wp\/v2\/posts\/1182\/revisions\/1186"}],"wp:attachment":[{"href":"https:\/\/ciclovida.ufpr.br\/index.php?rest_route=%2Fwp%2Fv2%2Fmedia&parent=1182"}],"wp:term":[{"taxonomy":"category","embeddable":true,"href":"https:\/\/ciclovida.ufpr.br\/index.php?rest_route=%2Fwp%2Fv2%2Fcategories&post=1182"},{"taxonomy":"post_tag","embeddable":true,"href":"https:\/\/ciclovida.ufpr.br\/index.php?rest_route=%2Fwp%2Fv2%2Ftags&post=1182"}],"curies":[{"name":"wp","href":"https:\/\/api.w.org\/{rel}","templated":true}]}}