{"id":1112,"date":"2012-09-27T13:56:21","date_gmt":"2012-09-27T16:56:21","guid":{"rendered":"https:\/\/ciclovida.ufpr.br\/?p=1112"},"modified":"2012-09-27T13:56:40","modified_gmt":"2012-09-27T16:56:40","slug":"manual-para-pedalar-ao-trabalho","status":"publish","type":"post","link":"https:\/\/ciclovida.ufpr.br\/?p=1112","title":{"rendered":"Manual para Pedalar ao Trabalho"},"content":{"rendered":"<p>Por <a href=\"http:\/\/transporteativo.org.br\/wp\/2012\/09\/24\/manual-pedalar-ao-trabalho\/\"><strong>Transporte Ativo<\/strong><\/a><\/p>\n<p><a href=\"http:\/\/transporteativo.org.br\/wp\/blog\/uploads\/2012\/09\/IMG_3369.jpg\"><img loading=\"lazy\" decoding=\"async\" class=\"alignnone\" src=\"http:\/\/transporteativo.org.br\/wp\/blog\/uploads\/2012\/09\/IMG_3369.jpg\" alt=\"\" width=\"610\" height=\"610\" \/><\/a><\/p>\n<p>Foi ainda em 2008 que, juntamente com o pessoal do Mountain Bike BH, elaboramos o\u00a0<a href=\"http:\/\/blog.ta.org.br\/2008\/09\/29\/de-bicicleta-para-o-trabalho\/\">manual &#8220;De Bicicleta para o Trabalho&#8221;<\/a>. Nele estavam respondidas todas as d\u00favidas que empregados e empregadores sempre quiseram saber sobre como incentivar o uso da bicicleta como ve\u00edculo para os deslocamentos ao trabalho.<\/p>\n<p>Agora, quatro anos depois e tamb\u00e9m logo ap\u00f3s a semana da mobilidade, lan\u00e7amos a vers\u00e3o impressa do manual que contou com o patroc\u00ednio do Banco Ita\u00fa. Foram apenas 500 c\u00f3pias dessa excelente ferramenta de promo\u00e7\u00e3o ao uso da bicicleta que ser\u00e3o &#8220;cirurgicamente&#8221; distribu\u00eddas. Lembrando que temos ainda a\u00a0<a href=\"http:\/\/transporteativo.org.br\/wp\/2009\/09\/23\/pedalear-al-trabajo\/\">vers\u00e3o em espanhol<\/a>, lan\u00e7anda em 2009.<\/p>\n","protected":false},"excerpt":{"rendered":"<p>Por Transporte Ativo Foi ainda em 2008 que, juntamente com o pessoal do Mountain Bike BH, elaboramos o\u00a0manual &#8220;De Bicicleta para o Trabalho&#8221;. Nele estavam respondidas todas as d\u00favidas que [&hellip;]<\/p>\n","protected":false},"author":5,"featured_media":0,"comment_status":"open","ping_status":"open","sticky":false,"template":"","format":"standard","meta":{"_uag_custom_page_level_css":"","ngg_post_thumbnail":0,"footnotes":""},"categories":[5],"tags":[],"class_list":["post-1112","post","type-post","status-publish","format-standard","hentry","category-biblioteca"],"gutentor_comment":1,"featured_image_src":"","featured_image_src_square":false,"author_info":{"display_name":"paulabianchi","author_link":"https:\/\/ciclovida.ufpr.br\/?author=5"},"rbea_author_info":{"display_name":"paulabianchi","author_link":"https:\/\/ciclovida.ufpr.br\/?author=5"},"rbea_excerpt_info":"Por Transporte Ativo Foi ainda em 2008 que, juntamente com o pessoal do Mountain Bike BH, elaboramos o\u00a0manual &#8220;De Bicicleta para o Trabalho&#8221;. Nele estavam respondidas todas as d\u00favidas que [&hellip;]","category_list":"<a href=\"https:\/\/ciclovida.ufpr.br\/?cat=5\" rel=\"category\">Biblioteca<\/a>","comments_num":"0 comments","uagb_featured_image_src":{"full":false,"thumbnail":false,"medium":false,"medium_large":false,"large":false,"1536x1536":false,"2048x2048":false,"post-thumbnail":false,"twentytwenty-fullscreen":false},"uagb_author_info":{"display_name":"paulabianchi","author_link":"https:\/\/ciclovida.ufpr.br\/?author=5"},"uagb_comment_info":1,"uagb_excerpt":"Por Transporte Ativo Foi ainda em 2008 que, juntamente com o pessoal do Mountain Bike BH, elaboramos o\u00a0manual &#8220;De Bicicleta para o Trabalho&#8221;. Nele estavam respondidas todas as d\u00favidas que [&hellip;]","wps_subtitle":"","_links":{"self":[{"href":"https:\/\/ciclovida.ufpr.br\/index.php?rest_route=\/wp\/v2\/posts\/1112","targetHints":{"allow":["GET"]}}],"collection":[{"href":"https:\/\/ciclovida.ufpr.br\/index.php?rest_route=\/wp\/v2\/posts"}],"about":[{"href":"https:\/\/ciclovida.ufpr.br\/index.php?rest_route=\/wp\/v2\/types\/post"}],"author":[{"embeddable":true,"href":"https:\/\/ciclovida.ufpr.br\/index.php?rest_route=\/wp\/v2\/users\/5"}],"replies":[{"embeddable":true,"href":"https:\/\/ciclovida.ufpr.br\/index.php?rest_route=%2Fwp%2Fv2%2Fcomments&post=1112"}],"version-history":[{"count":2,"href":"https:\/\/ciclovida.ufpr.br\/index.php?rest_route=\/wp\/v2\/posts\/1112\/revisions"}],"predecessor-version":[{"id":1114,"href":"https:\/\/ciclovida.ufpr.br\/index.php?rest_route=\/wp\/v2\/posts\/1112\/revisions\/1114"}],"wp:attachment":[{"href":"https:\/\/ciclovida.ufpr.br\/index.php?rest_route=%2Fwp%2Fv2%2Fmedia&parent=1112"}],"wp:term":[{"taxonomy":"category","embeddable":true,"href":"https:\/\/ciclovida.ufpr.br\/index.php?rest_route=%2Fwp%2Fv2%2Fcategories&post=1112"},{"taxonomy":"post_tag","embeddable":true,"href":"https:\/\/ciclovida.ufpr.br\/index.php?rest_route=%2Fwp%2Fv2%2Ftags&post=1112"}],"curies":[{"name":"wp","href":"https:\/\/api.w.org\/{rel}","templated":true}]}}