{"id":1078,"date":"2012-09-19T16:30:26","date_gmt":"2012-09-19T19:30:26","guid":{"rendered":"https:\/\/ciclovida.ufpr.br\/?p=1078"},"modified":"2012-09-20T16:00:41","modified_gmt":"2012-09-20T19:00:41","slug":"exposicao-bicicletas-design-esta-aberta-para-visitacao","status":"publish","type":"post","link":"https:\/\/ciclovida.ufpr.br\/?p=1078","title":{"rendered":"Exposi\u00e7\u00e3o Bicicletas &#038; Design est\u00e1 aberta para visita\u00e7\u00e3o"},"content":{"rendered":"<p style=\"text-align: justify;\" align=\"left\"><em>Nessa semana, durante o m\u00eas da bicicleta, o Programa Ciclovida UFPR, em parceria com a Ciclo Igua\u00e7o e a Bicicletaria Cultural, est\u00e1 promovendo a exposi\u00e7\u00e3o chamada Bicicletas e Design.<\/em><\/p>\n<p style=\"text-align: justify;\" align=\"left\"><a href=\"https:\/\/ciclovida.ufpr.br\/?attachment_id=1091\" rel=\"attachment wp-att-1091\"><img loading=\"lazy\" decoding=\"async\" class=\"alignleft size-full wp-image-1091\" title=\"DSC_0706\" src=\"https:\/\/ciclovida.ufpr.br\/wp-content\/uploads\/2012\/09\/DSC_0706.jpg\" alt=\"\" width=\"640\" height=\"425\" srcset=\"https:\/\/ciclovida.ufpr.br\/wp-content\/uploads\/2012\/09\/DSC_0706.jpg 640w, https:\/\/ciclovida.ufpr.br\/wp-content\/uploads\/2012\/09\/DSC_0706-300x199.jpg 300w\" sizes=\"auto, (max-width: 640px) 100vw, 640px\" \/><\/a><\/p>\n<p style=\"text-align: justify;\" align=\"left\">\n<p style=\"text-align: justify;\" align=\"left\">\n<p style=\"text-align: justify;\" align=\"left\">\n<p style=\"text-align: justify;\" align=\"left\">\n<p style=\"text-align: justify;\" align=\"left\">\n<p style=\"text-align: justify;\" align=\"left\">\n<p style=\"text-align: justify;\" align=\"left\">\n<p style=\"text-align: justify;\" align=\"left\">\n<p style=\"text-align: justify;\" align=\"left\">\n<p style=\"text-align: justify;\" align=\"left\">\n<p style=\"text-align: justify;\" align=\"left\">\n<p style=\"text-align: justify;\" align=\"left\">\n<p style=\"text-align: justify;\" align=\"left\">\n<p style=\"text-align: justify;\" align=\"left\">\n<p style=\"text-align: justify;\" align=\"left\">A inaugura\u00e7\u00e3o aconteceu \u00e0s 19h da \u00faltima segunda feira (17) e contou com a presen\u00e7a do coordenador do Programa Ciclovida Jos\u00e9 Carlos Belotto, a coordenadora do N\u00facleo de Psicologia do Tr\u00e2nsito Professora Iara Thielen, o professor do curso de Design Ken Ono Fonseca e a diretora do Setor de Humanas da UFPR Professora Maria Tarcisa Silva Bega.<\/p>\n<p style=\"text-align: justify;\" align=\"left\">A exposi\u00e7\u00e3o conta com 16 bikes de diversos modelos e idades, e 39 fotografias relacionadas ao uso da bicicleta. As fotos s\u00e3o de autoria dos fot\u00f3grafos: Jaime Vasconcellos, Karla Keiko e Daniel Caron.<\/p>\n<p style=\"text-align: justify;\" align=\"left\">O dono desse acervo de bicicletas \u00e9 o C\u00edcero Baggio Junior, entretanto a exposi\u00e7\u00e3o conta apenas uma amostra de sua cole\u00e7\u00e3o, ele possui 80 bikes. A bicicleta mais antiga que est\u00e1 exposta foi fabricada em 1943.<\/p>\n<p style=\"text-align: justify;\" align=\"left\">Na exposi\u00e7\u00e3o pode-se participar de um simulador online que calcula o dinheiro economizado, as calorias e o tempo gastos, al\u00e9m da diminui\u00e7\u00e3o de poluentes, para quem trocar seu transporte di\u00e1rio por bicicleta.<\/p>\n<p style=\"text-align: justify;\" align=\"left\"><strong>\u00a0<\/strong><\/p>\n<p style=\"text-align: justify;\" align=\"left\"><strong>O colecionador<\/strong><\/p>\n<p style=\"text-align: justify;\" align=\"left\">Baggio come\u00e7ou a se interessar por bicicletas em 1998, quando era cadeirante. Ele conta que come\u00e7ou a andar de bike para recuperar o equil\u00edbrio: \u201cEu estava fazendo fisioterapia, entretanto chegou o per\u00edodo de f\u00e9rias e eu tive que parar, descobri que andar de bicicleta era uma boa maneira de eu continuar me exercitando.\u00a0 Levei muitos tombos, claro, mas me ajudou demais\u201d.<\/p>\n<p style=\"text-align: justify;\" align=\"left\">A cole\u00e7\u00e3o conta com bicicletas que chegam a custar mais do que um carro popular, mas questionado sobre se venderia sua cole\u00e7\u00e3o, Baggio \u00e9 enf\u00e1tico: \u201cN\u00e3o. Elas n\u00e3o tem pre\u00e7o\u201d.<\/p>\n<p style=\"text-align: justify;\" align=\"left\"><strong>Servi\u00e7o<\/strong><\/p>\n<p style=\"text-align: justify;\" align=\"left\">Dias da exposi\u00e7\u00e3o: 17\/set a 21\/set<\/p>\n<p style=\"text-align: justify;\" align=\"left\">Hor\u00e1rio de Funcionamento: 15h30 \u00e0s 20h<\/p>\n<p style=\"text-align: justify;\" align=\"left\">Local: Reitoria \u2013 Pr\u00e9dio D. Pedro I \u2013 Sala Arte &amp; Design\u00a0 &#8211; t\u00e9rreo.<\/p>\n","protected":false},"excerpt":{"rendered":"<p>Nessa semana, durante o m\u00eas da bicicleta, o Programa Ciclovida UFPR, em parceria com a Ciclo Igua\u00e7o e a Bicicletaria Cultural, est\u00e1 promovendo a exposi\u00e7\u00e3o chamada Bicicletas e Design. A [&hellip;]<\/p>\n","protected":false},"author":5,"featured_media":0,"comment_status":"open","ping_status":"open","sticky":false,"template":"","format":"standard","meta":{"_uag_custom_page_level_css":"","ngg_post_thumbnail":0,"footnotes":""},"categories":[1],"tags":[],"class_list":["post-1078","post","type-post","status-publish","format-standard","hentry","category-noticias"],"gutentor_comment":11,"featured_image_src":"","featured_image_src_square":false,"author_info":{"display_name":"paulabianchi","author_link":"https:\/\/ciclovida.ufpr.br\/?author=5"},"rbea_author_info":{"display_name":"paulabianchi","author_link":"https:\/\/ciclovida.ufpr.br\/?author=5"},"rbea_excerpt_info":"Nessa semana, durante o m\u00eas da bicicleta, o Programa Ciclovida UFPR, em parceria com a Ciclo Igua\u00e7o e a Bicicletaria Cultural, est\u00e1 promovendo a exposi\u00e7\u00e3o chamada Bicicletas e Design. A [&hellip;]","category_list":"<a href=\"https:\/\/ciclovida.ufpr.br\/?cat=1\" rel=\"category\">Not\u00edcias<\/a>","comments_num":"0 comments","uagb_featured_image_src":{"full":false,"thumbnail":false,"medium":false,"medium_large":false,"large":false,"1536x1536":false,"2048x2048":false,"post-thumbnail":false,"twentytwenty-fullscreen":false},"uagb_author_info":{"display_name":"paulabianchi","author_link":"https:\/\/ciclovida.ufpr.br\/?author=5"},"uagb_comment_info":11,"uagb_excerpt":"Nessa semana, durante o m\u00eas da bicicleta, o Programa Ciclovida UFPR, em parceria com a Ciclo Igua\u00e7o e a Bicicletaria Cultural, est\u00e1 promovendo a exposi\u00e7\u00e3o chamada Bicicletas e Design. A [&hellip;]","wps_subtitle":"","_links":{"self":[{"href":"https:\/\/ciclovida.ufpr.br\/index.php?rest_route=\/wp\/v2\/posts\/1078","targetHints":{"allow":["GET"]}}],"collection":[{"href":"https:\/\/ciclovida.ufpr.br\/index.php?rest_route=\/wp\/v2\/posts"}],"about":[{"href":"https:\/\/ciclovida.ufpr.br\/index.php?rest_route=\/wp\/v2\/types\/post"}],"author":[{"embeddable":true,"href":"https:\/\/ciclovida.ufpr.br\/index.php?rest_route=\/wp\/v2\/users\/5"}],"replies":[{"embeddable":true,"href":"https:\/\/ciclovida.ufpr.br\/index.php?rest_route=%2Fwp%2Fv2%2Fcomments&post=1078"}],"version-history":[{"count":9,"href":"https:\/\/ciclovida.ufpr.br\/index.php?rest_route=\/wp\/v2\/posts\/1078\/revisions"}],"predecessor-version":[{"id":1090,"href":"https:\/\/ciclovida.ufpr.br\/index.php?rest_route=\/wp\/v2\/posts\/1078\/revisions\/1090"}],"wp:attachment":[{"href":"https:\/\/ciclovida.ufpr.br\/index.php?rest_route=%2Fwp%2Fv2%2Fmedia&parent=1078"}],"wp:term":[{"taxonomy":"category","embeddable":true,"href":"https:\/\/ciclovida.ufpr.br\/index.php?rest_route=%2Fwp%2Fv2%2Fcategories&post=1078"},{"taxonomy":"post_tag","embeddable":true,"href":"https:\/\/ciclovida.ufpr.br\/index.php?rest_route=%2Fwp%2Fv2%2Ftags&post=1078"}],"curies":[{"name":"wp","href":"https:\/\/api.w.org\/{rel}","templated":true}]}}